{"id":1044,"date":"2014-09-05T02:27:55","date_gmt":"2014-09-05T00:27:55","guid":{"rendered":"https:\/\/topette.net\/?p=1044"},"modified":"2023-10-22T17:44:42","modified_gmt":"2023-10-22T15:44:42","slug":"bilan-amerique-du-sud","status":"publish","type":"post","link":"https:\/\/topette.net\/?p=1044","title":{"rendered":"Bilan Am\u00e9rique du Sud"},"content":{"rendered":"\n<p>Pour ceux qui s&#8217;int\u00e9ressent aux chiffres, et pour ceux qui ne s&#8217;y int\u00e9ressent pas&nbsp;mais qui projettent un voyage (et qui vont donc \u00eatre oblig\u00e9s de s&#8217;y int\u00e9resser), voici le bilan chiffr\u00e9 et d\u00e9taill\u00e9 de notre p\u00e9riple \u00e0 travers le continent Sud-Am\u00e9ricain.<\/p>\n\n\n\n<p>Comme tout le monde ne&nbsp;fait pas le m\u00eame itin\u00e9raire, j&#8217;ai volontairement&nbsp;diff\u00e9renci\u00e9 l&#8217;Equateur des \u00eeles Gal\u00e1pagos ainsi que le Chili de l&#8217;\u00eele de P\u00e2ques. En effet les \u00e9carts de co\u00fbt entre ces r\u00e9gions font qu&#8217;une moyenne globale perdait toute pertinence.<\/p>\n\n\n\n<p>L&#8217;\u00eele de P\u00e2ques m&#8217;a pos\u00e9 question. Au final, je l&#8217;ai int\u00e9gr\u00e9e \u00e0 l&#8217;Am\u00e9rique du Sud car c&#8217;est une r\u00e9gion du Chili mais je l&#8217;int\u00e9grerai aussi au bilan Oc\u00e9anie car elle en fait g\u00e9ographiquement partie.<\/p>\n\n\n\n<!--more-->\n\n\n\n<p class=\"has-text-align-center\"><span style=\"text-decoration: underline;\"><strong>Mais pour commencer nos &#8220;top 5&#8221; de l&#8217;Am\u00e9rique du Sud :<\/strong><\/span><\/p>\n\n\n\n<p><\/p>\n\n\n\n<div style=\"padding: 15px 10px 15px 10px; border: 3px solid #A0A0A0; text-align: center; background: #FFD4D4; border-radius: 10px;\">\n<p><strong><span style=\"text-decoration: underline;\">Le Top 5 de Martine <\/span><\/strong><\/p>\n<p style=\"text-align: left;\"><strong>1<sup>er<\/sup><\/strong> : Le Machu Picchu<\/p>\n<p style=\"text-align: left;\"><strong>2<\/strong><sup>\u00e8me<\/sup> : Toute la r\u00e9gion du canyon de Colca<\/p>\n<p style=\"text-align: left;\"><strong>3<sup>\u00e8me<\/sup><\/strong> : Le Salar d&#8217;Uyuni et l&#8217;\u00eele aux cactus<\/p>\n<p style=\"text-align: left;\"><strong>4<sup>\u00e8me<\/sup><\/strong> : Valparaiso<\/p>\n<p style=\"text-align: left;\"><strong>5<sup>\u00e8me<\/sup><\/strong> : Le tango dans le quartier San Telmo \u00e0 Buenos Aires<\/p>\n<p style=\"text-align: justify;\">Evidemment que L&#8217;\u00cele de p\u00e2ques ou Les Gal\u00e1pagos m\u00e9ritaient d&#8217;\u00eatre dans le top 5 mais il est difficile de faire un choix. On a vu de tr\u00e8s beaux sites et de magnifiques paysages mais des moments tr\u00e8s sympas peuvent aussi nous donner des coups de c\u0153ur ! Une discussion avec un quechuan sur un banc \u00e0 Otavalo ou une soir\u00e9e de bavardage avec un couple canadien \u00e0 Iguazu sont autant de moments agr\u00e9ables qui peuvent marquer un voyage au long cours. Il nous reste plein de choses \u00e0 d\u00e9couvrir dans ces r\u00e9gions (la Patagonie, les montagnes de Bolivie et du P\u00e9rou, les volcans&#8230;) mais nous n&#8217;avons pas du tout \u00e9t\u00e9 d\u00e9\u00e7us par nos choix. A aucun moment on a regrett\u00e9 d&#8217;avoir fait des tas de kilom\u00e8tres pour voir des sites qu&#8217;on conna\u00eet tous par la t\u00e9l\u00e9 ou les livres. il va nous en rester des images plein les yeux &#8230;et autant de photos !!!!<\/p>\n<p style=\"text-align: justify;\">Et en plus on a de la chance, le voyage continue&#8230;<\/p>\n<\/div>\n\n\n\n<p><\/p>\n\n\n\n<div style=\"padding: 15px 10px 15px 10px; border: 3px solid #A0A0A0; text-align: center; background: #26C4EC; border-radius: 10px;\">\n<p><strong><span style=\"text-decoration: underline;\">Le Top 5 de Georges <\/span><\/strong><\/p>\n<p style=\"text-align: left;\"><strong>1<sup>er<\/sup><\/strong> : Le Machu Picchu<\/p>\n<p style=\"text-align: left;\"><strong>2<sup>\u00e8me<\/sup><\/strong> : L&#8217;\u00eele de P\u00e2ques<\/p>\n<p style=\"text-align: left;\"><strong>3<sup>\u00e8me<\/sup><\/strong> : Les \u00eeles Galapagos<\/p>\n<p style=\"text-align: left;\"><strong>4<sup>\u00e8me<\/sup><\/strong> : Le Salar d&#8217;Uyuni et l&#8217;\u00eele aux cactus<\/p>\n<p style=\"text-align: left;\"><strong>5<sup>\u00e8me<\/sup><\/strong> : Valparaiso<\/p>\n<p style=\"text-align: justify;\">Faire un Top 5 c&#8217;est tr\u00e8s dur car \u00e7a veut dire \u00e9liminer des endroits et des moments qui nous ont tout autant plu ! Mais le lever du soleil sur le Machu Picchu est vraiment un moment magique ce qui, pour moi, le place quand m\u00eame en t\u00eate de tous les endroits que nous avons visit\u00e9s. L&#8217;\u00eele de P\u00e2ques est vraiment un endroit \u00e0 part du monde, de part son isolement mais aussi par tous les myst\u00e8res qu&#8217;elle rec\u00e8le encore. De plus ses paysages sauvages sont vraiment superbes ! En troisi\u00e8me j&#8217;ai mis les \u00eeles Gal\u00e1pagos pour la faune qui l&#8217;habite et que l&#8217;on ne trouve nulle part ailleurs (et aussi pour le spectacle des otaries dont je ne me lassais pas !). Bien qu&#8217;Uyuni ne soit pas un bon souvenir, l&#8217;immensit\u00e9 blanche de son Salar entourant la magnifique \u00eele aux cactus sous le soleil restera un moment fort et enfin la douceur de vivre de Valparaiso pourrait presque m&#8217;inciter \u00e0 m&#8217;y installer&#8230;.<\/p>\n<p style=\"text-align: justify;\">Mais on est loin d&#8217;avoir tout vu, et le Top 5 du voyage ne laissera peut-\u00eatre pas beaucoup de place aux gagnants de celui-ci !!!<\/p>\n<\/div>\n\n\n\n<p><\/p>\n\n\n\n<p class=\"has-text-align-center\"><span style=\"text-decoration: underline;\"><strong>Maintenant, Place aux Chiffres :<\/strong><\/span><\/p>\n\n\n\n<p><span style=\"text-decoration: underline;\"><strong>La Dur\u00e9e :<\/strong><\/span><\/p>\n\n\n\n<figure class=\"wp-block-image size-full\"><a href=\"https:\/\/topette.net\/wp-content\/uploads\/2014\/09\/AmSudNbreJours.jpg\"><img loading=\"lazy\" decoding=\"async\" width=\"932\" height=\"454\" src=\"https:\/\/topette.net\/wp-content\/uploads\/2014\/09\/AmSudNbreJours.jpg\" alt=\"\" class=\"wp-image-1045\" srcset=\"https:\/\/topette.net\/wp-content\/uploads\/2014\/09\/AmSudNbreJours.jpg 932w, https:\/\/topette.net\/wp-content\/uploads\/2014\/09\/AmSudNbreJours-300x146.jpg 300w, https:\/\/topette.net\/wp-content\/uploads\/2014\/09\/AmSudNbreJours-624x303.jpg 624w\" sizes=\"auto, (max-width: 709px) 85vw, (max-width: 909px) 67vw, (max-width: 1362px) 62vw, 840px\" \/><\/a><\/figure>\n\n\n\n<p><\/p>\n\n\n\n<p>Nous avons pass\u00e9 en tout\u00a0107 jours sur le continent Sud-Am\u00e9ricain (pour les petits malins qui vont additionner les chiffres du graphique et trouver 106, c&#8217;est normal c&#8217;est l&#8217;histoire des intervalles et des poteaux du cours de CM2 &#8230;).<\/p>\n\n\n\n<p><strong><span style=\"text-decoration: underline;\">Le Logement :<\/span><\/strong><\/p>\n\n\n\n<figure class=\"wp-block-image size-full\"><a href=\"https:\/\/topette.net\/wp-content\/uploads\/2014\/09\/AmSudHeberg.jpg\"><img loading=\"lazy\" decoding=\"async\" width=\"929\" height=\"452\" src=\"https:\/\/topette.net\/wp-content\/uploads\/2014\/09\/AmSudHeberg.jpg\" alt=\"\" class=\"wp-image-1050\" srcset=\"https:\/\/topette.net\/wp-content\/uploads\/2014\/09\/AmSudHeberg.jpg 929w, https:\/\/topette.net\/wp-content\/uploads\/2014\/09\/AmSudHeberg-300x145.jpg 300w, https:\/\/topette.net\/wp-content\/uploads\/2014\/09\/AmSudHeberg-624x303.jpg 624w\" sizes=\"auto, (max-width: 709px) 85vw, (max-width: 909px) 67vw, (max-width: 1362px) 62vw, 840px\" \/><\/a><\/figure>\n\n\n\n<p><\/p>\n\n\n\n<p>Pour l&#8217;h\u00e9bergement nous avons toujours pris une chambre avec salle de bain et wc privatifs et \u00e0 part une exception (au grand \u00e9tonnement de la r\u00e9ception de l&#8217;h\u00f4tel &#8230;)\u00a0nous avons toujours eu de l&#8217;eau chaude.\u00a0Par contre le chauffage n&#8217;\u00e9tait pr\u00e9sent qu&#8217;en Argentine et au Chili. Bon, on est quand m\u00eame loin d&#8217;avoir eu\u00a0des logement \u00e9toil\u00e9s !<\/p>\n\n\n\n<p><strong><span style=\"text-decoration: underline;\">Les Repas :<\/span><\/strong><\/p>\n\n\n\n<figure class=\"wp-block-image size-full\"><a href=\"https:\/\/topette.net\/wp-content\/uploads\/2014\/09\/AmSudNour.jpg\"><img loading=\"lazy\" decoding=\"async\" width=\"926\" height=\"442\" src=\"https:\/\/topette.net\/wp-content\/uploads\/2014\/09\/AmSudNour.jpg\" alt=\"\" class=\"wp-image-1051\" srcset=\"https:\/\/topette.net\/wp-content\/uploads\/2014\/09\/AmSudNour.jpg 926w, https:\/\/topette.net\/wp-content\/uploads\/2014\/09\/AmSudNour-300x143.jpg 300w, https:\/\/topette.net\/wp-content\/uploads\/2014\/09\/AmSudNour-624x297.jpg 624w\" sizes=\"auto, (max-width: 709px) 85vw, (max-width: 909px) 67vw, (max-width: 1362px) 62vw, 840px\" \/><\/a><\/figure>\n\n\n\n<p><\/p>\n\n\n\n<p>Le poste nourriture est souvent la variable d&#8217;ajustement du budget global. Par exemple la nourriture\u00a0\u00e9tant tr\u00e8s ch\u00e8re sur l&#8217;\u00eele de P\u00e2ques, nous ne sommes jamais all\u00e9 au restaurant et nous avions emmen\u00e9 un petit stock (caf\u00e9, pates, riz&#8230;) achet\u00e9 au Chili (du coup \u00e7a fausse un peu les statistiques du Chili d&#8217;autant plus que nous n&#8217;y sommes rest\u00e9s que 8 jours). A l&#8217;arriv\u00e9e l&#8217;ile de P\u00e2ques est l&#8217;endroit o\u00f9 la nourriture est la plus ch\u00e8re que nous ayons visit\u00e9 et pourtant c&#8217;est l\u00e0 que nous avons d\u00e9pens\u00e9 le moins sur ce poste !<\/p>\n\n\n\n<p>En Argentine la viande est excellente alors on se fait plaisir ! Le fait d&#8217;avoir le petit d\u00e9jeuner compris ou non dans le prix de la nuit d&#8217;h\u00f4tel n&#8217;est pas neutre non plus si on ne&nbsp;le fait pas soi-m\u00eame. En fait, nous avons fait restaurant matin, midi et soir en Equateur, Gal\u00e1pagos, P\u00e9rou, Bolivie et environ les deux-tiers de L&#8217;Argentine. Nous avons fait \u00e0 manger nous-m\u00eame un tiers de l&#8217;Argentine, le Chili et l&#8217;\u00eele de P\u00e2ques.<\/p>\n\n\n\n<p><strong><span style=\"text-decoration: underline;\">Les D\u00e9placements :<\/span><\/strong><\/p>\n\n\n\n<figure class=\"wp-block-image size-full\"><a href=\"https:\/\/topette.net\/wp-content\/uploads\/2014\/09\/AmSudTransp.jpg\"><img loading=\"lazy\" decoding=\"async\" width=\"928\" height=\"452\" src=\"https:\/\/topette.net\/wp-content\/uploads\/2014\/09\/AmSudTransp.jpg\" alt=\"\" class=\"wp-image-1052\" srcset=\"https:\/\/topette.net\/wp-content\/uploads\/2014\/09\/AmSudTransp.jpg 928w, https:\/\/topette.net\/wp-content\/uploads\/2014\/09\/AmSudTransp-300x146.jpg 300w, https:\/\/topette.net\/wp-content\/uploads\/2014\/09\/AmSudTransp-624x303.jpg 624w\" sizes=\"auto, (max-width: 709px) 85vw, (max-width: 909px) 67vw, (max-width: 1362px) 62vw, 840px\" \/><\/a><\/figure>\n\n\n\n<p><\/p>\n\n\n\n<p>L&#8217;Argentine est sans conteste le pays ou le poste transport a \u00e9t\u00e9 le plus important, mais c&#8217;est en rapport avec la taille du pays et du nombre de kilom\u00e8tres parcourus en bus (il faut aussi\u00a0prendre en compte le fait que prendre un\u00a0bus de nuit \u00e7a \u00e9conomise sur le poste h\u00e9bergement). La Bolivie est deuxi\u00e8me car nous y avons pris un vol int\u00e9rieur. A l&#8217;\u00eele de P\u00e2ques nous avons lou\u00e9 une voiture et au Chili nous n&#8217;avons fait que deux villes proches l&#8217;une de l&#8217;autre : Valparaiso et Santiago.<\/p>\n\n\n\n<p>&nbsp;<span style=\"text-decoration: underline;\"><strong>Les&nbsp;Visites :<\/strong><\/span><\/p>\n\n\n\n<figure class=\"wp-block-image size-full\"><a href=\"https:\/\/topette.net\/wp-content\/uploads\/2014\/09\/AmSudVisit.jpg\"><img loading=\"lazy\" decoding=\"async\" width=\"917\" height=\"452\" src=\"https:\/\/topette.net\/wp-content\/uploads\/2014\/09\/AmSudVisit.jpg\" alt=\"AmSudVisit\" class=\"wp-image-1053\" srcset=\"https:\/\/topette.net\/wp-content\/uploads\/2014\/09\/AmSudVisit.jpg 917w, https:\/\/topette.net\/wp-content\/uploads\/2014\/09\/AmSudVisit-300x147.jpg 300w, https:\/\/topette.net\/wp-content\/uploads\/2014\/09\/AmSudVisit-624x307.jpg 624w\" sizes=\"auto, (max-width: 709px) 85vw, (max-width: 909px) 67vw, (max-width: 1362px) 62vw, 840px\" \/><\/a><\/figure>\n\n\n\n<p><\/p>\n\n\n\n<p>Sur le poste visite, pas de surprise les points principaux sont le\u00a0Machu Picchu au P\u00e9rou, la sortie \u00e0 Seymour Norte aux Gal\u00e1pagos, le tour\u00a0guid\u00e9 de l&#8217;\u00eele de P\u00e2ques et celui du Salar d&#8217;Uyuni en Bolivie. Nous avons visit\u00e9s les autres pays par nous-m\u00eame le nez au vent !<\/p>\n\n\n\n<p><strong><span style=\"text-decoration: underline;\">Les Inclassables :&nbsp;<\/span><\/strong><\/p>\n\n\n\n<figure class=\"wp-block-image size-full\"><a href=\"https:\/\/topette.net\/wp-content\/uploads\/2014\/09\/AmSudDiv.jpg\"><img loading=\"lazy\" decoding=\"async\" width=\"921\" height=\"452\" src=\"https:\/\/topette.net\/wp-content\/uploads\/2014\/09\/AmSudDiv.jpg\" alt=\"AmSudDiv\" class=\"wp-image-1054\" srcset=\"https:\/\/topette.net\/wp-content\/uploads\/2014\/09\/AmSudDiv.jpg 921w, https:\/\/topette.net\/wp-content\/uploads\/2014\/09\/AmSudDiv-300x147.jpg 300w, https:\/\/topette.net\/wp-content\/uploads\/2014\/09\/AmSudDiv-624x306.jpg 624w\" sizes=\"auto, (max-width: 709px) 85vw, (max-width: 909px) 67vw, (max-width: 1362px) 62vw, 840px\" \/><\/a><\/figure>\n\n\n\n<p><\/p>\n\n\n\n<p>Le poste divers c&#8217;est tout ce qu&#8217;on ne sait pas ou mettre (en fait essentiellement la laverie). Ce poste appelle juste la remarque sur les \u00eeles Gal\u00e1pagos ou j&#8217;ai int\u00e9gr\u00e9 la taxe d&#8217;entr\u00e9e (100$ d&#8217;entr\u00e9e +10$ de carte de transit par personne). La taxe se paie en dollars (US dollars, la monnaie du pays) et UNIQUEMENT en liquide \u00e0 la personne assise \u00e0 c\u00f4t\u00e9 du douanier qui tamponne les passeports \u00e0 la descente de l&#8217;avion. Pas de possibilit\u00e9 d&#8217;aller\u00a0retirer de l&#8217;argent dans l&#8217;a\u00e9roport. En clair pas d&#8217;argent liquide \u00e9gal retour sur le continent !<\/p>\n\n\n\n<p><strong><span style=\"text-decoration: underline;\">La Synth\u00e8se :&nbsp;<\/span><\/strong><\/p>\n\n\n\n<figure class=\"wp-block-image size-full\"><a href=\"https:\/\/topette.net\/wp-content\/uploads\/2014\/09\/AmSudCoutMoyen.jpg\"><img loading=\"lazy\" decoding=\"async\" width=\"928\" height=\"452\" src=\"https:\/\/topette.net\/wp-content\/uploads\/2014\/09\/AmSudCoutMoyen.jpg\" alt=\"\" class=\"wp-image-1043\" srcset=\"https:\/\/topette.net\/wp-content\/uploads\/2014\/09\/AmSudCoutMoyen.jpg 928w, https:\/\/topette.net\/wp-content\/uploads\/2014\/09\/AmSudCoutMoyen-300x146.jpg 300w, https:\/\/topette.net\/wp-content\/uploads\/2014\/09\/AmSudCoutMoyen-624x303.jpg 624w\" sizes=\"auto, (max-width: 709px) 85vw, (max-width: 909px) 67vw, (max-width: 1362px) 62vw, 840px\" \/><\/a><\/figure>\n\n\n\n<p><\/p>\n\n\n\n<p>Sans surprise ce sont les \u00eeles qui ont le co\u00fbt moyen par personne le plus \u00e9lev\u00e9 mais ce sont des lieux mythiques que nous ne regrettons pas d&#8217;\u00eatre all\u00e9 visiter car nous y avons vu des choses magnifiques !<\/p>\n\n\n\n<p><strong><span style=\"text-decoration: underline;\">La Ventilation du Budget Global par Pays :<\/span><\/strong><\/p>\n\n\n\n<figure class=\"wp-block-image size-full\"><a href=\"https:\/\/topette.net\/wp-content\/uploads\/2014\/09\/AmSudR\u00e9part.jpg\"><img loading=\"lazy\" decoding=\"async\" width=\"829\" height=\"658\" src=\"https:\/\/topette.net\/wp-content\/uploads\/2014\/09\/AmSudR\u00e9part.jpg\" alt=\"AmSudR\u00e9part\" class=\"wp-image-1066\" srcset=\"https:\/\/topette.net\/wp-content\/uploads\/2014\/09\/AmSudR\u00e9part.jpg 829w, https:\/\/topette.net\/wp-content\/uploads\/2014\/09\/AmSudR\u00e9part-300x238.jpg 300w, https:\/\/topette.net\/wp-content\/uploads\/2014\/09\/AmSudR\u00e9part-624x495.jpg 624w\" sizes=\"auto, (max-width: 709px) 85vw, (max-width: 909px) 67vw, (max-width: 984px) 61vw, (max-width: 1362px) 45vw, 600px\" \/><\/a><\/figure>\n\n\n\n<p><\/p>\n\n\n\n<p>Soit un Total G\u00e9n\u00e9ral de :<\/p>\n\n\n\n<p><strong>7452,95 \u20ac <\/strong>\u00e0 deux personnes pour&nbsp;107 jours en Am\u00e9rique du Sud <span style=\"text-decoration: underline;\">en comptant l&#8217;\u00eele de P\u00e2ques<\/span>.<\/p>\n\n\n\n<p>Ce qui&nbsp;fait un co\u00fbt moyen de <strong>34,83 \u20ac<\/strong> par jour et par personne (ou <strong>34,55 \u20ac<\/strong> si on fait la moyenne des co\u00fbts moyens par pays).<\/p>\n\n\n\n<p>Ou alors :<\/p>\n\n\n\n<p><strong>6723,00 \u20ac <\/strong>\u00e0 deux personnes pour&nbsp;98 jours en Am\u00e9rique du Sud&nbsp;<span style=\"text-decoration: underline;\">sans compter l&#8217;\u00eele de P\u00e2ques<\/span>.<\/p>\n\n\n\n<p>Ce qui&nbsp;fait un co\u00fbt moyen de <strong>34,30 \u20ac<\/strong> par jour et par personne (ou <strong>33,35 \u20ac<\/strong> si on fait la moyenne des co\u00fbts moyens par pays).<\/p>\n\n\n\n<p>Allez, Topette !<\/p>\n","protected":false},"excerpt":{"rendered":"<p>Pour ceux qui s&#8217;int\u00e9ressent aux chiffres, et pour ceux qui ne s&#8217;y int\u00e9ressent pas&nbsp;mais qui projettent un voyage (et qui vont donc \u00eatre oblig\u00e9s de s&#8217;y int\u00e9resser), voici le bilan chiffr\u00e9 et d\u00e9taill\u00e9 de notre p\u00e9riple \u00e0 travers le continent Sud-Am\u00e9ricain. Comme tout le monde ne&nbsp;fait pas le m\u00eame itin\u00e9raire, j&#8217;ai volontairement&nbsp;diff\u00e9renci\u00e9 l&#8217;Equateur des \u00eeles &hellip; <a href=\"https:\/\/topette.net\/?p=1044\" class=\"more-link\">Continuer la lecture<span class=\"screen-reader-text\"> de &laquo;&nbsp;Bilan Am\u00e9rique du Sud&nbsp;&raquo;<\/span><\/a><\/p>\n","protected":false},"author":2,"featured_media":1057,"comment_status":"open","ping_status":"closed","sticky":false,"template":"","format":"standard","meta":{"_s2mail":"yes","footnotes":""},"categories":[64,82],"tags":[],"class_list":["post-1044","post","type-post","status-publish","format-standard","has-post-thumbnail","hentry","category-bilan-amerique-du-sud","category-tour-du-monde"],"_links":{"self":[{"href":"https:\/\/topette.net\/index.php?rest_route=\/wp\/v2\/posts\/1044","targetHints":{"allow":["GET"]}}],"collection":[{"href":"https:\/\/topette.net\/index.php?rest_route=\/wp\/v2\/posts"}],"about":[{"href":"https:\/\/topette.net\/index.php?rest_route=\/wp\/v2\/types\/post"}],"author":[{"embeddable":true,"href":"https:\/\/topette.net\/index.php?rest_route=\/wp\/v2\/users\/2"}],"replies":[{"embeddable":true,"href":"https:\/\/topette.net\/index.php?rest_route=%2Fwp%2Fv2%2Fcomments&post=1044"}],"version-history":[{"count":0,"href":"https:\/\/topette.net\/index.php?rest_route=\/wp\/v2\/posts\/1044\/revisions"}],"wp:featuredmedia":[{"embeddable":true,"href":"https:\/\/topette.net\/index.php?rest_route=\/wp\/v2\/media\/1057"}],"wp:attachment":[{"href":"https:\/\/topette.net\/index.php?rest_route=%2Fwp%2Fv2%2Fmedia&parent=1044"}],"wp:term":[{"taxonomy":"category","embeddable":true,"href":"https:\/\/topette.net\/index.php?rest_route=%2Fwp%2Fv2%2Fcategories&post=1044"},{"taxonomy":"post_tag","embeddable":true,"href":"https:\/\/topette.net\/index.php?rest_route=%2Fwp%2Fv2%2Ftags&post=1044"}],"curies":[{"name":"wp","href":"https:\/\/api.w.org\/{rel}","templated":true}]}}