{"id":474,"date":"2014-04-06T19:05:25","date_gmt":"2014-04-06T17:05:25","guid":{"rendered":"https:\/\/topette.net\/?p=474"},"modified":"2023-10-23T16:45:55","modified_gmt":"2023-10-23T14:45:55","slug":"chargee-comme-un-baudet","status":"publish","type":"post","link":"https:\/\/topette.net\/?p=474","title":{"rendered":"Charg\u00e9e comme un baudet !"},"content":{"rendered":"\n<p>Ou plut\u00f4t comme un dromadaire avec une \u00e9norme bosse sur le dos !<\/p>\n\n\n\n<figure class=\"wp-block-image size-large\"><a href=\"https:\/\/topette.net\/wp-content\/uploads\/2014\/04\/collage-martine.jpg\"><img loading=\"lazy\" decoding=\"async\" width=\"1024\" height=\"706\" src=\"https:\/\/topette.net\/wp-content\/uploads\/2014\/04\/collage-martine-1024x706.jpg\" alt=\"collage martine\" class=\"wp-image-475\" srcset=\"https:\/\/topette.net\/wp-content\/uploads\/2014\/04\/collage-martine-1024x706.jpg 1024w, https:\/\/topette.net\/wp-content\/uploads\/2014\/04\/collage-martine-300x207.jpg 300w, https:\/\/topette.net\/wp-content\/uploads\/2014\/04\/collage-martine-624x430.jpg 624w, https:\/\/topette.net\/wp-content\/uploads\/2014\/04\/collage-martine.jpg 1200w\" sizes=\"auto, (max-width: 709px) 85vw, (max-width: 909px) 67vw, (max-width: 1362px) 62vw, 840px\" \/><\/a><\/figure>\n\n\n\n<p><\/p>\n\n\n\n<p>Un peu inqui\u00e8te de savoir si vraiment tout allait rentrer dans mon sac \u00e0 dos, j&#8217;ai d\u00e9cid\u00e9 de le remplir pour voir si j&#8217;allais m&#8217;\u00e9crouler sous le poids !<\/p>\n\n\n\n<!--more-->\n\n\n\n<p>Tout ce qui&nbsp;est pr\u00e9vu d&#8217;emporter dans la liste \u00e9crite dans un pr\u00e9c\u00e9dent article tient dans mon sac \u00e0 dos OSPREY Farpoint 55&nbsp;Litres (40 L +15 L pour le petit d\u00e9tachable) .<\/p>\n\n\n\n<p>Sur la photo, le contenu&nbsp;correspondant \u00e0&nbsp;chaque sac est situ\u00e9 devant :<\/p>\n\n\n\n<figure class=\"wp-block-image size-large is-resized\"><a href=\"https:\/\/topette.net\/wp-content\/uploads\/2014\/04\/collage-sac.jpg\"><img loading=\"lazy\" decoding=\"async\" width=\"1013\" height=\"1024\" src=\"https:\/\/topette.net\/wp-content\/uploads\/2014\/04\/collage-sac-1013x1024.jpg\" alt=\"collage sac\" class=\"wp-image-476\" style=\"aspect-ratio:0.9892578125;width:630px;height:auto\" srcset=\"https:\/\/topette.net\/wp-content\/uploads\/2014\/04\/collage-sac-1013x1024.jpg 1013w, https:\/\/topette.net\/wp-content\/uploads\/2014\/04\/collage-sac-297x300.jpg 297w, https:\/\/topette.net\/wp-content\/uploads\/2014\/04\/collage-sac-624x630.jpg 624w, https:\/\/topette.net\/wp-content\/uploads\/2014\/04\/collage-sac.jpg 1188w\" sizes=\"auto, (max-width: 709px) 85vw, (max-width: 909px) 67vw, (max-width: 1362px) 62vw, 840px\" \/><\/a><\/figure>\n\n\n\n<p><\/p>\n\n\n\n<p>On a aussi achet\u00e9 un sac de compression (sur la photo du haut, le sac orange devant les chaussures)\u00a0de 15 litres pour &#8220;aplatir&#8221; quelques v\u00eatements (les polaires et tee shirt). Pas vraiment persuad\u00e9s de son efficacit\u00e9 (ou alors on n&#8217;est pas tr\u00e8s dou\u00e9s !) nous n&#8217;en ach\u00e8terons pas pour le sac \u00e0 dos de Georges, il &#8220;\u00e9crasera&#8221; ses v\u00eatements tout seul !<\/p>\n\n\n\n<p>Et apr\u00e8s tout \u00e7a on a pes\u00e9 (pas la Martine, juste les sacs !). En taille \u00e7a para\u00eet impressionnant (les sacs, pas la Martine !) mais ce n&#8217;est pas si lourd (&#8230;) et de toute fa\u00e7on on ne les portera pas des journ\u00e9es enti\u00e8res.<\/p>\n\n\n\n<p>Le poids total est de 11,2 kg soit 7,9 pour le gros et 3,3 pour le petit.<\/p>\n\n\n\n<p>Georges fera sans doute les m\u00eames essais (la veille du d\u00e9part tel que je le connais !) mais je ne suis pas inqui\u00e8te, il n&#8217;emporte pas plus de choses que moi et son sac est plus grand : 70 Litres au total.<\/p>\n\n\n\n<p>Allez, Topette!<\/p>\n","protected":false},"excerpt":{"rendered":"<p>Ou plut\u00f4t comme un dromadaire avec une \u00e9norme bosse sur le dos ! Un peu inqui\u00e8te de savoir si vraiment tout allait rentrer dans mon sac \u00e0 dos, j&#8217;ai d\u00e9cid\u00e9 de le remplir pour voir si j&#8217;allais m&#8217;\u00e9crouler sous le poids !<\/p>\n","protected":false},"author":2,"featured_media":0,"comment_status":"open","ping_status":"closed","sticky":false,"template":"","format":"standard","meta":{"_s2mail":"yes","footnotes":""},"categories":[46,52,82],"tags":[],"class_list":["post-474","post","type-post","status-publish","format-standard","hentry","category-avant_de_partir","category-paquetage","category-tour-du-monde"],"_links":{"self":[{"href":"https:\/\/topette.net\/index.php?rest_route=\/wp\/v2\/posts\/474","targetHints":{"allow":["GET"]}}],"collection":[{"href":"https:\/\/topette.net\/index.php?rest_route=\/wp\/v2\/posts"}],"about":[{"href":"https:\/\/topette.net\/index.php?rest_route=\/wp\/v2\/types\/post"}],"author":[{"embeddable":true,"href":"https:\/\/topette.net\/index.php?rest_route=\/wp\/v2\/users\/2"}],"replies":[{"embeddable":true,"href":"https:\/\/topette.net\/index.php?rest_route=%2Fwp%2Fv2%2Fcomments&post=474"}],"version-history":[{"count":0,"href":"https:\/\/topette.net\/index.php?rest_route=\/wp\/v2\/posts\/474\/revisions"}],"wp:attachment":[{"href":"https:\/\/topette.net\/index.php?rest_route=%2Fwp%2Fv2%2Fmedia&parent=474"}],"wp:term":[{"taxonomy":"category","embeddable":true,"href":"https:\/\/topette.net\/index.php?rest_route=%2Fwp%2Fv2%2Fcategories&post=474"},{"taxonomy":"post_tag","embeddable":true,"href":"https:\/\/topette.net\/index.php?rest_route=%2Fwp%2Fv2%2Ftags&post=474"}],"curies":[{"name":"wp","href":"https:\/\/api.w.org\/{rel}","templated":true}]}}