{"id":548,"date":"2014-05-13T00:52:07","date_gmt":"2014-05-12T22:52:07","guid":{"rendered":"https:\/\/topette.net\/?p=548"},"modified":"2023-10-23T16:23:27","modified_gmt":"2023-10-23T14:23:27","slug":"548","status":"publish","type":"post","link":"https:\/\/topette.net\/?p=548","title":{"rendered":"C&#8217;est parti mon kiki&#8230; \u00e0 Quito !"},"content":{"rendered":"\n<p>Nous voici bien arriv\u00e9s en Equateur apr\u00e8s 22 h de voyage, d&#8217;Angers \u00e0 l&#8217;h\u00f4tel la Casa Tolena \u00e0 Quito ! Et l&#8217;h\u00f4tel est un peu moins cossu que sur les photos (bon on s&#8217;en doutait !) mais il nous convient tout \u00e0 fait et le personnel est charmant (surtout face \u00e0 l&#8217;incomp\u00e9tence linguistique&nbsp;de la seule hispanisante de la team !&#8230; mais j&#8217;ai 3 mois pour me rattraper !).<\/p>\n\n\n\n<p>Nous avons profit\u00e9 de notre premi\u00e8re matin\u00e9e pour visiter Quito. Nous y sommes all\u00e9s doucement tant les pentes sont rudes (et le poids des ans lourd \u00e0 porter !) et l&#8217;altitude \u00e9lev\u00e9e. En effet Quito se situe \u00e0 2850m, ce qui en fait la seconde capitale la plus \u00e9lev\u00e9e au monde apr\u00e8s La Paz en Bolivie que nous retrouverons plus tard dans notre p\u00e9riple.<\/p>\n\n\n\n<p>Quelques photos sous le soleil de cette paisible capitale.<\/p>\n\n\n\n<figure class=\"wp-block-image size-large\"><a href=\"https:\/\/topette.net\/wp-content\/uploads\/2014\/05\/quito-1.jpg\"><img loading=\"lazy\" decoding=\"async\" width=\"1024\" height=\"1024\" src=\"https:\/\/topette.net\/wp-content\/uploads\/2014\/05\/quito-1-1024x1024.jpg\" alt=\"quito 1\" class=\"wp-image-549\" srcset=\"https:\/\/topette.net\/wp-content\/uploads\/2014\/05\/quito-1-1024x1024.jpg 1024w, https:\/\/topette.net\/wp-content\/uploads\/2014\/05\/quito-1-150x150.jpg 150w, https:\/\/topette.net\/wp-content\/uploads\/2014\/05\/quito-1-300x300.jpg 300w, https:\/\/topette.net\/wp-content\/uploads\/2014\/05\/quito-1-624x624.jpg 624w, https:\/\/topette.net\/wp-content\/uploads\/2014\/05\/quito-1.jpg 1200w\" sizes=\"auto, (max-width: 709px) 85vw, (max-width: 909px) 67vw, (max-width: 1362px) 62vw, 840px\" \/><\/a><\/figure>\n\n\n\n<p><\/p>\n\n\n\n<!--more-->\n\n\n\n<p>Et en plus le pr\u00e9sident de la R\u00e9publique d&#8217;Equateur \u00e9tait de sortie sur son balcon rien que pour nous (ou presque) et nous avons attrap\u00e9s les premiers coups de soleil (d&#8217;une certainement longue s\u00e9rie) au son de la fanfare militaire !<\/p>\n\n\n\n<figure class=\"wp-block-image size-large\"><a href=\"https:\/\/topette.net\/wp-content\/uploads\/2014\/05\/quito-2.jpg\"><img loading=\"lazy\" decoding=\"async\" width=\"1024\" height=\"686\" src=\"https:\/\/topette.net\/wp-content\/uploads\/2014\/05\/quito-2-1024x686.jpg\" alt=\"quito 2\" class=\"wp-image-550\" srcset=\"https:\/\/topette.net\/wp-content\/uploads\/2014\/05\/quito-2-1024x686.jpg 1024w, https:\/\/topette.net\/wp-content\/uploads\/2014\/05\/quito-2-300x201.jpg 300w, https:\/\/topette.net\/wp-content\/uploads\/2014\/05\/quito-2-624x418.jpg 624w, https:\/\/topette.net\/wp-content\/uploads\/2014\/05\/quito-2.jpg 1200w\" sizes=\"auto, (max-width: 709px) 85vw, (max-width: 909px) 67vw, (max-width: 1362px) 62vw, 840px\" \/><\/a><\/figure>\n\n\n\n<p><\/p>\n\n\n\n<p>Merci \u00e0 tous\u00a0de nous avoir souhait\u00e9 bon voyage et\u00a0nous esp\u00e9rons que vous continuerez \u00e0 trouver du plaisir \u00e0 suivre nos modestes aventures sur ce blog dont la fr\u00e9quence de mise \u00e0 jour fluctuera en fonction de la qualit\u00e9 des connexions internet (on pleure d\u00e9j\u00e0 la fibre de Num\u00e9ricable !).<\/p>\n\n\n\n<p>Allez, Topette !<\/p>\n","protected":false},"excerpt":{"rendered":"<p>Nous voici bien arriv\u00e9s en Equateur apr\u00e8s 22 h de voyage, d&#8217;Angers \u00e0 l&#8217;h\u00f4tel la Casa Tolena \u00e0 Quito ! Et l&#8217;h\u00f4tel est un peu moins cossu que sur les photos (bon on s&#8217;en doutait !) mais il nous convient tout \u00e0 fait et le personnel est charmant (surtout face \u00e0 l&#8217;incomp\u00e9tence linguistique&nbsp;de la seule &hellip; <a href=\"https:\/\/topette.net\/?p=548\" class=\"more-link\">Continuer la lecture<span class=\"screen-reader-text\"> de &laquo;&nbsp;C&#8217;est parti mon kiki&#8230; \u00e0 Quito !&nbsp;&raquo;<\/span><\/a><\/p>\n","protected":false},"author":2,"featured_media":0,"comment_status":"open","ping_status":"closed","sticky":false,"template":"","format":"standard","meta":{"_s2mail":"yes","footnotes":""},"categories":[33,82],"tags":[],"class_list":["post-548","post","type-post","status-publish","format-standard","hentry","category-carnet_de_route_equateur","category-tour-du-monde"],"_links":{"self":[{"href":"https:\/\/topette.net\/index.php?rest_route=\/wp\/v2\/posts\/548","targetHints":{"allow":["GET"]}}],"collection":[{"href":"https:\/\/topette.net\/index.php?rest_route=\/wp\/v2\/posts"}],"about":[{"href":"https:\/\/topette.net\/index.php?rest_route=\/wp\/v2\/types\/post"}],"author":[{"embeddable":true,"href":"https:\/\/topette.net\/index.php?rest_route=\/wp\/v2\/users\/2"}],"replies":[{"embeddable":true,"href":"https:\/\/topette.net\/index.php?rest_route=%2Fwp%2Fv2%2Fcomments&post=548"}],"version-history":[{"count":0,"href":"https:\/\/topette.net\/index.php?rest_route=\/wp\/v2\/posts\/548\/revisions"}],"wp:attachment":[{"href":"https:\/\/topette.net\/index.php?rest_route=%2Fwp%2Fv2%2Fmedia&parent=548"}],"wp:term":[{"taxonomy":"category","embeddable":true,"href":"https:\/\/topette.net\/index.php?rest_route=%2Fwp%2Fv2%2Fcategories&post=548"},{"taxonomy":"post_tag","embeddable":true,"href":"https:\/\/topette.net\/index.php?rest_route=%2Fwp%2Fv2%2Ftags&post=548"}],"curies":[{"name":"wp","href":"https:\/\/api.w.org\/{rel}","templated":true}]}}