{"id":630,"date":"2014-06-06T23:05:09","date_gmt":"2014-06-06T21:05:09","guid":{"rendered":"https:\/\/topette.net\/?p=630"},"modified":"2023-10-23T15:21:47","modified_gmt":"2023-10-23T13:21:47","slug":"banos-et-cuenca","status":"publish","type":"post","link":"https:\/\/topette.net\/?p=630","title":{"rendered":"Ba\u00f1os et Cuenca"},"content":{"rendered":"\n<p>Ou par monts et par vaux&#8230; ici on parlera plut\u00f4t de montagnes tant le paysage des Andes est pentu, vallonn\u00e9, volcanique (et des fois en \u00e9ruption !)&#8230; en 1 mot : Magnifique !<\/p>\n\n\n\n<p>Mais peu de photos car il est tr\u00e8s difficile de photographier \u00e0 partir d&#8217;un bus et les images &#8220;\u00e9crasent&#8221; le paysage&#8230; du coup on vous pr\u00e9sente seulement les 2 villes o\u00f9 on s&#8217;est arr\u00eat\u00e9s quelques jours avant de traverser vers le P\u00e9rou dimanche.<\/p>\n\n\n\n<p>Ba\u00f1os, &#8220;bains&#8221; en espagnol,&nbsp;petite ville entour\u00e9e de montagnes et sous le volcan Tungurahua (dont l&#8217;\u00e9ruption avait provoqu\u00e9 l&#8217;\u00e9vacuation des habitants en 1999) est r\u00e9put\u00e9e pour ces thermes<\/p>\n\n\n\n<p>Alors j&#8217;en profite pour faire une sp\u00e9ciale d\u00e9dicace \u00e0 mes copines de gym et d&#8217;aquagym ainsi qu&#8217;aux coatches Simon, Baptiste et Thomas&#8230; et oui, en vacances je fais aussi du sport !<\/p>\n\n\n\n<figure class=\"wp-block-image size-full\"><a href=\"https:\/\/topette.net\/wp-content\/uploads\/2014\/06\/eaux.jpg\"><img loading=\"lazy\" decoding=\"async\" width=\"700\" height=\"525\" src=\"https:\/\/topette.net\/wp-content\/uploads\/2014\/06\/eaux.jpg\" alt=\"eaux\" class=\"wp-image-633\" srcset=\"https:\/\/topette.net\/wp-content\/uploads\/2014\/06\/eaux.jpg 700w, https:\/\/topette.net\/wp-content\/uploads\/2014\/06\/eaux-300x225.jpg 300w, https:\/\/topette.net\/wp-content\/uploads\/2014\/06\/eaux-624x468.jpg 624w\" sizes=\"auto, (max-width: 709px) 85vw, (max-width: 909px) 67vw, (max-width: 984px) 61vw, (max-width: 1362px) 45vw, 600px\" \/><\/a><\/figure>\n\n\n\n<!--more-->\n\n\n\n<figure class=\"wp-block-image size-full\"><a href=\"https:\/\/topette.net\/wp-content\/uploads\/2014\/06\/eaux-2.jpg\"><img loading=\"lazy\" decoding=\"async\" width=\"700\" height=\"933\" src=\"https:\/\/topette.net\/wp-content\/uploads\/2014\/06\/eaux-2.jpg\" alt=\"\" class=\"wp-image-634\" srcset=\"https:\/\/topette.net\/wp-content\/uploads\/2014\/06\/eaux-2.jpg 700w, https:\/\/topette.net\/wp-content\/uploads\/2014\/06\/eaux-2-225x300.jpg 225w, https:\/\/topette.net\/wp-content\/uploads\/2014\/06\/eaux-2-624x831.jpg 624w\" sizes=\"auto, (max-width: 709px) 85vw, (max-width: 909px) 67vw, (max-width: 984px) 61vw, (max-width: 1362px) 45vw, 600px\" \/><\/a><\/figure>\n\n\n\n<p><\/p>\n\n\n\n<p>Bon d&#8217;accord, l&#8217;eau est jaun\u00e2tre (\u00a0je ne voyais pas mes pieds) et \u00e7a manque de chlore ! Mais elle est tr\u00e8s riche en magn\u00e9sium et bicarbonate de fer (ce qui explique la couleur) et surtout elle est \u00e0 &#8230;40\u00b0 ! Elle sort directement du volcan et arrive dans le bassin \u00e0 cette temp\u00e9rature, dans celui d&#8217;\u00e0 c\u00f4t\u00e9 elle est \u00e0 45\u00b0. On a altern\u00e9 : eau tr\u00e8s chaude, douche d&#8217;eau froide, eau un peu moins br\u00fblante&#8230; c&#8217;est bien, \u00e7a raffermit les chairs ! Admirez au passage cette \u00e9l\u00e9gance avec la charlotte sur la t\u00eate&#8230; j&#8217;ai regrett\u00e9 mon bonnet de bain rose&#8230;<\/p>\n\n\n\n<p>On s&#8217;et aussi offert une petite gourmandise avec la sp\u00e9cialit\u00e9 du coin : la melcocha, fabriqu\u00e9e \u00e0 partir de jus de canne, \u00e7a donne des b\u00e2tonnets comme des &#8220;Niniches&#8221; ou des sucres d&#8217;orge.<\/p>\n\n\n\n<figure class=\"wp-block-image size-large\"><a href=\"https:\/\/topette.net\/wp-content\/uploads\/2014\/06\/sucre.jpg\"><img loading=\"lazy\" decoding=\"async\" width=\"1024\" height=\"409\" src=\"https:\/\/topette.net\/wp-content\/uploads\/2014\/06\/sucre-1024x409.jpg\" alt=\"sucre\" class=\"wp-image-635\" srcset=\"https:\/\/topette.net\/wp-content\/uploads\/2014\/06\/sucre-1024x409.jpg 1024w, https:\/\/topette.net\/wp-content\/uploads\/2014\/06\/sucre-300x120.jpg 300w, https:\/\/topette.net\/wp-content\/uploads\/2014\/06\/sucre-624x249.jpg 624w, https:\/\/topette.net\/wp-content\/uploads\/2014\/06\/sucre.jpg 1200w\" sizes=\"auto, (max-width: 709px) 85vw, (max-width: 909px) 67vw, (max-width: 1362px) 62vw, 840px\" \/><\/a><\/figure>\n\n\n\n<p><\/p>\n\n\n\n<p>Nous avons poursuivi notre route en bus jusqu&#8217;\u00e0 la sympathique ville de Cuenca, la 3\u00e8me en terme de taille d&#8217;Equateur, et certainement la plus jolie. Sauf que, pas de chance, les nuages et quelques petites averses ne nous ont pas permis de la voir sous son meilleur jour&#8230;<\/p>\n\n\n\n<figure class=\"wp-block-image size-large\"><a href=\"https:\/\/topette.net\/wp-content\/uploads\/2014\/06\/cathedrale.jpg\"><img loading=\"lazy\" decoding=\"async\" width=\"1024\" height=\"1024\" src=\"https:\/\/topette.net\/wp-content\/uploads\/2014\/06\/cathedrale-1024x1024.jpg\" alt=\"cathedrale\" class=\"wp-image-636\" srcset=\"https:\/\/topette.net\/wp-content\/uploads\/2014\/06\/cathedrale-1024x1024.jpg 1024w, https:\/\/topette.net\/wp-content\/uploads\/2014\/06\/cathedrale-150x150.jpg 150w, https:\/\/topette.net\/wp-content\/uploads\/2014\/06\/cathedrale-300x300.jpg 300w, https:\/\/topette.net\/wp-content\/uploads\/2014\/06\/cathedrale-624x624.jpg 624w, https:\/\/topette.net\/wp-content\/uploads\/2014\/06\/cathedrale.jpg 1200w\" sizes=\"auto, (max-width: 709px) 85vw, (max-width: 909px) 67vw, (max-width: 1362px) 62vw, 840px\" \/><\/a><\/figure>\n\n\n\n<p><\/p>\n\n\n\n<p>La nouvelle cath\u00e9drale qui a \u00e9t\u00e9 termin\u00e9e en 1967 et le principal parc de la ville juste devant&#8230; on est encore tomb\u00e9s sur un d\u00e9fil\u00e9, sans le pr\u00e9sident cette fois-ci, mais je vous \u00e9pargne le visionnage de mon petit film avec la fanfare militaire, on aura d&#8217;autres occasions dans nos prochains pays d&#8217;Am\u00e9rique du Sud&#8230;<\/p>\n\n\n\n<p>Et quand je vous disais que c&#8217;\u00e9tait sportif les vacances&#8230;<\/p>\n\n\n\n<figure class=\"wp-block-image size-full\"><a href=\"https:\/\/topette.net\/wp-content\/uploads\/2014\/06\/marches.jpg\"><img loading=\"lazy\" decoding=\"async\" width=\"525\" height=\"700\" src=\"https:\/\/topette.net\/wp-content\/uploads\/2014\/06\/marches.jpg\" alt=\"marches\" class=\"wp-image-638\" srcset=\"https:\/\/topette.net\/wp-content\/uploads\/2014\/06\/marches.jpg 525w, https:\/\/topette.net\/wp-content\/uploads\/2014\/06\/marches-225x300.jpg 225w\" sizes=\"auto, (max-width: 525px) 85vw, 525px\" \/><\/a><\/figure>\n\n\n\n<p><\/p>\n\n\n\n<figure class=\"wp-block-image size-full\"><a href=\"https:\/\/topette.net\/wp-content\/uploads\/2014\/06\/Fleurs.jpg\"><img loading=\"lazy\" decoding=\"async\" width=\"525\" height=\"700\" src=\"https:\/\/topette.net\/wp-content\/uploads\/2014\/06\/Fleurs.jpg\" alt=\"Fleurs\" class=\"wp-image-637\" srcset=\"https:\/\/topette.net\/wp-content\/uploads\/2014\/06\/Fleurs.jpg 525w, https:\/\/topette.net\/wp-content\/uploads\/2014\/06\/Fleurs-225x300.jpg 225w\" sizes=\"auto, (max-width: 525px) 85vw, 525px\" \/><\/a><\/figure>\n\n\n\n<p><\/p>\n\n\n\n<p>Et pour finir, un peu de couleurs sous un rayon de soleil au march\u00e9 aux fleurs.<\/p>\n\n\n\n<p>Et en route vers d&#8217;autres contr\u00e9es&#8230;<\/p>\n\n\n\n<p>Allez, Topette !<\/p>\n","protected":false},"excerpt":{"rendered":"<p>Ou par monts et par vaux&#8230; ici on parlera plut\u00f4t de montagnes tant le paysage des Andes est pentu, vallonn\u00e9, volcanique (et des fois en \u00e9ruption !)&#8230; en 1 mot : Magnifique ! Mais peu de photos car il est tr\u00e8s difficile de photographier \u00e0 partir d&#8217;un bus et les images &#8220;\u00e9crasent&#8221; le paysage&#8230; du &hellip; <a href=\"https:\/\/topette.net\/?p=630\" class=\"more-link\">Continuer la lecture<span class=\"screen-reader-text\"> de &laquo;&nbsp;Ba\u00f1os et Cuenca&nbsp;&raquo;<\/span><\/a><\/p>\n","protected":false},"author":2,"featured_media":0,"comment_status":"open","ping_status":"closed","sticky":false,"template":"","format":"standard","meta":{"_s2mail":"yes","footnotes":""},"categories":[33,82],"tags":[],"class_list":["post-630","post","type-post","status-publish","format-standard","hentry","category-carnet_de_route_equateur","category-tour-du-monde"],"_links":{"self":[{"href":"https:\/\/topette.net\/index.php?rest_route=\/wp\/v2\/posts\/630","targetHints":{"allow":["GET"]}}],"collection":[{"href":"https:\/\/topette.net\/index.php?rest_route=\/wp\/v2\/posts"}],"about":[{"href":"https:\/\/topette.net\/index.php?rest_route=\/wp\/v2\/types\/post"}],"author":[{"embeddable":true,"href":"https:\/\/topette.net\/index.php?rest_route=\/wp\/v2\/users\/2"}],"replies":[{"embeddable":true,"href":"https:\/\/topette.net\/index.php?rest_route=%2Fwp%2Fv2%2Fcomments&post=630"}],"version-history":[{"count":0,"href":"https:\/\/topette.net\/index.php?rest_route=\/wp\/v2\/posts\/630\/revisions"}],"wp:attachment":[{"href":"https:\/\/topette.net\/index.php?rest_route=%2Fwp%2Fv2%2Fmedia&parent=630"}],"wp:term":[{"taxonomy":"category","embeddable":true,"href":"https:\/\/topette.net\/index.php?rest_route=%2Fwp%2Fv2%2Fcategories&post=630"},{"taxonomy":"post_tag","embeddable":true,"href":"https:\/\/topette.net\/index.php?rest_route=%2Fwp%2Fv2%2Ftags&post=630"}],"curies":[{"name":"wp","href":"https:\/\/api.w.org\/{rel}","templated":true}]}}