{"id":6734,"date":"2023-02-24T23:21:30","date_gmt":"2023-02-24T22:21:30","guid":{"rendered":"https:\/\/topette.net\/?p=6734"},"modified":"2023-02-25T00:38:23","modified_gmt":"2023-02-24T23:38:23","slug":"pura-vida","status":"publish","type":"post","link":"https:\/\/topette.net\/?p=6734","title":{"rendered":"\u00a1 Pura Vida !"},"content":{"rendered":"\n<p>Les&nbsp;Costariciens&nbsp;(surnomm\u00e9s les Ticos) emploient cette expression pour dire bonjour, pour dire au revoir, pour dire que tout est formidable, pour dire que tout est cool\u2026 A force, l&#8217;expression ne veut plus dire grand chose mais se retrouve imprim\u00e9e pratiquement sur tous les objets et v\u00eatements des boutiques de souvenirs. Bienvenue au Costa Rica !<\/p>\n\n\n\n<figure class=\"wp-block-gallery has-nested-images columns-default is-cropped wp-block-gallery-1 is-layout-flex wp-block-gallery-is-layout-flex\">\n<figure class=\"wp-block-image size-full\"><a href=\"https:\/\/topette.net\/wp-content\/uploads\/2023\/02\/1677170832752.jpg\"><img loading=\"lazy\" decoding=\"async\" width=\"701\" height=\"1024\" data-id=\"6753\" src=\"https:\/\/topette.net\/wp-content\/uploads\/2023\/02\/1677170832752.jpg\" alt=\"\" class=\"wp-image-6753\" srcset=\"https:\/\/topette.net\/wp-content\/uploads\/2023\/02\/1677170832752.jpg 701w, https:\/\/topette.net\/wp-content\/uploads\/2023\/02\/1677170832752-205x300.jpg 205w\" sizes=\"auto, (max-width: 709px) 85vw, (max-width: 909px) 67vw, (max-width: 984px) 61vw, (max-width: 1362px) 45vw, 600px\" \/><\/a><\/figure>\n<figcaption class=\"blocks-gallery-caption wp-element-caption\"><em>Pura Vida la devise com<\/em>m<em>erciale du Costa Rica ?<\/em><\/figcaption><\/figure>\n\n\n\n<!--more-->\n\n\n\n<p>R\u00e9capitulons. Nous prenons le bus de 9h00 \u00e0 150 m\u00e8tres de notre h\u00e9bergement de San Juan del Sur, et 1\/2 heure plus tard il nous d\u00e9pose au bord de la route (\u00e0 la Virgen) o\u00f9 bient\u00f4t un autre bus arrive et nous emm\u00e8ne jusqu&#8217;\u00e0 la fronti\u00e8re \u00e0 Pe\u00f1as Blancas. C\u00f4t\u00e9 Nicaragua on paye 1 Usd par personne (taxe municipale) pour entrer dans le b\u00e2timent puis 3 Usd par personne de taxe de sortie du pays. C\u00f4t\u00e9 Costa Rica on a commenc\u00e9 par rater le bureau d&#8217;immigration (on s&#8217;en est rendu compte en attendant le bus), puis on s&#8217;est heurt\u00e9 \u00e0 un agent z\u00e9l\u00e9 qui voulait absolument un billet (avion ou bus) de sortie du pays.<\/p>\n\n\n\n<p>Bien s\u00fbr on n&#8217;en a pas, alors on lui montre le billet d&#8217;avion Panama-Colombie et celui Colombie-France. Comme disait un pr\u00e9sident fran\u00e7ais, \u00e7a lui en touche une sans bouger l&#8217;autre. Du coup on est oblig\u00e9 de faire une r\u00e9servation en ligne d&#8217;un billet d&#8217;avion au d\u00e9part du Costa Rica (14 Usd par personne, paiement en ligne avec la carte bancaire sur le r\u00e9seau wifi local, la s\u00e9curit\u00e9 on oublie). Un jour probablement que les agents seront remplac\u00e9s par une machine avec de l&#8217;intelligence artificielle. M\u00eame artificielle, un peu d&#8217;intelligence \u00e7a nous changera la vie.<\/p>\n\n\n\n<figure class=\"wp-block-gallery has-nested-images columns-default is-cropped wp-block-gallery-2 is-layout-flex wp-block-gallery-is-layout-flex\">\n<figure class=\"wp-block-image size-large\"><a href=\"https:\/\/topette.net\/wp-content\/uploads\/2023\/02\/Capture-decran-2023-02-22-025520.jpg\"><img loading=\"lazy\" decoding=\"async\" width=\"561\" height=\"679\" data-id=\"6745\" src=\"https:\/\/topette.net\/wp-content\/uploads\/2023\/02\/Capture-decran-2023-02-22-025520.jpg\" alt=\"\" class=\"wp-image-6745\" srcset=\"https:\/\/topette.net\/wp-content\/uploads\/2023\/02\/Capture-decran-2023-02-22-025520.jpg 561w, https:\/\/topette.net\/wp-content\/uploads\/2023\/02\/Capture-decran-2023-02-22-025520-248x300.jpg 248w\" sizes=\"auto, (max-width: 561px) 85vw, 561px\" \/><\/a><\/figure>\n<figcaption class=\"blocks-gallery-caption wp-element-caption\"><em>Vraie r\u00e9servation pour faux trajet (de toute fa\u00e7on faire Costa Rica-Panama en passant par l&#8217;Allemagne&#8230;)<\/em><\/figcaption><\/figure>\n\n\n\n<p><\/p>\n\n\n\n<p>Aller, on attrape le bus de  12h00 qui nous d\u00e9pose \u00e0 13h30 \u00e0 Liberia, notre premi\u00e8re ville du Costa Rica. Une petite marche \u00e0 pied nous emm\u00e8ne \u00e0 notre h\u00e9bergement cat\u00e9gorie \u00e0 fuir, il n&#8217;a m\u00eame pas de pomme de douche (froide bien s\u00fbr). \u00a1 Pura Vida ! on vous dit&#8230;<\/p>\n\n\n\n<p>De Liberia on ne retiendra que l&#8217;\u00e9glise de l&#8217;Immacul\u00e9 Conception de Marie (Imculada Conception de Maria), \u00e9glise moderne con\u00e7ue par l&#8217;architecte Luis Guillermo Rojas Ch\u00e1vez en utilisant des structures pr\u00e9fabriqu\u00e9es (consacr\u00e9e en 1972, le clocher a \u00e9t\u00e9 install\u00e9 plus tard). Une \u00e9glise moderne, \u00e7a nous change du baroque colonial !<\/p>\n\n\n\n<figure class=\"wp-block-gallery has-nested-images columns-default is-cropped wp-block-gallery-3 is-layout-flex wp-block-gallery-is-layout-flex\">\n<figure class=\"wp-block-image size-large\"><a href=\"https:\/\/topette.net\/wp-content\/uploads\/2023\/02\/P1180907-rotated.jpg\"><img loading=\"lazy\" decoding=\"async\" width=\"768\" height=\"1024\" data-id=\"6748\" src=\"https:\/\/topette.net\/wp-content\/uploads\/2023\/02\/P1180907-rotated.jpg\" alt=\"\" class=\"wp-image-6748\" srcset=\"https:\/\/topette.net\/wp-content\/uploads\/2023\/02\/P1180907-rotated.jpg 768w, https:\/\/topette.net\/wp-content\/uploads\/2023\/02\/P1180907-225x300.jpg 225w\" sizes=\"auto, (max-width: 709px) 85vw, (max-width: 909px) 67vw, (max-width: 984px) 61vw, (max-width: 1362px) 45vw, 600px\" \/><\/a><\/figure>\n<figcaption class=\"blocks-gallery-caption wp-element-caption\"><em>Lib\u00e9ria, l&#8217;Immacul\u00e9e Conception de Marie.<\/em><br><\/figcaption><\/figure>\n\n\n\n<p>Devant l&#8217;\u00e9glise il y avait bien le parc central, mais il \u00e9tait en travaux. Fuyant Liberia, nous arrivons (non sans mal, on ne peut pas dire que les chauffeurs de bus Costariciens soient tr\u00e8s sympas) apr\u00e8s 5h00 de bus \u00e0 Alajuela, deuxi\u00e8me ville du pays apr\u00e8s la capitale San Jos\u00e9 dont elle est distante de 30 kms.<\/p>\n\n\n\n<p>Nous sommes accueillis par un Toui \u00e0 menton d&#8217;or perch\u00e9 sur un fil \u00e9lectrique, nous faisons un tour au parc central, jetons un \u0153il \u00e0 l\u2019\u00e9glise du Sacr\u00e9 Coeur (Coraz\u00f3n de Jes\u00fas) et nous admirons la Cath\u00e9drale (Cath\u00e9drale de Nuestra Se\u00f1ora del Pilar, construite \u00e0 partir de 1854, consacr\u00e9e en 1863, remodel\u00e9e de mani\u00e8re importante entre 1946 et 1967).<\/p>\n\n\n\n<figure class=\"wp-block-gallery has-nested-images columns-1 is-cropped wp-block-gallery-4 is-layout-flex wp-block-gallery-is-layout-flex\">\n<figure class=\"wp-block-image size-large\"><a href=\"https:\/\/topette.net\/wp-content\/uploads\/2023\/02\/P1180909.jpg\"><img loading=\"lazy\" decoding=\"async\" width=\"1024\" height=\"768\" data-id=\"6749\" src=\"https:\/\/topette.net\/wp-content\/uploads\/2023\/02\/P1180909.jpg\" alt=\"\" class=\"wp-image-6749\" srcset=\"https:\/\/topette.net\/wp-content\/uploads\/2023\/02\/P1180909.jpg 1024w, https:\/\/topette.net\/wp-content\/uploads\/2023\/02\/P1180909-300x225.jpg 300w, https:\/\/topette.net\/wp-content\/uploads\/2023\/02\/P1180909-768x576.jpg 768w\" sizes=\"auto, (max-width: 709px) 85vw, (max-width: 909px) 67vw, (max-width: 1362px) 62vw, 840px\" \/><\/a><\/figure>\n\n\n\n<figure class=\"wp-block-image size-large\"><a href=\"https:\/\/topette.net\/wp-content\/uploads\/2023\/02\/P1180916.jpg\"><img loading=\"lazy\" decoding=\"async\" width=\"1024\" height=\"768\" data-id=\"6752\" src=\"https:\/\/topette.net\/wp-content\/uploads\/2023\/02\/P1180916.jpg\" alt=\"\" class=\"wp-image-6752\" srcset=\"https:\/\/topette.net\/wp-content\/uploads\/2023\/02\/P1180916.jpg 1024w, https:\/\/topette.net\/wp-content\/uploads\/2023\/02\/P1180916-300x225.jpg 300w, https:\/\/topette.net\/wp-content\/uploads\/2023\/02\/P1180916-768x576.jpg 768w\" sizes=\"auto, (max-width: 709px) 85vw, (max-width: 909px) 67vw, (max-width: 1362px) 62vw, 840px\" \/><\/a><\/figure>\n<figcaption class=\"blocks-gallery-caption wp-element-caption\"><em>Alajuela. Toui \u00e0 menton d&#8217;or et parc central.<\/em><\/figcaption><\/figure>\n\n\n\n<p><\/p>\n\n\n\n<figure class=\"wp-block-gallery has-nested-images columns-1 is-cropped wp-block-gallery-5 is-layout-flex wp-block-gallery-is-layout-flex\">\n<figure class=\"wp-block-image size-large\"><a href=\"https:\/\/topette.net\/wp-content\/uploads\/2023\/02\/P1180913-rotated.jpg\"><img loading=\"lazy\" decoding=\"async\" width=\"768\" height=\"1024\" data-id=\"6750\" src=\"https:\/\/topette.net\/wp-content\/uploads\/2023\/02\/P1180913-rotated.jpg\" alt=\"\" class=\"wp-image-6750\" srcset=\"https:\/\/topette.net\/wp-content\/uploads\/2023\/02\/P1180913-rotated.jpg 768w, https:\/\/topette.net\/wp-content\/uploads\/2023\/02\/P1180913-225x300.jpg 225w\" sizes=\"auto, (max-width: 709px) 85vw, (max-width: 909px) 67vw, (max-width: 984px) 61vw, (max-width: 1362px) 45vw, 600px\" \/><\/a><\/figure>\n\n\n\n<figure class=\"wp-block-image size-large\"><a href=\"https:\/\/topette.net\/wp-content\/uploads\/2023\/02\/P1180918.jpg\"><img loading=\"lazy\" decoding=\"async\" width=\"1024\" height=\"768\" data-id=\"6751\" src=\"https:\/\/topette.net\/wp-content\/uploads\/2023\/02\/P1180918.jpg\" alt=\"\" class=\"wp-image-6751\" srcset=\"https:\/\/topette.net\/wp-content\/uploads\/2023\/02\/P1180918.jpg 1024w, https:\/\/topette.net\/wp-content\/uploads\/2023\/02\/P1180918-300x225.jpg 300w, https:\/\/topette.net\/wp-content\/uploads\/2023\/02\/P1180918-768x576.jpg 768w\" sizes=\"auto, (max-width: 709px) 85vw, (max-width: 909px) 67vw, (max-width: 1362px) 62vw, 840px\" \/><\/a><\/figure>\n<figcaption class=\"blocks-gallery-caption wp-element-caption\"><em> Alajuela. L&#8217;\u00e9glise Coraz\u00f3n de Jes\u00fas et Cath\u00e9drale de Nuestra Se\u00f1ora del Pilar.<\/em><\/figcaption><\/figure>\n\n\n\n<p><\/p>\n\n\n\n<p>Le lendemain, une heure de bus nous emm\u00e8ne \u00e0 Sarch\u00ed, petit village situ\u00e9 \u00e0 quelques 30 kms au nord-ouest d\u2019Alajuela avec sa surprenante \u00e9glise couleur pistache et ses anges qui discutent le bout de gras sur la fa\u00e7ade.<\/p>\n\n\n\n<p><\/p>\n\n\n\n<figure class=\"wp-block-gallery has-nested-images columns-1 is-cropped wp-block-gallery-6 is-layout-flex wp-block-gallery-is-layout-flex\">\n<figure class=\"wp-block-image size-large\"><a href=\"https:\/\/topette.net\/wp-content\/uploads\/2023\/02\/P1180926.jpg\"><img loading=\"lazy\" decoding=\"async\" width=\"1024\" height=\"768\" data-id=\"6755\" src=\"https:\/\/topette.net\/wp-content\/uploads\/2023\/02\/P1180926.jpg\" alt=\"\" class=\"wp-image-6755\" srcset=\"https:\/\/topette.net\/wp-content\/uploads\/2023\/02\/P1180926.jpg 1024w, https:\/\/topette.net\/wp-content\/uploads\/2023\/02\/P1180926-300x225.jpg 300w, https:\/\/topette.net\/wp-content\/uploads\/2023\/02\/P1180926-768x576.jpg 768w\" sizes=\"auto, (max-width: 709px) 85vw, (max-width: 909px) 67vw, (max-width: 1362px) 62vw, 840px\" \/><\/a><\/figure>\n\n\n\n<figure class=\"wp-block-image size-large\"><a href=\"https:\/\/topette.net\/wp-content\/uploads\/2023\/02\/P1180927.jpg\"><img loading=\"lazy\" decoding=\"async\" width=\"1024\" height=\"768\" data-id=\"6754\" src=\"https:\/\/topette.net\/wp-content\/uploads\/2023\/02\/P1180927.jpg\" alt=\"\" class=\"wp-image-6754\" srcset=\"https:\/\/topette.net\/wp-content\/uploads\/2023\/02\/P1180927.jpg 1024w, https:\/\/topette.net\/wp-content\/uploads\/2023\/02\/P1180927-300x225.jpg 300w, https:\/\/topette.net\/wp-content\/uploads\/2023\/02\/P1180927-768x576.jpg 768w\" sizes=\"auto, (max-width: 709px) 85vw, (max-width: 909px) 67vw, (max-width: 1362px) 62vw, 840px\" \/><\/a><\/figure>\n<figcaption class=\"blocks-gallery-caption wp-element-caption\"><em>Sarch\u00ed, son \u00e9glise couleur menthe \u00e0 l&#8217;eau.<\/em><\/figcaption><\/figure>\n\n\n\n<p><\/p>\n\n\n\n<p>Ce village est consid\u00e9r\u00e9 comme le centre de l\u2019artisanat du Costa Rica surtout en ce qui concerne la fabrication de meubles et de charrettes pour b\u0153ufs (oui je sais, on peut l\u00e9gitimement se poser la question de l&#8217;utilit\u00e9 de ces engins. Mais lisez donc &#8220;C&#8217;est le monde \u00e0 l&#8217;envers &#8221; de Nicolas Vanier et vous changerez s\u00fbrement d&#8217;avis). Sur la place centrale est expos\u00e9 un mod\u00e8le g\u00e9ant de &#8220;carreta&#8221; construite en 2006 afin d\u2019\u00eatre dans le Guinness book des Records (cat\u00e9gorie plus grande charrette \u00e0 b\u0153ufs du monde).<\/p>\n\n\n\n<figure class=\"wp-block-gallery has-nested-images columns-1 is-cropped wp-block-gallery-7 is-layout-flex wp-block-gallery-is-layout-flex\">\n<figure class=\"wp-block-image size-large\"><a href=\"https:\/\/topette.net\/wp-content\/uploads\/2023\/02\/P1180920.jpg\"><img loading=\"lazy\" decoding=\"async\" width=\"1024\" height=\"768\" data-id=\"6756\" src=\"https:\/\/topette.net\/wp-content\/uploads\/2023\/02\/P1180920.jpg\" alt=\"\" class=\"wp-image-6756\" srcset=\"https:\/\/topette.net\/wp-content\/uploads\/2023\/02\/P1180920.jpg 1024w, https:\/\/topette.net\/wp-content\/uploads\/2023\/02\/P1180920-300x225.jpg 300w, https:\/\/topette.net\/wp-content\/uploads\/2023\/02\/P1180920-768x576.jpg 768w\" sizes=\"auto, (max-width: 709px) 85vw, (max-width: 909px) 67vw, (max-width: 1362px) 62vw, 840px\" \/><\/a><\/figure>\n\n\n\n<figure class=\"wp-block-image size-large\"><a href=\"https:\/\/topette.net\/wp-content\/uploads\/2023\/02\/P1180924-rotated.jpg\"><img loading=\"lazy\" decoding=\"async\" width=\"768\" height=\"1024\" data-id=\"6757\" src=\"https:\/\/topette.net\/wp-content\/uploads\/2023\/02\/P1180924-rotated.jpg\" alt=\"\" class=\"wp-image-6757\" srcset=\"https:\/\/topette.net\/wp-content\/uploads\/2023\/02\/P1180924-rotated.jpg 768w, https:\/\/topette.net\/wp-content\/uploads\/2023\/02\/P1180924-225x300.jpg 225w\" sizes=\"auto, (max-width: 709px) 85vw, (max-width: 909px) 67vw, (max-width: 984px) 61vw, (max-width: 1362px) 45vw, 600px\" \/><\/a><\/figure>\n<figcaption class=\"blocks-gallery-caption wp-element-caption\"><em>Il faut des sacr\u00e9s boeufs pour tirer cette sacr\u00e9e charrette !<\/em><\/figcaption><\/figure>\n\n\n\n<p><\/p>\n\n\n\n<p>La carreta, charrette traditionnelle aux couleurs vives et aux motifs g\u00e9om\u00e9triques semblables aux mandalas, servait pour transporter les grains de caf\u00e9, elle est aujourd&#8217;hui devenue un objet d\u00e9coratif que l&#8217;on retrouve partout : dans les jardins des particuliers, sur les places des villages et m\u00eame en format miniature dans les vitrines des restaurants ! Devant la prolif\u00e9ration des tracteurs dans les campagnes, les fabricants de charrettes eurent l&#8217;id\u00e9e de miniaturiser leur savoir-faire et lanc\u00e8rent la mode de cet ornement pour \u00e9viter la ruine.<\/p>\n\n\n\n<figure class=\"wp-block-gallery has-nested-images columns-1 is-cropped wp-block-gallery-8 is-layout-flex wp-block-gallery-is-layout-flex\">\n<figure class=\"wp-block-image size-large\"><a href=\"https:\/\/topette.net\/wp-content\/uploads\/2023\/02\/P1180949.jpg\"><img loading=\"lazy\" decoding=\"async\" width=\"1024\" height=\"768\" data-id=\"6758\" src=\"https:\/\/topette.net\/wp-content\/uploads\/2023\/02\/P1180949.jpg\" alt=\"\" class=\"wp-image-6758\" srcset=\"https:\/\/topette.net\/wp-content\/uploads\/2023\/02\/P1180949.jpg 1024w, https:\/\/topette.net\/wp-content\/uploads\/2023\/02\/P1180949-300x225.jpg 300w, https:\/\/topette.net\/wp-content\/uploads\/2023\/02\/P1180949-768x576.jpg 768w\" sizes=\"auto, (max-width: 709px) 85vw, (max-width: 909px) 67vw, (max-width: 1362px) 62vw, 840px\" \/><\/a><\/figure>\n\n\n\n<figure class=\"wp-block-image size-large\"><a href=\"https:\/\/topette.net\/wp-content\/uploads\/2023\/02\/P1180958.jpg\"><img loading=\"lazy\" decoding=\"async\" width=\"1024\" height=\"768\" data-id=\"6759\" src=\"https:\/\/topette.net\/wp-content\/uploads\/2023\/02\/P1180958.jpg\" alt=\"\" class=\"wp-image-6759\" srcset=\"https:\/\/topette.net\/wp-content\/uploads\/2023\/02\/P1180958.jpg 1024w, https:\/\/topette.net\/wp-content\/uploads\/2023\/02\/P1180958-300x225.jpg 300w, https:\/\/topette.net\/wp-content\/uploads\/2023\/02\/P1180958-768x576.jpg 768w\" sizes=\"auto, (max-width: 709px) 85vw, (max-width: 909px) 67vw, (max-width: 1362px) 62vw, 840px\" \/><\/a><\/figure>\n<figcaption class=\"blocks-gallery-caption wp-element-caption\"><em>Sarch\u00ed, capitale des charrettes \u00e0 boeufs.<\/em><\/figcaption><\/figure>\n\n\n\n<p><\/p>\n\n\n\n<p>La charrette pour b\u0153ufs a \u00e9t\u00e9 d\u00e9clar\u00e9e symbole national en 1988 et chef d\u2019\u0153uvre du Patrimoine Oral et Immat\u00e9riel par l\u2019UNESCO en 2005. Elles sont d\u00e9cor\u00e9es de motifs floraux, g\u00e9om\u00e9triques et kal\u00e9idoscopiques.<\/p>\n\n\n\n<figure class=\"wp-block-gallery has-nested-images columns-default is-cropped wp-block-gallery-9 is-layout-flex wp-block-gallery-is-layout-flex\">\n<figure class=\"wp-block-image size-large\"><a href=\"https:\/\/topette.net\/wp-content\/uploads\/2023\/02\/P1180940.jpg\"><img loading=\"lazy\" decoding=\"async\" width=\"1024\" height=\"768\" data-id=\"6764\" src=\"https:\/\/topette.net\/wp-content\/uploads\/2023\/02\/P1180940.jpg\" alt=\"\" class=\"wp-image-6764\" srcset=\"https:\/\/topette.net\/wp-content\/uploads\/2023\/02\/P1180940.jpg 1024w, https:\/\/topette.net\/wp-content\/uploads\/2023\/02\/P1180940-300x225.jpg 300w, https:\/\/topette.net\/wp-content\/uploads\/2023\/02\/P1180940-768x576.jpg 768w\" sizes=\"auto, (max-width: 709px) 85vw, (max-width: 909px) 67vw, (max-width: 1362px) 62vw, 840px\" \/><\/a><\/figure>\n<figcaption class=\"blocks-gallery-caption wp-element-caption\"><em>Sarch\u00ed. Charette \u00e0 boeufs.<\/em><\/figcaption><\/figure>\n\n\n\n<p><\/p>\n\n\n\n<p>\u00c0 Sarch\u00ed, on recense de nombreux ateliers d\u2019artisanat&nbsp;o\u00f9 l\u2019on produit essentiellement des chars \u00e0 b\u0153ufs (c&#8217;est pour \u00e9viter de r\u00e9p\u00e9ter charrettes) peints \u00e0 la main, mais \u00e9galement des meubles en bois ou en cuir. Nous prenant de passion pour cette niche de fabrication (remarque bien, 2 heures aller-retour en bus, on s&#8217;int\u00e9resse ou alors on aime le bus), nous avons visit\u00e9 la Fabrica de Carretas Eloy Alfaro.<\/p>\n\n\n\n<figure class=\"wp-block-gallery has-nested-images columns-default is-cropped wp-block-gallery-10 is-layout-flex wp-block-gallery-is-layout-flex\">\n<figure class=\"wp-block-image size-large\"><a href=\"https:\/\/topette.net\/wp-content\/uploads\/2023\/02\/P1180947.jpg\"><img loading=\"lazy\" decoding=\"async\" width=\"1024\" height=\"768\" data-id=\"6765\" src=\"https:\/\/topette.net\/wp-content\/uploads\/2023\/02\/P1180947.jpg\" alt=\"\" class=\"wp-image-6765\" srcset=\"https:\/\/topette.net\/wp-content\/uploads\/2023\/02\/P1180947.jpg 1024w, https:\/\/topette.net\/wp-content\/uploads\/2023\/02\/P1180947-300x225.jpg 300w, https:\/\/topette.net\/wp-content\/uploads\/2023\/02\/P1180947-768x576.jpg 768w\" sizes=\"auto, (max-width: 709px) 85vw, (max-width: 909px) 67vw, (max-width: 1362px) 62vw, 840px\" \/><\/a><\/figure>\n<figcaption class=\"blocks-gallery-caption wp-element-caption\"><em>L&#8217;entr\u00e9e de la Fabrica de Carretas Eloy Alfaro.<\/em><\/figcaption><\/figure>\n\n\n\n<p><\/p>\n\n\n\n<p>Et l\u00e0, on a d\u00e9couvert que, comme Mr Jourdain faisait de la prose sans le savoir, les menuisiers de la fabrique faisaient dans l&#8217;\u00e9cologie sans en faire tout un fromage. En effet, tous leurs outils utilisent une roue \u00e0 eau reli\u00e9e \u00e0 un long axe \u00e9quip\u00e9 de poulies et de courroies qui activent les machines. Une belle fa\u00e7on de se passer du nucl\u00e9aire !<\/p>\n\n\n\n<figure class=\"wp-block-gallery has-nested-images columns-default is-cropped wp-block-gallery-11 is-layout-flex wp-block-gallery-is-layout-flex\">\n<figure class=\"wp-block-image size-large\"><a href=\"https:\/\/topette.net\/wp-content\/uploads\/2023\/02\/P1180954.jpg\"><img loading=\"lazy\" decoding=\"async\" width=\"1024\" height=\"768\" data-id=\"6766\" src=\"https:\/\/topette.net\/wp-content\/uploads\/2023\/02\/P1180954.jpg\" alt=\"\" class=\"wp-image-6766\" srcset=\"https:\/\/topette.net\/wp-content\/uploads\/2023\/02\/P1180954.jpg 1024w, https:\/\/topette.net\/wp-content\/uploads\/2023\/02\/P1180954-300x225.jpg 300w, https:\/\/topette.net\/wp-content\/uploads\/2023\/02\/P1180954-768x576.jpg 768w\" sizes=\"auto, (max-width: 709px) 85vw, (max-width: 909px) 67vw, (max-width: 1362px) 62vw, 840px\" \/><\/a><\/figure>\n<figcaption class=\"blocks-gallery-caption wp-element-caption\"><em>La roue \u00e0 eau, le moteur de l&#8217;atelier.<\/em><\/figcaption><\/figure>\n\n\n\n<p><\/p>\n\n\n\n<figure class=\"wp-block-gallery has-nested-images columns-default is-cropped wp-block-gallery-12 is-layout-flex wp-block-gallery-is-layout-flex\">\n<figure class=\"wp-block-image size-large\"><a href=\"https:\/\/topette.net\/wp-content\/uploads\/2023\/02\/P1180956.jpg\"><img loading=\"lazy\" decoding=\"async\" width=\"1024\" height=\"768\" data-id=\"6769\" src=\"https:\/\/topette.net\/wp-content\/uploads\/2023\/02\/P1180956.jpg\" alt=\"\" class=\"wp-image-6769\" srcset=\"https:\/\/topette.net\/wp-content\/uploads\/2023\/02\/P1180956.jpg 1024w, https:\/\/topette.net\/wp-content\/uploads\/2023\/02\/P1180956-300x225.jpg 300w, https:\/\/topette.net\/wp-content\/uploads\/2023\/02\/P1180956-768x576.jpg 768w\" sizes=\"auto, (max-width: 709px) 85vw, (max-width: 909px) 67vw, (max-width: 1362px) 62vw, 840px\" \/><\/a><\/figure>\n<\/figure>\n\n\n\n<p><\/p>\n\n\n\n<figure class=\"wp-block-gallery has-nested-images columns-default is-cropped wp-block-gallery-13 is-layout-flex wp-block-gallery-is-layout-flex\">\n<figure class=\"wp-block-image size-large\"><a href=\"https:\/\/topette.net\/wp-content\/uploads\/2023\/02\/P1180951-rotated.jpg\"><img loading=\"lazy\" decoding=\"async\" width=\"768\" height=\"1024\" data-id=\"6768\" src=\"https:\/\/topette.net\/wp-content\/uploads\/2023\/02\/P1180951-rotated.jpg\" alt=\"\" class=\"wp-image-6768\" srcset=\"https:\/\/topette.net\/wp-content\/uploads\/2023\/02\/P1180951-rotated.jpg 768w, https:\/\/topette.net\/wp-content\/uploads\/2023\/02\/P1180951-225x300.jpg 225w\" sizes=\"auto, (max-width: 709px) 85vw, (max-width: 909px) 67vw, (max-width: 984px) 61vw, (max-width: 1362px) 45vw, 600px\" \/><\/a><\/figure>\n\n\n\n<figure class=\"wp-block-image size-large\"><a href=\"https:\/\/topette.net\/wp-content\/uploads\/2023\/02\/P1180957.jpg\"><img loading=\"lazy\" decoding=\"async\" width=\"1024\" height=\"768\" data-id=\"6767\" src=\"https:\/\/topette.net\/wp-content\/uploads\/2023\/02\/P1180957.jpg\" alt=\"\" class=\"wp-image-6767\" srcset=\"https:\/\/topette.net\/wp-content\/uploads\/2023\/02\/P1180957.jpg 1024w, https:\/\/topette.net\/wp-content\/uploads\/2023\/02\/P1180957-300x225.jpg 300w, https:\/\/topette.net\/wp-content\/uploads\/2023\/02\/P1180957-768x576.jpg 768w\" sizes=\"auto, (max-width: 709px) 85vw, (max-width: 909px) 67vw, (max-width: 1362px) 62vw, 840px\" \/><\/a><\/figure>\n<\/figure>\n\n\n\n<p><\/p>\n\n\n\n<figure class=\"wp-block-gallery has-nested-images columns-default is-cropped wp-block-gallery-14 is-layout-flex wp-block-gallery-is-layout-flex\">\n<figure class=\"wp-block-image size-large\"><a href=\"https:\/\/topette.net\/wp-content\/uploads\/2023\/02\/P1180960.jpg\"><img loading=\"lazy\" decoding=\"async\" width=\"1024\" height=\"768\" data-id=\"6771\" src=\"https:\/\/topette.net\/wp-content\/uploads\/2023\/02\/P1180960.jpg\" alt=\"\" class=\"wp-image-6771\" srcset=\"https:\/\/topette.net\/wp-content\/uploads\/2023\/02\/P1180960.jpg 1024w, https:\/\/topette.net\/wp-content\/uploads\/2023\/02\/P1180960-300x225.jpg 300w, https:\/\/topette.net\/wp-content\/uploads\/2023\/02\/P1180960-768x576.jpg 768w\" sizes=\"auto, (max-width: 709px) 85vw, (max-width: 909px) 67vw, (max-width: 1362px) 62vw, 840px\" \/><\/a><\/figure>\n<figcaption class=\"blocks-gallery-caption wp-element-caption\"><em>L&#8217;atelier, int\u00e9rieur et ext\u00e9rieur.<\/em><\/figcaption><\/figure>\n\n\n\n<p><\/p>\n\n\n\n<p>Une fois construites, les charrettes partent pour l&#8217;atelier de peinture o\u00f9 elles sont enti\u00e8rement d\u00e9cor\u00e9es \u00e0 la main avec les motifs qui sont devenus embl\u00e9matiques du Costa Rica.<\/p>\n\n\n\n<figure class=\"wp-block-gallery has-nested-images columns-default is-cropped wp-block-gallery-15 is-layout-flex wp-block-gallery-is-layout-flex\">\n<figure class=\"wp-block-image size-large\"><a href=\"https:\/\/topette.net\/wp-content\/uploads\/2023\/02\/P1180977.jpg\"><img loading=\"lazy\" decoding=\"async\" width=\"1024\" height=\"768\" data-id=\"6770\" src=\"https:\/\/topette.net\/wp-content\/uploads\/2023\/02\/P1180977.jpg\" alt=\"\" class=\"wp-image-6770\" srcset=\"https:\/\/topette.net\/wp-content\/uploads\/2023\/02\/P1180977.jpg 1024w, https:\/\/topette.net\/wp-content\/uploads\/2023\/02\/P1180977-300x225.jpg 300w, https:\/\/topette.net\/wp-content\/uploads\/2023\/02\/P1180977-768x576.jpg 768w\" sizes=\"auto, (max-width: 709px) 85vw, (max-width: 909px) 67vw, (max-width: 1362px) 62vw, 840px\" \/><\/a><\/figure>\n<figcaption class=\"blocks-gallery-caption wp-element-caption\"><em>L&#8217;atelier de peinture.<\/em><\/figcaption><\/figure>\n\n\n\n<p><\/p>\n\n\n\n<p>Le r\u00e9sultat est superbe et si on avait eu une paire de b\u0153ufs qui s&#8217;ennuyait \u00e0 la maison, s\u00fbrement qu&#8217;on leur aurait ramen\u00e9 une charrette ! Finalement, on s&#8217;est content\u00e9 d&#8217;un magnet pour le frigidaire.<\/p>\n\n\n\n<figure class=\"wp-block-gallery has-nested-images columns-2 is-cropped wp-block-gallery-16 is-layout-flex wp-block-gallery-is-layout-flex\">\n<figure class=\"wp-block-image size-large\"><a href=\"https:\/\/topette.net\/wp-content\/uploads\/2023\/02\/P1180945.jpg\"><img loading=\"lazy\" decoding=\"async\" width=\"1024\" height=\"768\" data-id=\"6773\" src=\"https:\/\/topette.net\/wp-content\/uploads\/2023\/02\/P1180945.jpg\" alt=\"\" class=\"wp-image-6773\" srcset=\"https:\/\/topette.net\/wp-content\/uploads\/2023\/02\/P1180945.jpg 1024w, https:\/\/topette.net\/wp-content\/uploads\/2023\/02\/P1180945-300x225.jpg 300w, https:\/\/topette.net\/wp-content\/uploads\/2023\/02\/P1180945-768x576.jpg 768w\" sizes=\"auto, (max-width: 709px) 85vw, (max-width: 909px) 67vw, (max-width: 1362px) 62vw, 840px\" \/><\/a><\/figure>\n\n\n\n<figure class=\"wp-block-image size-large\"><a href=\"https:\/\/topette.net\/wp-content\/uploads\/2023\/02\/P1180942.jpg\"><img loading=\"lazy\" decoding=\"async\" width=\"1024\" height=\"768\" data-id=\"6774\" src=\"https:\/\/topette.net\/wp-content\/uploads\/2023\/02\/P1180942.jpg\" alt=\"\" class=\"wp-image-6774\" srcset=\"https:\/\/topette.net\/wp-content\/uploads\/2023\/02\/P1180942.jpg 1024w, https:\/\/topette.net\/wp-content\/uploads\/2023\/02\/P1180942-300x225.jpg 300w, https:\/\/topette.net\/wp-content\/uploads\/2023\/02\/P1180942-768x576.jpg 768w\" sizes=\"auto, (max-width: 709px) 85vw, (max-width: 909px) 67vw, (max-width: 1362px) 62vw, 840px\" \/><\/a><\/figure>\n\n\n\n<figure class=\"wp-block-image size-large\"><a href=\"https:\/\/topette.net\/wp-content\/uploads\/2023\/02\/P1180941.jpg\"><img loading=\"lazy\" decoding=\"async\" width=\"1024\" height=\"768\" data-id=\"6772\" src=\"https:\/\/topette.net\/wp-content\/uploads\/2023\/02\/P1180941.jpg\" alt=\"\" class=\"wp-image-6772\" srcset=\"https:\/\/topette.net\/wp-content\/uploads\/2023\/02\/P1180941.jpg 1024w, https:\/\/topette.net\/wp-content\/uploads\/2023\/02\/P1180941-300x225.jpg 300w, https:\/\/topette.net\/wp-content\/uploads\/2023\/02\/P1180941-768x576.jpg 768w\" sizes=\"auto, (max-width: 709px) 85vw, (max-width: 909px) 67vw, (max-width: 1362px) 62vw, 840px\" \/><\/a><\/figure>\n<\/figure>\n\n\n\n<p><\/p>\n\n\n\n<p>Les murs du patio de la fabrique sont orn\u00e9s de fresques \u00e9voquant la vie rurale d&#8217;autrefois ainsi que l&#8217;embarquement du caf\u00e9 (on n&#8217;a pas reconnu Jacques Vabre).<\/p>\n\n\n\n<p><\/p>\n\n\n\n<figure class=\"wp-block-gallery has-nested-images columns-1 is-cropped wp-block-gallery-17 is-layout-flex wp-block-gallery-is-layout-flex\">\n<figure class=\"wp-block-image size-large\"><a href=\"https:\/\/topette.net\/wp-content\/uploads\/2023\/02\/P1180966.jpg\"><img loading=\"lazy\" decoding=\"async\" width=\"1024\" height=\"768\" data-id=\"6775\" src=\"https:\/\/topette.net\/wp-content\/uploads\/2023\/02\/P1180966.jpg\" alt=\"\" class=\"wp-image-6775\" srcset=\"https:\/\/topette.net\/wp-content\/uploads\/2023\/02\/P1180966.jpg 1024w, https:\/\/topette.net\/wp-content\/uploads\/2023\/02\/P1180966-300x225.jpg 300w, https:\/\/topette.net\/wp-content\/uploads\/2023\/02\/P1180966-768x576.jpg 768w\" sizes=\"auto, (max-width: 709px) 85vw, (max-width: 909px) 67vw, (max-width: 1362px) 62vw, 840px\" \/><\/a><\/figure>\n\n\n\n<figure class=\"wp-block-image size-large\"><a href=\"https:\/\/topette.net\/wp-content\/uploads\/2023\/02\/P1180970.jpg\"><img loading=\"lazy\" decoding=\"async\" width=\"1024\" height=\"768\" data-id=\"6776\" src=\"https:\/\/topette.net\/wp-content\/uploads\/2023\/02\/P1180970.jpg\" alt=\"\" class=\"wp-image-6776\" srcset=\"https:\/\/topette.net\/wp-content\/uploads\/2023\/02\/P1180970.jpg 1024w, https:\/\/topette.net\/wp-content\/uploads\/2023\/02\/P1180970-300x225.jpg 300w, https:\/\/topette.net\/wp-content\/uploads\/2023\/02\/P1180970-768x576.jpg 768w\" sizes=\"auto, (max-width: 709px) 85vw, (max-width: 909px) 67vw, (max-width: 1362px) 62vw, 840px\" \/><\/a><\/figure>\n<figcaption class=\"blocks-gallery-caption wp-element-caption\"><em>Fresques murales du patio de la Fabrica de Carretas Eloy Alfaro.<\/em><\/figcaption><\/figure>\n\n\n\n<p>On a crois\u00e9 deux charmantes petites repr\u00e9sentantes en costume traditionnel, on a admir\u00e9 deux derni\u00e8res belles charrettes et on est parti rejoindre le bus du retour. <\/p>\n\n\n\n<figure class=\"wp-block-gallery has-nested-images columns-default is-cropped wp-block-gallery-18 is-layout-flex wp-block-gallery-is-layout-flex\">\n<figure class=\"wp-block-image size-large\"><a href=\"https:\/\/topette.net\/wp-content\/uploads\/2023\/02\/P1180967-rotated.jpg\"><img loading=\"lazy\" decoding=\"async\" width=\"768\" height=\"1024\" data-id=\"6777\" src=\"https:\/\/topette.net\/wp-content\/uploads\/2023\/02\/P1180967-rotated.jpg\" alt=\"\" class=\"wp-image-6777\" srcset=\"https:\/\/topette.net\/wp-content\/uploads\/2023\/02\/P1180967-rotated.jpg 768w, https:\/\/topette.net\/wp-content\/uploads\/2023\/02\/P1180967-225x300.jpg 225w\" sizes=\"auto, (max-width: 709px) 85vw, (max-width: 909px) 67vw, (max-width: 984px) 61vw, (max-width: 1362px) 45vw, 600px\" \/><\/a><\/figure>\n<figcaption class=\"blocks-gallery-caption wp-element-caption\"> <em>Petites repr\u00e9sentantes en costume traditionnel.<\/em><\/figcaption><\/figure>\n\n\n\n<p><\/p>\n\n\n\n<figure class=\"wp-block-gallery has-nested-images columns-default is-cropped wp-block-gallery-19 is-layout-flex wp-block-gallery-is-layout-flex\">\n<figure class=\"wp-block-image size-large\"><a href=\"https:\/\/topette.net\/wp-content\/uploads\/2023\/02\/P1180962.jpg\"><img loading=\"lazy\" decoding=\"async\" width=\"1024\" height=\"768\" data-id=\"6778\" src=\"https:\/\/topette.net\/wp-content\/uploads\/2023\/02\/P1180962.jpg\" alt=\"\" class=\"wp-image-6778\" srcset=\"https:\/\/topette.net\/wp-content\/uploads\/2023\/02\/P1180962.jpg 1024w, https:\/\/topette.net\/wp-content\/uploads\/2023\/02\/P1180962-300x225.jpg 300w, https:\/\/topette.net\/wp-content\/uploads\/2023\/02\/P1180962-768x576.jpg 768w\" sizes=\"auto, (max-width: 709px) 85vw, (max-width: 909px) 67vw, (max-width: 1362px) 62vw, 840px\" \/><\/a><\/figure>\n<figcaption class=\"blocks-gallery-caption wp-element-caption\"><em>Deux belles Carretas de la production Eloy Alfaro.<\/em><\/figcaption><\/figure>\n\n\n\n<p><\/p>\n\n\n\n<p>En rentrant, on a vu un Pic de Hoffmann, des Grenadilles sauvages (pour une fois qu&#8217;on connait une fleur) et une Ford A. Voil\u00e0 une journ\u00e9e qui se termine bien dans la vari\u00e9t\u00e9 !<\/p>\n\n\n\n<figure class=\"wp-block-gallery has-nested-images columns-1 is-cropped wp-block-gallery-20 is-layout-flex wp-block-gallery-is-layout-flex\">\n<figure class=\"wp-block-image size-large\"><a href=\"https:\/\/topette.net\/wp-content\/uploads\/2023\/02\/P1180934.jpg\"><img loading=\"lazy\" decoding=\"async\" width=\"1024\" height=\"768\" data-id=\"6779\" src=\"https:\/\/topette.net\/wp-content\/uploads\/2023\/02\/P1180934.jpg\" alt=\"\" class=\"wp-image-6779\" srcset=\"https:\/\/topette.net\/wp-content\/uploads\/2023\/02\/P1180934.jpg 1024w, https:\/\/topette.net\/wp-content\/uploads\/2023\/02\/P1180934-300x225.jpg 300w, https:\/\/topette.net\/wp-content\/uploads\/2023\/02\/P1180934-768x576.jpg 768w\" sizes=\"auto, (max-width: 709px) 85vw, (max-width: 909px) 67vw, (max-width: 1362px) 62vw, 840px\" \/><\/a><\/figure>\n\n\n\n<figure class=\"wp-block-image size-large\"><a href=\"https:\/\/topette.net\/wp-content\/uploads\/2023\/02\/P1180978.jpg\"><img loading=\"lazy\" decoding=\"async\" width=\"1024\" height=\"768\" data-id=\"6780\" src=\"https:\/\/topette.net\/wp-content\/uploads\/2023\/02\/P1180978.jpg\" alt=\"\" class=\"wp-image-6780\" srcset=\"https:\/\/topette.net\/wp-content\/uploads\/2023\/02\/P1180978.jpg 1024w, https:\/\/topette.net\/wp-content\/uploads\/2023\/02\/P1180978-300x225.jpg 300w, https:\/\/topette.net\/wp-content\/uploads\/2023\/02\/P1180978-768x576.jpg 768w\" sizes=\"auto, (max-width: 709px) 85vw, (max-width: 909px) 67vw, (max-width: 1362px) 62vw, 840px\" \/><\/a><\/figure>\n\n\n\n<figure class=\"wp-block-image size-large\"><a href=\"https:\/\/topette.net\/wp-content\/uploads\/2023\/02\/P1180979.jpg\"><img loading=\"lazy\" decoding=\"async\" width=\"1024\" height=\"768\" data-id=\"6781\" src=\"https:\/\/topette.net\/wp-content\/uploads\/2023\/02\/P1180979.jpg\" alt=\"\" class=\"wp-image-6781\" srcset=\"https:\/\/topette.net\/wp-content\/uploads\/2023\/02\/P1180979.jpg 1024w, https:\/\/topette.net\/wp-content\/uploads\/2023\/02\/P1180979-300x225.jpg 300w, https:\/\/topette.net\/wp-content\/uploads\/2023\/02\/P1180979-768x576.jpg 768w\" sizes=\"auto, (max-width: 709px) 85vw, (max-width: 909px) 67vw, (max-width: 1362px) 62vw, 840px\" \/><\/a><\/figure>\n<figcaption class=\"blocks-gallery-caption wp-element-caption\"><em>Un Pic de Hoffmann, des Grenadilles sauvages et une Ford A.<\/em><\/figcaption><\/figure>\n\n\n\n<p><\/p>\n\n\n\n<p>Le lendemain, nous quittons notre h\u00e9bergement cat\u00e9gorie bonne pioche (il avait l&#8217;eau chaude, c&#8217;est dire) en taxi pour rejoindre San Jos\u00e9, la capitale et plus grande ville du pays avec environ 340 000 habitants (mais 1 975 000 habitants pour l&#8217;agglom\u00e9ration, soit 29 % de la population totale du Costa Rica).<\/p>\n\n\n\n<figure class=\"wp-block-gallery has-nested-images columns-default is-cropped wp-block-gallery-21 is-layout-flex wp-block-gallery-is-layout-flex\">\n<figure class=\"wp-block-image size-large\"><a href=\"https:\/\/topette.net\/wp-content\/uploads\/2023\/02\/P1180988.jpg\"><img loading=\"lazy\" decoding=\"async\" width=\"1024\" height=\"768\" data-id=\"6783\" src=\"https:\/\/topette.net\/wp-content\/uploads\/2023\/02\/P1180988.jpg\" alt=\"\" class=\"wp-image-6783\" srcset=\"https:\/\/topette.net\/wp-content\/uploads\/2023\/02\/P1180988.jpg 1024w, https:\/\/topette.net\/wp-content\/uploads\/2023\/02\/P1180988-300x225.jpg 300w, https:\/\/topette.net\/wp-content\/uploads\/2023\/02\/P1180988-768x576.jpg 768w\" sizes=\"auto, (max-width: 709px) 85vw, (max-width: 909px) 67vw, (max-width: 1362px) 62vw, 840px\" \/><\/a><\/figure>\n<figcaption class=\"blocks-gallery-caption wp-element-caption\"><em>San Jos\u00e9, le Parc National.<\/em><\/figcaption><\/figure>\n\n\n\n<p><\/p>\n\n\n\n<p>Un bon tour \u00e0 pied nous a permis de voir le Parc National, et une curieuse tour pleine de trous qui s&#8217;av\u00e8re \u00eatre le Mus\u00e9e National et qui \u00e9tait auparavant une caserne. Les trous sont en fait des impacts de balles, rest\u00e9s intacts depuis la r\u00e9volution de 1948, lanc\u00e9e par Jos\u00e9 Ferrer dit &#8220;Don Pepe&#8221; qui renverse le gouvernement en place et prend le pouvoir. Il d\u00e9clare la d\u00e9mocratie ainsi que l\u2019abolition de l\u2019arm\u00e9e. Il s\u2019agit du tout premier pays au monde \u00e0 prendre une telle d\u00e9cision gr\u00e2ce \u00e0 laquelle depuis soixante-quinze ans, le budget de l\u2019arm\u00e9e est investi dans l\u2019\u00e9ducation et la sant\u00e9. Du coup, l\u2019esp\u00e9rance de vie au Costa Rica est la plus haute d\u2019Am\u00e9rique Latine et c\u2019est l\u2019un des seuls pays au monde \u00e0 poss\u00e9der une &#8220;Zone Bleue&#8221; c\u2019est-\u00e0-dire une r\u00e9gion avec un nombre consid\u00e9rable de centenaires.<\/p>\n\n\n\n<figure class=\"wp-block-gallery has-nested-images columns-default is-cropped wp-block-gallery-22 is-layout-flex wp-block-gallery-is-layout-flex\">\n<figure class=\"wp-block-image size-large\"><a href=\"https:\/\/topette.net\/wp-content\/uploads\/2023\/02\/P1180992.jpg\"><img loading=\"lazy\" decoding=\"async\" width=\"1024\" height=\"768\" data-id=\"6785\" src=\"https:\/\/topette.net\/wp-content\/uploads\/2023\/02\/P1180992.jpg\" alt=\"\" class=\"wp-image-6785\" srcset=\"https:\/\/topette.net\/wp-content\/uploads\/2023\/02\/P1180992.jpg 1024w, https:\/\/topette.net\/wp-content\/uploads\/2023\/02\/P1180992-300x225.jpg 300w, https:\/\/topette.net\/wp-content\/uploads\/2023\/02\/P1180992-768x576.jpg 768w\" sizes=\"auto, (max-width: 709px) 85vw, (max-width: 909px) 67vw, (max-width: 1362px) 62vw, 840px\" \/><\/a><\/figure>\n<figcaption class=\"blocks-gallery-caption wp-element-caption\"><em>San Jos\u00e9. Le Parc National.<\/em><\/figcaption><\/figure>\n\n\n\n<p><\/p>\n\n\n\n<figure class=\"wp-block-gallery has-nested-images columns-default is-cropped wp-block-gallery-23 is-layout-flex wp-block-gallery-is-layout-flex\">\n<figure class=\"wp-block-image size-large\"><a href=\"https:\/\/topette.net\/wp-content\/uploads\/2023\/02\/P1180985-rotated.jpg\"><img loading=\"lazy\" decoding=\"async\" width=\"768\" height=\"1024\" data-id=\"6786\" src=\"https:\/\/topette.net\/wp-content\/uploads\/2023\/02\/P1180985-rotated.jpg\" alt=\"\" class=\"wp-image-6786\" srcset=\"https:\/\/topette.net\/wp-content\/uploads\/2023\/02\/P1180985-rotated.jpg 768w, https:\/\/topette.net\/wp-content\/uploads\/2023\/02\/P1180985-225x300.jpg 225w\" sizes=\"auto, (max-width: 709px) 85vw, (max-width: 909px) 67vw, (max-width: 984px) 61vw, (max-width: 1362px) 45vw, 600px\" \/><\/a><\/figure>\n<figcaption class=\"blocks-gallery-caption wp-element-caption\"><em>Le Mus\u00e9e National et sa tour pleine de trous (de balles).<\/em><\/figcaption><\/figure>\n\n\n\n<p><\/p>\n\n\n\n<figure class=\"wp-block-gallery has-nested-images columns-default is-cropped wp-block-gallery-24 is-layout-flex wp-block-gallery-is-layout-flex\">\n<figure class=\"wp-block-image size-large\"><a href=\"https:\/\/topette.net\/wp-content\/uploads\/2023\/02\/P1190007.jpg\"><img loading=\"lazy\" decoding=\"async\" width=\"1024\" height=\"768\" data-id=\"6792\" src=\"https:\/\/topette.net\/wp-content\/uploads\/2023\/02\/P1190007.jpg\" alt=\"\" class=\"wp-image-6792\" srcset=\"https:\/\/topette.net\/wp-content\/uploads\/2023\/02\/P1190007.jpg 1024w, https:\/\/topette.net\/wp-content\/uploads\/2023\/02\/P1190007-300x225.jpg 300w, https:\/\/topette.net\/wp-content\/uploads\/2023\/02\/P1190007-768x576.jpg 768w\" sizes=\"auto, (max-width: 709px) 85vw, (max-width: 909px) 67vw, (max-width: 1362px) 62vw, 840px\" \/><\/a><\/figure>\n<figcaption class=\"blocks-gallery-caption wp-element-caption\"><em>L&#8217;entr\u00e9e du Mus\u00e9e National.<\/em><\/figcaption><\/figure>\n\n\n\n<p><\/p>\n\n\n\n<p>Apr\u00e8s avoir lu un message plein de v\u00e9rit\u00e9 et d&#8217;universalit\u00e9 (qu&#8217;on pourrait faire suivre au ministre de l&#8217;int\u00e9rieur), nous avons admir\u00e9 le travail de tisserand des \u00e9lectriciens locaux (belle gestion des croisements) et crois\u00e9 un gars qui aurait bien besoin d&#8217;une paire de b\u0153ufs pour atteler sa charrette.<\/p>\n\n\n\n<figure class=\"wp-block-gallery has-nested-images columns-1 is-cropped wp-block-gallery-25 is-layout-flex wp-block-gallery-is-layout-flex\">\n<figure class=\"wp-block-image size-large\"><a href=\"https:\/\/topette.net\/wp-content\/uploads\/2023\/02\/P1180991.jpg\"><img loading=\"lazy\" decoding=\"async\" width=\"1024\" height=\"768\" data-id=\"6794\" src=\"https:\/\/topette.net\/wp-content\/uploads\/2023\/02\/P1180991.jpg\" alt=\"\" class=\"wp-image-6794\" srcset=\"https:\/\/topette.net\/wp-content\/uploads\/2023\/02\/P1180991.jpg 1024w, https:\/\/topette.net\/wp-content\/uploads\/2023\/02\/P1180991-300x225.jpg 300w, https:\/\/topette.net\/wp-content\/uploads\/2023\/02\/P1180991-768x576.jpg 768w\" sizes=\"auto, (max-width: 709px) 85vw, (max-width: 909px) 67vw, (max-width: 1362px) 62vw, 840px\" \/><\/a><\/figure>\n\n\n\n<figure class=\"wp-block-image size-large\"><a href=\"https:\/\/topette.net\/wp-content\/uploads\/2023\/02\/P1180980.jpg\"><img loading=\"lazy\" decoding=\"async\" width=\"1024\" height=\"768\" data-id=\"6793\" src=\"https:\/\/topette.net\/wp-content\/uploads\/2023\/02\/P1180980.jpg\" alt=\"\" class=\"wp-image-6793\" srcset=\"https:\/\/topette.net\/wp-content\/uploads\/2023\/02\/P1180980.jpg 1024w, https:\/\/topette.net\/wp-content\/uploads\/2023\/02\/P1180980-300x225.jpg 300w, https:\/\/topette.net\/wp-content\/uploads\/2023\/02\/P1180980-768x576.jpg 768w\" sizes=\"auto, (max-width: 709px) 85vw, (max-width: 909px) 67vw, (max-width: 1362px) 62vw, 840px\" \/><\/a><\/figure>\n\n\n\n<figure class=\"wp-block-image size-large\"><a href=\"https:\/\/topette.net\/wp-content\/uploads\/2023\/02\/P1180984.jpg\"><img loading=\"lazy\" decoding=\"async\" width=\"1024\" height=\"768\" data-id=\"6795\" src=\"https:\/\/topette.net\/wp-content\/uploads\/2023\/02\/P1180984.jpg\" alt=\"\" class=\"wp-image-6795\" srcset=\"https:\/\/topette.net\/wp-content\/uploads\/2023\/02\/P1180984.jpg 1024w, https:\/\/topette.net\/wp-content\/uploads\/2023\/02\/P1180984-300x225.jpg 300w, https:\/\/topette.net\/wp-content\/uploads\/2023\/02\/P1180984-768x576.jpg 768w\" sizes=\"auto, (max-width: 709px) 85vw, (max-width: 909px) 67vw, (max-width: 1362px) 62vw, 840px\" \/><\/a><\/figure>\n<\/figure>\n\n\n\n<p><\/p>\n\n\n\n<p>Plus loin nous avons vu la gare de San Jos\u00e9. Construite en 1908, c&#8217;\u00e9tait de l\u00e0 que partait et arrivait le train reliant la capitale \u00e0 la ville de Lim\u00f3n, le principal port des Cara\u00efbes costariciennes.<\/p>\n\n\n\n<figure class=\"wp-block-gallery has-nested-images columns-default is-cropped wp-block-gallery-26 is-layout-flex wp-block-gallery-is-layout-flex\">\n<figure class=\"wp-block-image size-large\"><a href=\"https:\/\/topette.net\/wp-content\/uploads\/2023\/02\/P1180995.jpg\"><img loading=\"lazy\" decoding=\"async\" width=\"1024\" height=\"768\" data-id=\"6796\" src=\"https:\/\/topette.net\/wp-content\/uploads\/2023\/02\/P1180995.jpg\" alt=\"\" class=\"wp-image-6796\" srcset=\"https:\/\/topette.net\/wp-content\/uploads\/2023\/02\/P1180995.jpg 1024w, https:\/\/topette.net\/wp-content\/uploads\/2023\/02\/P1180995-300x225.jpg 300w, https:\/\/topette.net\/wp-content\/uploads\/2023\/02\/P1180995-768x576.jpg 768w\" sizes=\"auto, (max-width: 709px) 85vw, (max-width: 909px) 67vw, (max-width: 1362px) 62vw, 840px\" \/><\/a><\/figure>\n<figcaption class=\"blocks-gallery-caption wp-element-caption\"><em>Fronton de la gare de San Jos\u00e9.<\/em><\/figcaption><\/figure>\n\n\n\n<p><\/p>\n\n\n\n<p>En fonction jusqu&#8217;en 1996, la gare a repris du service en 2011 avec l&#8217;apparition du Train Interurbain qu&#8217;on entend beaucoup plus souvent qu&#8217;on ne le voit. (Les conducteurs doivent \u00eatre fans de Richard Anthony).<\/p>\n\n\n\n<figure class=\"wp-block-gallery has-nested-images columns-default is-cropped wp-block-gallery-27 is-layout-flex wp-block-gallery-is-layout-flex\">\n<figure class=\"wp-block-image size-large\"><a href=\"https:\/\/topette.net\/wp-content\/uploads\/2023\/02\/P1190103.jpg\"><img loading=\"lazy\" decoding=\"async\" width=\"1024\" height=\"768\" data-id=\"6797\" src=\"https:\/\/topette.net\/wp-content\/uploads\/2023\/02\/P1190103.jpg\" alt=\"\" class=\"wp-image-6797\" srcset=\"https:\/\/topette.net\/wp-content\/uploads\/2023\/02\/P1190103.jpg 1024w, https:\/\/topette.net\/wp-content\/uploads\/2023\/02\/P1190103-300x225.jpg 300w, https:\/\/topette.net\/wp-content\/uploads\/2023\/02\/P1190103-768x576.jpg 768w\" sizes=\"auto, (max-width: 709px) 85vw, (max-width: 909px) 67vw, (max-width: 1362px) 62vw, 840px\" \/><\/a><\/figure>\n<figcaption class=\"blocks-gallery-caption wp-element-caption\"><em>San Jos\u00e9, le Train Interurbain.<\/em><\/figcaption><\/figure>\n\n\n\n<p><\/p>\n\n\n\n<p>En face du Parque Moraz\u00e1n nous avons vu le &#8220;b\u00e2timent m\u00e9tallique&#8221;. Construit en 1896, c&#8217;est la plus ancienne \u00e9cole primaire du pays. L&#8217;architecte Charles Thirion s&#8217;est inspir\u00e9 du dessin de la Tour Eiffel pour la concevoir. R\u00e9alis\u00e9e en fer forg\u00e9, elle a \u00e9t\u00e9 con\u00e7ue et construite en Belgique, puis elle a \u00e9t\u00e9 transport\u00e9e par bateau au Costa Rica, o\u00f9 elle a \u00e9t\u00e9 assembl\u00e9e. (Le c\u00f4t\u00e9 inspir\u00e9 par la Tour Eiffel, on voit pas bien ?).<\/p>\n\n\n\n<figure class=\"wp-block-gallery has-nested-images columns-default is-cropped wp-block-gallery-28 is-layout-flex wp-block-gallery-is-layout-flex\">\n<figure class=\"wp-block-image size-large\"><a href=\"https:\/\/topette.net\/wp-content\/uploads\/2023\/02\/P1180998.jpg\"><img loading=\"lazy\" decoding=\"async\" width=\"1024\" height=\"768\" data-id=\"6798\" src=\"https:\/\/topette.net\/wp-content\/uploads\/2023\/02\/P1180998.jpg\" alt=\"\" class=\"wp-image-6798\" srcset=\"https:\/\/topette.net\/wp-content\/uploads\/2023\/02\/P1180998.jpg 1024w, https:\/\/topette.net\/wp-content\/uploads\/2023\/02\/P1180998-300x225.jpg 300w, https:\/\/topette.net\/wp-content\/uploads\/2023\/02\/P1180998-768x576.jpg 768w\" sizes=\"auto, (max-width: 709px) 85vw, (max-width: 909px) 67vw, (max-width: 1362px) 62vw, 840px\" \/><\/a><\/figure>\n<figcaption class=\"blocks-gallery-caption wp-element-caption\"><em>San Jos\u00e9, le &#8220;b\u00e2timent m\u00e9tallique&#8221;.<\/em><\/figcaption><\/figure>\n\n\n\n<p><\/p>\n\n\n\n<p>On a aussi vu le Teatro Variedades en attente de r\u00e9novation. Ouvert en 1892, c&#8217;est le plus ancien th\u00e9\u00e2tre de San Jos\u00e9, et aussi son premier cin\u00e9ma, les premiers films arriv\u00e9s dans le pays y ayant \u00e9t\u00e9 projet\u00e9s, en 1906.<\/p>\n\n\n\n<figure class=\"wp-block-gallery has-nested-images columns-default is-cropped wp-block-gallery-29 is-layout-flex wp-block-gallery-is-layout-flex\">\n<figure class=\"wp-block-image size-large\"><a href=\"https:\/\/topette.net\/wp-content\/uploads\/2023\/02\/P1190003-rotated.jpg\"><img loading=\"lazy\" decoding=\"async\" width=\"768\" height=\"1024\" data-id=\"6800\" src=\"https:\/\/topette.net\/wp-content\/uploads\/2023\/02\/P1190003-rotated.jpg\" alt=\"\" class=\"wp-image-6800\" srcset=\"https:\/\/topette.net\/wp-content\/uploads\/2023\/02\/P1190003-rotated.jpg 768w, https:\/\/topette.net\/wp-content\/uploads\/2023\/02\/P1190003-225x300.jpg 225w\" sizes=\"auto, (max-width: 709px) 85vw, (max-width: 909px) 67vw, (max-width: 984px) 61vw, (max-width: 1362px) 45vw, 600px\" \/><\/a><\/figure>\n<figcaption class=\"blocks-gallery-caption wp-element-caption\"><em>Le Teatro Variedades en attente r\u00e9novation.<\/em><\/figcaption><\/figure>\n\n\n\n<p><\/p>\n\n\n\n<p>Et puis on a \u00e9t\u00e9 visiter le &#8220;Museo del Oro Precolombino&#8221;, superbe mus\u00e9e avec de magnifiques pi\u00e8ces pr\u00e9colombiennes en or ou en poterie, et quelques reconstitutions grandeur nature de la vie d&#8217;alors.<\/p>\n\n\n\n<figure class=\"wp-block-gallery has-nested-images columns-2 is-cropped wp-block-gallery-30 is-layout-flex wp-block-gallery-is-layout-flex\">\n<figure class=\"wp-block-image size-large\"><a href=\"https:\/\/topette.net\/wp-content\/uploads\/2023\/02\/P1190012.jpg\"><img loading=\"lazy\" decoding=\"async\" width=\"1024\" height=\"768\" data-id=\"6802\" src=\"https:\/\/topette.net\/wp-content\/uploads\/2023\/02\/P1190012.jpg\" alt=\"\" class=\"wp-image-6802\" srcset=\"https:\/\/topette.net\/wp-content\/uploads\/2023\/02\/P1190012.jpg 1024w, https:\/\/topette.net\/wp-content\/uploads\/2023\/02\/P1190012-300x225.jpg 300w, https:\/\/topette.net\/wp-content\/uploads\/2023\/02\/P1190012-768x576.jpg 768w\" sizes=\"auto, (max-width: 709px) 85vw, (max-width: 909px) 67vw, (max-width: 1362px) 62vw, 840px\" \/><\/a><\/figure>\n\n\n\n<figure class=\"wp-block-image size-large\"><a href=\"https:\/\/topette.net\/wp-content\/uploads\/2023\/02\/P1190013.jpg\"><img loading=\"lazy\" decoding=\"async\" width=\"1024\" height=\"768\" data-id=\"6803\" src=\"https:\/\/topette.net\/wp-content\/uploads\/2023\/02\/P1190013.jpg\" alt=\"\" class=\"wp-image-6803\" srcset=\"https:\/\/topette.net\/wp-content\/uploads\/2023\/02\/P1190013.jpg 1024w, https:\/\/topette.net\/wp-content\/uploads\/2023\/02\/P1190013-300x225.jpg 300w, https:\/\/topette.net\/wp-content\/uploads\/2023\/02\/P1190013-768x576.jpg 768w\" sizes=\"auto, (max-width: 709px) 85vw, (max-width: 909px) 67vw, (max-width: 1362px) 62vw, 840px\" \/><\/a><\/figure>\n\n\n\n<figure class=\"wp-block-image size-large\"><a href=\"https:\/\/topette.net\/wp-content\/uploads\/2023\/02\/P1190016.jpg\"><img loading=\"lazy\" decoding=\"async\" width=\"1024\" height=\"768\" data-id=\"6801\" src=\"https:\/\/topette.net\/wp-content\/uploads\/2023\/02\/P1190016.jpg\" alt=\"\" class=\"wp-image-6801\" srcset=\"https:\/\/topette.net\/wp-content\/uploads\/2023\/02\/P1190016.jpg 1024w, https:\/\/topette.net\/wp-content\/uploads\/2023\/02\/P1190016-300x225.jpg 300w, https:\/\/topette.net\/wp-content\/uploads\/2023\/02\/P1190016-768x576.jpg 768w\" sizes=\"auto, (max-width: 709px) 85vw, (max-width: 909px) 67vw, (max-width: 1362px) 62vw, 840px\" \/><\/a><\/figure>\n\n\n\n<figure class=\"wp-block-image size-large\"><a href=\"https:\/\/topette.net\/wp-content\/uploads\/2023\/02\/P1190022.jpg\"><img loading=\"lazy\" decoding=\"async\" width=\"1024\" height=\"768\" data-id=\"6804\" src=\"https:\/\/topette.net\/wp-content\/uploads\/2023\/02\/P1190022.jpg\" alt=\"\" class=\"wp-image-6804\" srcset=\"https:\/\/topette.net\/wp-content\/uploads\/2023\/02\/P1190022.jpg 1024w, https:\/\/topette.net\/wp-content\/uploads\/2023\/02\/P1190022-300x225.jpg 300w, https:\/\/topette.net\/wp-content\/uploads\/2023\/02\/P1190022-768x576.jpg 768w\" sizes=\"auto, (max-width: 709px) 85vw, (max-width: 909px) 67vw, (max-width: 1362px) 62vw, 840px\" \/><\/a><\/figure>\n\n\n\n<figure class=\"wp-block-image size-large\"><a href=\"https:\/\/topette.net\/wp-content\/uploads\/2023\/02\/P1190024.jpg\"><img loading=\"lazy\" decoding=\"async\" width=\"1024\" height=\"768\" data-id=\"6805\" src=\"https:\/\/topette.net\/wp-content\/uploads\/2023\/02\/P1190024.jpg\" alt=\"\" class=\"wp-image-6805\" srcset=\"https:\/\/topette.net\/wp-content\/uploads\/2023\/02\/P1190024.jpg 1024w, https:\/\/topette.net\/wp-content\/uploads\/2023\/02\/P1190024-300x225.jpg 300w, https:\/\/topette.net\/wp-content\/uploads\/2023\/02\/P1190024-768x576.jpg 768w\" sizes=\"auto, (max-width: 709px) 85vw, (max-width: 909px) 67vw, (max-width: 1362px) 62vw, 840px\" \/><\/a><\/figure>\n\n\n\n<figure class=\"wp-block-image size-large\"><a href=\"https:\/\/topette.net\/wp-content\/uploads\/2023\/02\/P1190038.jpg\"><img loading=\"lazy\" decoding=\"async\" width=\"1024\" height=\"768\" data-id=\"6809\" src=\"https:\/\/topette.net\/wp-content\/uploads\/2023\/02\/P1190038.jpg\" alt=\"\" class=\"wp-image-6809\" srcset=\"https:\/\/topette.net\/wp-content\/uploads\/2023\/02\/P1190038.jpg 1024w, https:\/\/topette.net\/wp-content\/uploads\/2023\/02\/P1190038-300x225.jpg 300w, https:\/\/topette.net\/wp-content\/uploads\/2023\/02\/P1190038-768x576.jpg 768w\" sizes=\"auto, (max-width: 709px) 85vw, (max-width: 909px) 67vw, (max-width: 1362px) 62vw, 840px\" \/><\/a><\/figure>\n\n\n\n<figure class=\"wp-block-image size-large\"><a href=\"https:\/\/topette.net\/wp-content\/uploads\/2023\/02\/P1190026.jpg\"><img loading=\"lazy\" decoding=\"async\" width=\"1024\" height=\"768\" data-id=\"6806\" src=\"https:\/\/topette.net\/wp-content\/uploads\/2023\/02\/P1190026.jpg\" alt=\"\" class=\"wp-image-6806\" srcset=\"https:\/\/topette.net\/wp-content\/uploads\/2023\/02\/P1190026.jpg 1024w, https:\/\/topette.net\/wp-content\/uploads\/2023\/02\/P1190026-300x225.jpg 300w, https:\/\/topette.net\/wp-content\/uploads\/2023\/02\/P1190026-768x576.jpg 768w\" sizes=\"auto, (max-width: 709px) 85vw, (max-width: 909px) 67vw, (max-width: 1362px) 62vw, 840px\" \/><\/a><\/figure>\n\n\n\n<figure class=\"wp-block-image size-large\"><a href=\"https:\/\/topette.net\/wp-content\/uploads\/2023\/02\/P1190056.jpg\"><img loading=\"lazy\" decoding=\"async\" width=\"1024\" height=\"768\" data-id=\"6810\" src=\"https:\/\/topette.net\/wp-content\/uploads\/2023\/02\/P1190056.jpg\" alt=\"\" class=\"wp-image-6810\" srcset=\"https:\/\/topette.net\/wp-content\/uploads\/2023\/02\/P1190056.jpg 1024w, https:\/\/topette.net\/wp-content\/uploads\/2023\/02\/P1190056-300x225.jpg 300w, https:\/\/topette.net\/wp-content\/uploads\/2023\/02\/P1190056-768x576.jpg 768w\" sizes=\"auto, (max-width: 709px) 85vw, (max-width: 909px) 67vw, (max-width: 1362px) 62vw, 840px\" \/><\/a><\/figure>\n\n\n\n<figure class=\"wp-block-image size-large\"><a href=\"https:\/\/topette.net\/wp-content\/uploads\/2023\/02\/P1190028.jpg\"><img loading=\"lazy\" decoding=\"async\" width=\"1024\" height=\"768\" data-id=\"6807\" src=\"https:\/\/topette.net\/wp-content\/uploads\/2023\/02\/P1190028.jpg\" alt=\"\" class=\"wp-image-6807\" srcset=\"https:\/\/topette.net\/wp-content\/uploads\/2023\/02\/P1190028.jpg 1024w, https:\/\/topette.net\/wp-content\/uploads\/2023\/02\/P1190028-300x225.jpg 300w, https:\/\/topette.net\/wp-content\/uploads\/2023\/02\/P1190028-768x576.jpg 768w\" sizes=\"auto, (max-width: 709px) 85vw, (max-width: 909px) 67vw, (max-width: 1362px) 62vw, 840px\" \/><\/a><\/figure>\n\n\n\n<figure class=\"wp-block-image size-large\"><a href=\"https:\/\/topette.net\/wp-content\/uploads\/2023\/02\/P1190029.jpg\"><img loading=\"lazy\" decoding=\"async\" width=\"1024\" height=\"768\" data-id=\"6808\" src=\"https:\/\/topette.net\/wp-content\/uploads\/2023\/02\/P1190029.jpg\" alt=\"\" class=\"wp-image-6808\" srcset=\"https:\/\/topette.net\/wp-content\/uploads\/2023\/02\/P1190029.jpg 1024w, https:\/\/topette.net\/wp-content\/uploads\/2023\/02\/P1190029-300x225.jpg 300w, https:\/\/topette.net\/wp-content\/uploads\/2023\/02\/P1190029-768x576.jpg 768w\" sizes=\"auto, (max-width: 709px) 85vw, (max-width: 909px) 67vw, (max-width: 1362px) 62vw, 840px\" \/><\/a><\/figure>\n<figcaption class=\"blocks-gallery-caption wp-element-caption\"><em>Des pi\u00e8ces pr\u00e9colombiennes magnifiques en poterie, en or et des reconstitutions.<\/em><\/figcaption><\/figure>\n\n\n\n<p><\/p>\n\n\n\n<figure class=\"wp-block-gallery has-nested-images columns-2 is-cropped wp-block-gallery-31 is-layout-flex wp-block-gallery-is-layout-flex\">\n<figure class=\"wp-block-image size-large\"><a href=\"https:\/\/topette.net\/wp-content\/uploads\/2023\/02\/P1190045-rotated.jpg\"><img loading=\"lazy\" decoding=\"async\" width=\"768\" height=\"1024\" data-id=\"6814\" src=\"https:\/\/topette.net\/wp-content\/uploads\/2023\/02\/P1190045-rotated.jpg\" alt=\"\" class=\"wp-image-6814\" srcset=\"https:\/\/topette.net\/wp-content\/uploads\/2023\/02\/P1190045-rotated.jpg 768w, https:\/\/topette.net\/wp-content\/uploads\/2023\/02\/P1190045-225x300.jpg 225w\" sizes=\"auto, (max-width: 709px) 85vw, (max-width: 909px) 67vw, (max-width: 984px) 61vw, (max-width: 1362px) 45vw, 600px\" \/><\/a><\/figure>\n\n\n\n<figure class=\"wp-block-image size-large\"><a href=\"https:\/\/topette.net\/wp-content\/uploads\/2023\/02\/P1190047-rotated.jpg\"><img loading=\"lazy\" decoding=\"async\" width=\"768\" height=\"1024\" data-id=\"6813\" src=\"https:\/\/topette.net\/wp-content\/uploads\/2023\/02\/P1190047-rotated.jpg\" alt=\"\" class=\"wp-image-6813\" srcset=\"https:\/\/topette.net\/wp-content\/uploads\/2023\/02\/P1190047-rotated.jpg 768w, https:\/\/topette.net\/wp-content\/uploads\/2023\/02\/P1190047-225x300.jpg 225w\" sizes=\"auto, (max-width: 709px) 85vw, (max-width: 909px) 67vw, (max-width: 984px) 61vw, (max-width: 1362px) 45vw, 600px\" \/><\/a><\/figure>\n\n\n\n<figure class=\"wp-block-image size-large\"><a href=\"https:\/\/topette.net\/wp-content\/uploads\/2023\/02\/P1190035-rotated.jpg\"><img loading=\"lazy\" decoding=\"async\" width=\"768\" height=\"1024\" data-id=\"6812\" src=\"https:\/\/topette.net\/wp-content\/uploads\/2023\/02\/P1190035-rotated.jpg\" alt=\"\" class=\"wp-image-6812\" srcset=\"https:\/\/topette.net\/wp-content\/uploads\/2023\/02\/P1190035-rotated.jpg 768w, https:\/\/topette.net\/wp-content\/uploads\/2023\/02\/P1190035-225x300.jpg 225w\" sizes=\"auto, (max-width: 709px) 85vw, (max-width: 909px) 67vw, (max-width: 984px) 61vw, (max-width: 1362px) 45vw, 600px\" \/><\/a><\/figure>\n<figcaption class=\"blocks-gallery-caption wp-element-caption\"><em>Des figurines f\u00e9minines pr\u00e9colombiennes.<\/em><\/figcaption><\/figure>\n\n\n\n<p><\/p>\n\n\n\n<p>C&#8217;\u00e9tait superbe, on y a bien pass\u00e9 pas loin de trois heures. La fa\u00e7on de r\u00e9aliser les pi\u00e8ces en or est expliqu\u00e9e en d\u00e9tail et les explications sur la vie \u00e0 l&#8217;\u00e9poque pr\u00e9colombienne sont int\u00e9ressants.<\/p>\n\n\n\n<p>En sortant on a vu le &#8220;Teatro Nacional&#8221;, le Th\u00e9\u00e2tre National du Costa Rica achev\u00e9 en 1897. Il est consid\u00e9r\u00e9 comme l&#8217;un des b\u00e2timents les plus importants de l&#8217;histoire nationale.<\/p>\n\n\n\n<figure class=\"wp-block-gallery has-nested-images columns-default is-cropped wp-block-gallery-32 is-layout-flex wp-block-gallery-is-layout-flex\">\n<figure class=\"wp-block-image size-large\"><a href=\"https:\/\/topette.net\/wp-content\/uploads\/2023\/02\/P1190066.jpg\"><img loading=\"lazy\" decoding=\"async\" width=\"1024\" height=\"768\" data-id=\"6815\" src=\"https:\/\/topette.net\/wp-content\/uploads\/2023\/02\/P1190066.jpg\" alt=\"\" class=\"wp-image-6815\" srcset=\"https:\/\/topette.net\/wp-content\/uploads\/2023\/02\/P1190066.jpg 1024w, https:\/\/topette.net\/wp-content\/uploads\/2023\/02\/P1190066-300x225.jpg 300w, https:\/\/topette.net\/wp-content\/uploads\/2023\/02\/P1190066-768x576.jpg 768w\" sizes=\"auto, (max-width: 709px) 85vw, (max-width: 909px) 67vw, (max-width: 1362px) 62vw, 840px\" \/><\/a><\/figure>\n<figcaption class=\"blocks-gallery-caption wp-element-caption\"><em>Le &#8220;Teatro Nacional&#8221; de San Jos\u00e9.<\/em><\/figcaption><\/figure>\n\n\n\n<p><\/p>\n\n\n\n<p>Sur la fa\u00e7ade du th\u00e9\u00e2tre on voit les statues de La M\u00fasica, La Fama et La Danza (la danse, la renomm\u00e9e et la musique pour les non-hispanophones) et sur les c\u00f4t\u00e9s de l&#8217;entr\u00e9e se trouvent les statues de Beethoven et de Pedro Calder\u00f3n de la Barca (po\u00e8te et dramaturge espagnol, ne me remerciez pas c&#8217;est cadeau).<\/p>\n\n\n\n<figure class=\"wp-block-gallery has-nested-images columns-default is-cropped wp-block-gallery-33 is-layout-flex wp-block-gallery-is-layout-flex\">\n<figure class=\"wp-block-image size-large\"><a href=\"https:\/\/topette.net\/wp-content\/uploads\/2023\/02\/P1190067-rotated.jpg\"><img loading=\"lazy\" decoding=\"async\" width=\"768\" height=\"1024\" data-id=\"6816\" src=\"https:\/\/topette.net\/wp-content\/uploads\/2023\/02\/P1190067-rotated.jpg\" alt=\"\" class=\"wp-image-6816\" srcset=\"https:\/\/topette.net\/wp-content\/uploads\/2023\/02\/P1190067-rotated.jpg 768w, https:\/\/topette.net\/wp-content\/uploads\/2023\/02\/P1190067-225x300.jpg 225w\" sizes=\"auto, (max-width: 709px) 85vw, (max-width: 909px) 67vw, (max-width: 984px) 61vw, (max-width: 1362px) 45vw, 600px\" \/><\/a><\/figure>\n<figcaption class=\"blocks-gallery-caption wp-element-caption\"><em>Statue &#8220;La Fama&#8221; sur le fronton du Teatro Nacional.<\/em><\/figcaption><\/figure>\n\n\n\n<p><\/p>\n\n\n\n<p>D&#8217;influence parisienne, l&#8217;int\u00e9rieur est superbe avec une vari\u00e9t\u00e9 de styles du pomp\u00e9ien au baroque et au rococo de la d\u00e9coration int\u00e9rieure de la seconde salle, et avec sa coupole m\u00e9tallique fabriqu\u00e9e en Belgique.<\/p>\n\n\n\n<figure class=\"wp-block-gallery has-nested-images columns-default is-cropped wp-block-gallery-34 is-layout-flex wp-block-gallery-is-layout-flex\">\n<figure class=\"wp-block-image size-large\"><a href=\"https:\/\/topette.net\/wp-content\/uploads\/2023\/02\/P1190069-rotated.jpg\"><img loading=\"lazy\" decoding=\"async\" width=\"768\" height=\"1024\" data-id=\"6818\" src=\"https:\/\/topette.net\/wp-content\/uploads\/2023\/02\/P1190069-rotated.jpg\" alt=\"\" class=\"wp-image-6818\" srcset=\"https:\/\/topette.net\/wp-content\/uploads\/2023\/02\/P1190069-rotated.jpg 768w, https:\/\/topette.net\/wp-content\/uploads\/2023\/02\/P1190069-225x300.jpg 225w\" sizes=\"auto, (max-width: 709px) 85vw, (max-width: 909px) 67vw, (max-width: 984px) 61vw, (max-width: 1362px) 45vw, 600px\" \/><\/a><\/figure>\n\n\n\n<figure class=\"wp-block-image size-large\"><a href=\"https:\/\/topette.net\/wp-content\/uploads\/2023\/02\/P1190071-rotated.jpg\"><img loading=\"lazy\" decoding=\"async\" width=\"768\" height=\"1024\" data-id=\"6819\" src=\"https:\/\/topette.net\/wp-content\/uploads\/2023\/02\/P1190071-rotated.jpg\" alt=\"\" class=\"wp-image-6819\" srcset=\"https:\/\/topette.net\/wp-content\/uploads\/2023\/02\/P1190071-rotated.jpg 768w, https:\/\/topette.net\/wp-content\/uploads\/2023\/02\/P1190071-225x300.jpg 225w\" sizes=\"auto, (max-width: 709px) 85vw, (max-width: 909px) 67vw, (max-width: 984px) 61vw, (max-width: 1362px) 45vw, 600px\" \/><\/a><\/figure>\n\n\n\n<figure class=\"wp-block-image size-large\"><a href=\"https:\/\/topette.net\/wp-content\/uploads\/2023\/02\/P1190077-rotated.jpg\"><img loading=\"lazy\" decoding=\"async\" width=\"768\" height=\"1024\" data-id=\"6817\" src=\"https:\/\/topette.net\/wp-content\/uploads\/2023\/02\/P1190077-rotated.jpg\" alt=\"\" class=\"wp-image-6817\" srcset=\"https:\/\/topette.net\/wp-content\/uploads\/2023\/02\/P1190077-rotated.jpg 768w, https:\/\/topette.net\/wp-content\/uploads\/2023\/02\/P1190077-225x300.jpg 225w\" sizes=\"auto, (max-width: 709px) 85vw, (max-width: 909px) 67vw, (max-width: 984px) 61vw, (max-width: 1362px) 45vw, 600px\" \/><\/a><\/figure>\n\n\n\n<figure class=\"wp-block-image size-large\"><a href=\"https:\/\/topette.net\/wp-content\/uploads\/2023\/02\/P1190079-rotated.jpg\"><img loading=\"lazy\" decoding=\"async\" width=\"768\" height=\"1024\" data-id=\"6821\" src=\"https:\/\/topette.net\/wp-content\/uploads\/2023\/02\/P1190079-rotated.jpg\" alt=\"\" class=\"wp-image-6821\" srcset=\"https:\/\/topette.net\/wp-content\/uploads\/2023\/02\/P1190079-rotated.jpg 768w, https:\/\/topette.net\/wp-content\/uploads\/2023\/02\/P1190079-225x300.jpg 225w\" sizes=\"auto, (max-width: 709px) 85vw, (max-width: 909px) 67vw, (max-width: 984px) 61vw, (max-width: 1362px) 45vw, 600px\" \/><\/a><\/figure>\n\n\n\n<figure class=\"wp-block-image size-large\"><a href=\"https:\/\/topette.net\/wp-content\/uploads\/2023\/02\/P1190084-rotated.jpg\"><img loading=\"lazy\" decoding=\"async\" width=\"768\" height=\"1024\" data-id=\"6820\" src=\"https:\/\/topette.net\/wp-content\/uploads\/2023\/02\/P1190084-rotated.jpg\" alt=\"\" class=\"wp-image-6820\" srcset=\"https:\/\/topette.net\/wp-content\/uploads\/2023\/02\/P1190084-rotated.jpg 768w, https:\/\/topette.net\/wp-content\/uploads\/2023\/02\/P1190084-225x300.jpg 225w\" sizes=\"auto, (max-width: 709px) 85vw, (max-width: 909px) 67vw, (max-width: 984px) 61vw, (max-width: 1362px) 45vw, 600px\" \/><\/a><\/figure>\n<figcaption class=\"blocks-gallery-caption wp-element-caption\"><em>Le &#8220;Teatro Nacional&#8221; de San Jos\u00e9.<\/em><\/figcaption><\/figure>\n\n\n\n<p><\/p>\n\n\n\n<figure class=\"wp-block-gallery has-nested-images columns-2 is-cropped wp-block-gallery-35 is-layout-flex wp-block-gallery-is-layout-flex\">\n<figure class=\"wp-block-image size-large\"><a href=\"https:\/\/topette.net\/wp-content\/uploads\/2023\/02\/P1190073.jpg\"><img loading=\"lazy\" decoding=\"async\" width=\"1024\" height=\"768\" data-id=\"6823\" src=\"https:\/\/topette.net\/wp-content\/uploads\/2023\/02\/P1190073.jpg\" alt=\"\" class=\"wp-image-6823\" srcset=\"https:\/\/topette.net\/wp-content\/uploads\/2023\/02\/P1190073.jpg 1024w, https:\/\/topette.net\/wp-content\/uploads\/2023\/02\/P1190073-300x225.jpg 300w, https:\/\/topette.net\/wp-content\/uploads\/2023\/02\/P1190073-768x576.jpg 768w\" sizes=\"auto, (max-width: 709px) 85vw, (max-width: 909px) 67vw, (max-width: 1362px) 62vw, 840px\" \/><\/a><\/figure>\n\n\n\n<figure class=\"wp-block-image size-large\"><a href=\"https:\/\/topette.net\/wp-content\/uploads\/2023\/02\/P1190080.jpg\"><img loading=\"lazy\" decoding=\"async\" width=\"1024\" height=\"768\" data-id=\"6824\" src=\"https:\/\/topette.net\/wp-content\/uploads\/2023\/02\/P1190080.jpg\" alt=\"\" class=\"wp-image-6824\" srcset=\"https:\/\/topette.net\/wp-content\/uploads\/2023\/02\/P1190080.jpg 1024w, https:\/\/topette.net\/wp-content\/uploads\/2023\/02\/P1190080-300x225.jpg 300w, https:\/\/topette.net\/wp-content\/uploads\/2023\/02\/P1190080-768x576.jpg 768w\" sizes=\"auto, (max-width: 709px) 85vw, (max-width: 909px) 67vw, (max-width: 1362px) 62vw, 840px\" \/><\/a><\/figure>\n\n\n\n<figure class=\"wp-block-image size-large\"><a href=\"https:\/\/topette.net\/wp-content\/uploads\/2023\/02\/P1190078.jpg\"><img loading=\"lazy\" decoding=\"async\" width=\"1024\" height=\"768\" data-id=\"6822\" src=\"https:\/\/topette.net\/wp-content\/uploads\/2023\/02\/P1190078.jpg\" alt=\"\" class=\"wp-image-6822\" srcset=\"https:\/\/topette.net\/wp-content\/uploads\/2023\/02\/P1190078.jpg 1024w, https:\/\/topette.net\/wp-content\/uploads\/2023\/02\/P1190078-300x225.jpg 300w, https:\/\/topette.net\/wp-content\/uploads\/2023\/02\/P1190078-768x576.jpg 768w\" sizes=\"auto, (max-width: 709px) 85vw, (max-width: 909px) 67vw, (max-width: 1362px) 62vw, 840px\" \/><\/a><\/figure>\n<figcaption class=\"blocks-gallery-caption wp-element-caption\"><em>Le &#8220;Teatro Nacional&#8221; de San Jos\u00e9 avec le plafond peint de la caf\u00e9t\u00e9ria.<\/em><\/figcaption><\/figure>\n\n\n\n<p><\/p>\n\n\n\n<p>En partant nous avons vu plusieurs types d&#8217;art. Du street-art d&#8217;abord (de taille et d&#8217;ambition diff\u00e9rentes).<\/p>\n\n\n\n<figure class=\"wp-block-gallery has-nested-images columns-default is-cropped wp-block-gallery-36 is-layout-flex wp-block-gallery-is-layout-flex\">\n<figure class=\"wp-block-image size-large\"><a href=\"https:\/\/topette.net\/wp-content\/uploads\/2023\/02\/P1190006-1-rotated.jpg\"><img loading=\"lazy\" decoding=\"async\" width=\"768\" height=\"1024\" data-id=\"6825\" src=\"https:\/\/topette.net\/wp-content\/uploads\/2023\/02\/P1190006-1-rotated.jpg\" alt=\"\" class=\"wp-image-6825\" srcset=\"https:\/\/topette.net\/wp-content\/uploads\/2023\/02\/P1190006-1-rotated.jpg 768w, https:\/\/topette.net\/wp-content\/uploads\/2023\/02\/P1190006-1-225x300.jpg 225w\" sizes=\"auto, (max-width: 709px) 85vw, (max-width: 909px) 67vw, (max-width: 984px) 61vw, (max-width: 1362px) 45vw, 600px\" \/><\/a><\/figure>\n\n\n\n<figure class=\"wp-block-image size-large\"><a href=\"https:\/\/topette.net\/wp-content\/uploads\/2023\/02\/P1190086-rotated.jpg\"><img loading=\"lazy\" decoding=\"async\" width=\"768\" height=\"1024\" data-id=\"6826\" src=\"https:\/\/topette.net\/wp-content\/uploads\/2023\/02\/P1190086-rotated.jpg\" alt=\"\" class=\"wp-image-6826\" srcset=\"https:\/\/topette.net\/wp-content\/uploads\/2023\/02\/P1190086-rotated.jpg 768w, https:\/\/topette.net\/wp-content\/uploads\/2023\/02\/P1190086-225x300.jpg 225w\" sizes=\"auto, (max-width: 709px) 85vw, (max-width: 909px) 67vw, (max-width: 984px) 61vw, (max-width: 1362px) 45vw, 600px\" \/><\/a><\/figure>\n<figcaption class=\"blocks-gallery-caption wp-element-caption\"><em>Du street-art avec des ambitions diff\u00e9rentes.<\/em><\/figcaption><\/figure>\n\n\n\n<p><\/p>\n\n\n\n<p>Et de l&#8217;art m\u00e9canique ensuite (l\u00e0 l&#8217;essentiel reste que \u00e7a freine parce qu&#8217;on peut vous dire que \u00e7a roule !).<\/p>\n\n\n\n<figure class=\"wp-block-gallery has-nested-images columns-1 is-cropped wp-block-gallery-37 is-layout-flex wp-block-gallery-is-layout-flex\">\n<figure class=\"wp-block-image size-large\"><a href=\"https:\/\/topette.net\/wp-content\/uploads\/2023\/02\/P1190091.jpg\"><img loading=\"lazy\" decoding=\"async\" width=\"1024\" height=\"768\" data-id=\"6827\" src=\"https:\/\/topette.net\/wp-content\/uploads\/2023\/02\/P1190091.jpg\" alt=\"\" class=\"wp-image-6827\" srcset=\"https:\/\/topette.net\/wp-content\/uploads\/2023\/02\/P1190091.jpg 1024w, https:\/\/topette.net\/wp-content\/uploads\/2023\/02\/P1190091-300x225.jpg 300w, https:\/\/topette.net\/wp-content\/uploads\/2023\/02\/P1190091-768x576.jpg 768w\" sizes=\"auto, (max-width: 709px) 85vw, (max-width: 909px) 67vw, (max-width: 1362px) 62vw, 840px\" \/><\/a><\/figure>\n\n\n\n<figure class=\"wp-block-image size-large\"><a href=\"https:\/\/topette.net\/wp-content\/uploads\/2023\/02\/P1190102.jpg\"><img loading=\"lazy\" decoding=\"async\" width=\"1024\" height=\"768\" data-id=\"6828\" src=\"https:\/\/topette.net\/wp-content\/uploads\/2023\/02\/P1190102.jpg\" alt=\"\" class=\"wp-image-6828\" srcset=\"https:\/\/topette.net\/wp-content\/uploads\/2023\/02\/P1190102.jpg 1024w, https:\/\/topette.net\/wp-content\/uploads\/2023\/02\/P1190102-300x225.jpg 300w, https:\/\/topette.net\/wp-content\/uploads\/2023\/02\/P1190102-768x576.jpg 768w\" sizes=\"auto, (max-width: 709px) 85vw, (max-width: 909px) 67vw, (max-width: 1362px) 62vw, 840px\" \/><\/a><\/figure>\n<figcaption class=\"blocks-gallery-caption wp-element-caption\"><em>Bolides fendant l&#8217;air ou v\u00e9los \u00e0 moteur.<\/em><\/figcaption><\/figure>\n\n\n\n<p><\/p>\n\n\n\n<p>Nous avons aper\u00e7u le Th\u00e9\u00e2tre populaire Melico Salazar, de style baroque europ\u00e9en construit en 1928. Il s&#8217;y d\u00e9roule des concerts, des r\u00e9citals et des pi\u00e8ces de th\u00e9\u00e2tre (c&#8217;est un th\u00e9\u00e2tre en activit\u00e9 quoi).<\/p>\n\n\n\n<figure class=\"wp-block-gallery has-nested-images columns-default is-cropped wp-block-gallery-38 is-layout-flex wp-block-gallery-is-layout-flex\">\n<figure class=\"wp-block-image size-large\"><a href=\"https:\/\/topette.net\/wp-content\/uploads\/2023\/02\/P1190087.jpg\"><img loading=\"lazy\" decoding=\"async\" width=\"1024\" height=\"768\" data-id=\"6829\" src=\"https:\/\/topette.net\/wp-content\/uploads\/2023\/02\/P1190087.jpg\" alt=\"\" class=\"wp-image-6829\" srcset=\"https:\/\/topette.net\/wp-content\/uploads\/2023\/02\/P1190087.jpg 1024w, https:\/\/topette.net\/wp-content\/uploads\/2023\/02\/P1190087-300x225.jpg 300w, https:\/\/topette.net\/wp-content\/uploads\/2023\/02\/P1190087-768x576.jpg 768w\" sizes=\"auto, (max-width: 709px) 85vw, (max-width: 909px) 67vw, (max-width: 1362px) 62vw, 840px\" \/><\/a><\/figure>\n<figcaption class=\"blocks-gallery-caption wp-element-caption\"><em>Th\u00e9\u00e2tre populaire Melico Salazar.<\/em><\/figcaption><\/figure>\n\n\n\n<p><\/p>\n\n\n\n<p>Non loin de l\u00e0 se trouve la Cath\u00e9drale M\u00e9tropolitaine de San Jos\u00e9 inaugur\u00e9e en 1827, souvent affect\u00e9e par divers s\u00e9ismes au point qu&#8217;il fallut d\u00e9molir les clochers et de les refaire en m\u00e9tal. L&#8217;int\u00e9rieur est joli et surtout on adore les carreaux du sol (\u00e7a ferait bien dans notre entr\u00e9e, non ?).<\/p>\n\n\n\n<p><\/p>\n\n\n\n<figure class=\"wp-block-gallery has-nested-images columns-2 is-cropped wp-block-gallery-39 is-layout-flex wp-block-gallery-is-layout-flex\">\n<figure class=\"wp-block-image size-large\"><a href=\"https:\/\/topette.net\/wp-content\/uploads\/2023\/02\/P1190088.jpg\"><img loading=\"lazy\" decoding=\"async\" width=\"1024\" height=\"768\" data-id=\"6830\" src=\"https:\/\/topette.net\/wp-content\/uploads\/2023\/02\/P1190088.jpg\" alt=\"\" class=\"wp-image-6830\" srcset=\"https:\/\/topette.net\/wp-content\/uploads\/2023\/02\/P1190088.jpg 1024w, https:\/\/topette.net\/wp-content\/uploads\/2023\/02\/P1190088-300x225.jpg 300w, https:\/\/topette.net\/wp-content\/uploads\/2023\/02\/P1190088-768x576.jpg 768w\" sizes=\"auto, (max-width: 709px) 85vw, (max-width: 909px) 67vw, (max-width: 1362px) 62vw, 840px\" \/><\/a><\/figure>\n\n\n\n<figure class=\"wp-block-image size-large\"><a href=\"https:\/\/topette.net\/wp-content\/uploads\/2023\/02\/P1190092.jpg\"><img loading=\"lazy\" decoding=\"async\" width=\"1024\" height=\"768\" data-id=\"6831\" src=\"https:\/\/topette.net\/wp-content\/uploads\/2023\/02\/P1190092.jpg\" alt=\"\" class=\"wp-image-6831\" srcset=\"https:\/\/topette.net\/wp-content\/uploads\/2023\/02\/P1190092.jpg 1024w, https:\/\/topette.net\/wp-content\/uploads\/2023\/02\/P1190092-300x225.jpg 300w, https:\/\/topette.net\/wp-content\/uploads\/2023\/02\/P1190092-768x576.jpg 768w\" sizes=\"auto, (max-width: 709px) 85vw, (max-width: 909px) 67vw, (max-width: 1362px) 62vw, 840px\" \/><\/a><\/figure>\n\n\n\n<figure class=\"wp-block-image size-large\"><a href=\"https:\/\/topette.net\/wp-content\/uploads\/2023\/02\/P1190099.jpg\"><img loading=\"lazy\" decoding=\"async\" width=\"1024\" height=\"768\" data-id=\"6832\" src=\"https:\/\/topette.net\/wp-content\/uploads\/2023\/02\/P1190099.jpg\" alt=\"\" class=\"wp-image-6832\" srcset=\"https:\/\/topette.net\/wp-content\/uploads\/2023\/02\/P1190099.jpg 1024w, https:\/\/topette.net\/wp-content\/uploads\/2023\/02\/P1190099-300x225.jpg 300w, https:\/\/topette.net\/wp-content\/uploads\/2023\/02\/P1190099-768x576.jpg 768w\" sizes=\"auto, (max-width: 709px) 85vw, (max-width: 909px) 67vw, (max-width: 1362px) 62vw, 840px\" \/><\/a><\/figure>\n<figcaption class=\"blocks-gallery-caption wp-element-caption\"><em>La Cath\u00e9drale M\u00e9tropolitaine de San Jos\u00e9.<\/em><\/figcaption><\/figure>\n\n\n\n<p><\/p>\n\n\n\n<p>Sur le chemin du retour, et tant qu&#8217;on est dans les \u00e9glises, on a vu l&#8217;Iglesia de la Soledad dont on ne sait rien, juste qu&#8217;il y a devant une statue de la vierge debout sur une h\u00e9lice d&#8217;avion (la voie rapide pour aller aux cieux peut-\u00eatre ?).<\/p>\n\n\n\n<figure class=\"wp-block-gallery has-nested-images columns-1 is-cropped wp-block-gallery-40 is-layout-flex wp-block-gallery-is-layout-flex\">\n<figure class=\"wp-block-image size-large\"><a href=\"https:\/\/topette.net\/wp-content\/uploads\/2023\/02\/P1190104.jpg\"><img loading=\"lazy\" decoding=\"async\" width=\"1024\" height=\"768\" data-id=\"6833\" src=\"https:\/\/topette.net\/wp-content\/uploads\/2023\/02\/P1190104.jpg\" alt=\"\" class=\"wp-image-6833\" srcset=\"https:\/\/topette.net\/wp-content\/uploads\/2023\/02\/P1190104.jpg 1024w, https:\/\/topette.net\/wp-content\/uploads\/2023\/02\/P1190104-300x225.jpg 300w, https:\/\/topette.net\/wp-content\/uploads\/2023\/02\/P1190104-768x576.jpg 768w\" sizes=\"auto, (max-width: 709px) 85vw, (max-width: 909px) 67vw, (max-width: 1362px) 62vw, 840px\" \/><\/a><\/figure>\n\n\n\n<figure class=\"wp-block-image size-large\"><a href=\"https:\/\/topette.net\/wp-content\/uploads\/2023\/02\/P1190107-rotated.jpg\"><img loading=\"lazy\" decoding=\"async\" width=\"768\" height=\"1024\" data-id=\"6834\" src=\"https:\/\/topette.net\/wp-content\/uploads\/2023\/02\/P1190107-rotated.jpg\" alt=\"\" class=\"wp-image-6834\" srcset=\"https:\/\/topette.net\/wp-content\/uploads\/2023\/02\/P1190107-rotated.jpg 768w, https:\/\/topette.net\/wp-content\/uploads\/2023\/02\/P1190107-225x300.jpg 225w\" sizes=\"auto, (max-width: 709px) 85vw, (max-width: 909px) 67vw, (max-width: 984px) 61vw, (max-width: 1362px) 45vw, 600px\" \/><\/a><\/figure>\n<figcaption class=\"blocks-gallery-caption wp-element-caption\"><em>L&#8217;Iglesia de la Soledad, San Jos\u00e9.<\/em><\/figcaption><\/figure>\n\n\n\n<p><\/p>\n\n\n\n<p>Un qui passe d\u00e9j\u00e0 sa vie dans le ciel c&#8217;est ce joli petit Tyran m\u00e9lancolique (c&#8217;est rigolo comme nom).<\/p>\n\n\n\n<figure class=\"wp-block-gallery has-nested-images columns-default is-cropped wp-block-gallery-41 is-layout-flex wp-block-gallery-is-layout-flex\">\n<figure class=\"wp-block-image size-large\"><a href=\"https:\/\/topette.net\/wp-content\/uploads\/2023\/02\/P1190110.jpg\"><img loading=\"lazy\" decoding=\"async\" width=\"1024\" height=\"768\" data-id=\"6835\" src=\"https:\/\/topette.net\/wp-content\/uploads\/2023\/02\/P1190110.jpg\" alt=\"\" class=\"wp-image-6835\" srcset=\"https:\/\/topette.net\/wp-content\/uploads\/2023\/02\/P1190110.jpg 1024w, https:\/\/topette.net\/wp-content\/uploads\/2023\/02\/P1190110-300x225.jpg 300w, https:\/\/topette.net\/wp-content\/uploads\/2023\/02\/P1190110-768x576.jpg 768w\" sizes=\"auto, (max-width: 709px) 85vw, (max-width: 909px) 67vw, (max-width: 1362px) 62vw, 840px\" \/><\/a><\/figure>\n<figcaption class=\"blocks-gallery-caption wp-element-caption\"><em>Tyran m\u00e9lancolique.<\/em><\/figcaption><\/figure>\n\n\n\n<p><\/p>\n\n\n\n<p>Quittant San Jos\u00e9 (et notre h\u00e9bergement cat\u00e9gorie bonne pioche) par le bus de 8h00 (environ) nous arrivons \u00e0 Quepos sur les coups de 11h30. Quepos est une ville qui n&#8217;a pas grand int\u00e9r\u00eat hormis sa proximit\u00e9 avec le Parc Manuel Antonio. Nous avons fait un tour sur la promenade du bord de l&#8217;oc\u00e9an Pacifique \u00e0 l&#8217;heure o\u00f9 le soleil se couche ce qui nous a permis de voir un congr\u00e8s d&#8217;Urubus Noirs (\u00e0 contre-jour) et un bateau au repos (et bient\u00f4t sur le flanc).<\/p>\n\n\n\n<figure class=\"wp-block-gallery has-nested-images columns-1 is-cropped wp-block-gallery-42 is-layout-flex wp-block-gallery-is-layout-flex\">\n<figure class=\"wp-block-image size-large\"><a href=\"https:\/\/topette.net\/wp-content\/uploads\/2023\/02\/P1190114.jpg\"><img loading=\"lazy\" decoding=\"async\" width=\"1024\" height=\"768\" data-id=\"6877\" src=\"https:\/\/topette.net\/wp-content\/uploads\/2023\/02\/P1190114.jpg\" alt=\"\" class=\"wp-image-6877\" srcset=\"https:\/\/topette.net\/wp-content\/uploads\/2023\/02\/P1190114.jpg 1024w, https:\/\/topette.net\/wp-content\/uploads\/2023\/02\/P1190114-300x225.jpg 300w, https:\/\/topette.net\/wp-content\/uploads\/2023\/02\/P1190114-768x576.jpg 768w\" sizes=\"auto, (max-width: 709px) 85vw, (max-width: 909px) 67vw, (max-width: 1362px) 62vw, 840px\" \/><\/a><\/figure>\n\n\n\n<figure class=\"wp-block-image size-large\"><a href=\"https:\/\/topette.net\/wp-content\/uploads\/2023\/02\/P1190117.jpg\"><img loading=\"lazy\" decoding=\"async\" width=\"1024\" height=\"768\" data-id=\"6879\" src=\"https:\/\/topette.net\/wp-content\/uploads\/2023\/02\/P1190117.jpg\" alt=\"\" class=\"wp-image-6879\" srcset=\"https:\/\/topette.net\/wp-content\/uploads\/2023\/02\/P1190117.jpg 1024w, https:\/\/topette.net\/wp-content\/uploads\/2023\/02\/P1190117-300x225.jpg 300w, https:\/\/topette.net\/wp-content\/uploads\/2023\/02\/P1190117-768x576.jpg 768w\" sizes=\"auto, (max-width: 709px) 85vw, (max-width: 909px) 67vw, (max-width: 1362px) 62vw, 840px\" \/><\/a><\/figure>\n\n\n\n<figure class=\"wp-block-image size-large\"><a href=\"https:\/\/topette.net\/wp-content\/uploads\/2023\/02\/P1190124.jpg\"><img loading=\"lazy\" decoding=\"async\" width=\"1024\" height=\"768\" data-id=\"6878\" src=\"https:\/\/topette.net\/wp-content\/uploads\/2023\/02\/P1190124.jpg\" alt=\"\" class=\"wp-image-6878\" srcset=\"https:\/\/topette.net\/wp-content\/uploads\/2023\/02\/P1190124.jpg 1024w, https:\/\/topette.net\/wp-content\/uploads\/2023\/02\/P1190124-300x225.jpg 300w, https:\/\/topette.net\/wp-content\/uploads\/2023\/02\/P1190124-768x576.jpg 768w\" sizes=\"auto, (max-width: 709px) 85vw, (max-width: 909px) 67vw, (max-width: 1362px) 62vw, 840px\" \/><\/a><\/figure>\n<figcaption class=\"blocks-gallery-caption wp-element-caption\"><em>Urubus Noirs, bateaux et coucher de soleil \u00e0 Quepos.<\/em><\/figcaption><\/figure>\n\n\n\n<p><\/p>\n\n\n\n<p>Apr\u00e8s avoir achet\u00e9 nos billets d&#8217;entr\u00e9e sur internet pour le cr\u00e9neau 8h00-8h40, nous prenons donc le bus qui, en une demi-heure, nous d\u00e9pose \u00e0 l&#8217;entr\u00e9e du Parc Manuel Antonio dans lequel nous p\u00e9n\u00e9trons apr\u00e8s une attente raisonnable d&#8217;environ aussi une demi-heure. <\/p>\n\n\n\n<figure class=\"wp-block-gallery has-nested-images columns-default is-cropped wp-block-gallery-43 is-layout-flex wp-block-gallery-is-layout-flex\">\n<figure class=\"wp-block-image size-large\"><a href=\"https:\/\/topette.net\/wp-content\/uploads\/2023\/02\/P1190145.jpg\"><img loading=\"lazy\" decoding=\"async\" width=\"1024\" height=\"768\" data-id=\"6880\" src=\"https:\/\/topette.net\/wp-content\/uploads\/2023\/02\/P1190145.jpg\" alt=\"\" class=\"wp-image-6880\" srcset=\"https:\/\/topette.net\/wp-content\/uploads\/2023\/02\/P1190145.jpg 1024w, https:\/\/topette.net\/wp-content\/uploads\/2023\/02\/P1190145-300x225.jpg 300w, https:\/\/topette.net\/wp-content\/uploads\/2023\/02\/P1190145-768x576.jpg 768w\" sizes=\"auto, (max-width: 709px) 85vw, (max-width: 909px) 67vw, (max-width: 1362px) 62vw, 840px\" \/><\/a><\/figure>\n<figcaption class=\"blocks-gallery-caption wp-element-caption\"><em>Le Parc Manuel Antonio.<\/em><\/figcaption><\/figure>\n\n\n\n<p><\/p>\n\n\n\n<p>La balade en sous-bois est assez agr\u00e9able, malgr\u00e9 la pr\u00e9sence de nombreux groupes avec guide (c&#8217;est assez pratique pour rep\u00e9rer des animaux, c&#8217;est l\u00e0 o\u00f9 il y a un attroupement). Nous avons vu un Fourmilier Tamandua mexicana (de dos malheureusement), un Capucin \u00e0 face blanche et un  Engoulevent Pauraqu\u00e9 (c&#8217;est un oiseau bizarre qui ne ressemble pas \u00e0 un oiseau quand il est pos\u00e9 par terre en mode camouflage, on dirait une branche ou un serpent).<\/p>\n\n\n\n<figure class=\"wp-block-gallery has-nested-images columns-1 is-cropped wp-block-gallery-44 is-layout-flex wp-block-gallery-is-layout-flex\">\n<figure class=\"wp-block-image size-large\"><a href=\"https:\/\/topette.net\/wp-content\/uploads\/2023\/02\/P1190142.jpg\"><img loading=\"lazy\" decoding=\"async\" width=\"1024\" height=\"768\" data-id=\"6881\" src=\"https:\/\/topette.net\/wp-content\/uploads\/2023\/02\/P1190142.jpg\" alt=\"\" class=\"wp-image-6881\" srcset=\"https:\/\/topette.net\/wp-content\/uploads\/2023\/02\/P1190142.jpg 1024w, https:\/\/topette.net\/wp-content\/uploads\/2023\/02\/P1190142-300x225.jpg 300w, https:\/\/topette.net\/wp-content\/uploads\/2023\/02\/P1190142-768x576.jpg 768w\" sizes=\"auto, (max-width: 709px) 85vw, (max-width: 909px) 67vw, (max-width: 1362px) 62vw, 840px\" \/><\/a><\/figure>\n\n\n\n<figure class=\"wp-block-image size-large\"><a href=\"https:\/\/topette.net\/wp-content\/uploads\/2023\/02\/P1190151.jpg\"><img loading=\"lazy\" decoding=\"async\" width=\"1024\" height=\"768\" data-id=\"6882\" src=\"https:\/\/topette.net\/wp-content\/uploads\/2023\/02\/P1190151.jpg\" alt=\"\" class=\"wp-image-6882\" srcset=\"https:\/\/topette.net\/wp-content\/uploads\/2023\/02\/P1190151.jpg 1024w, https:\/\/topette.net\/wp-content\/uploads\/2023\/02\/P1190151-300x225.jpg 300w, https:\/\/topette.net\/wp-content\/uploads\/2023\/02\/P1190151-768x576.jpg 768w\" sizes=\"auto, (max-width: 709px) 85vw, (max-width: 909px) 67vw, (max-width: 1362px) 62vw, 840px\" \/><\/a><\/figure>\n\n\n\n<figure class=\"wp-block-image size-large\"><a href=\"https:\/\/topette.net\/wp-content\/uploads\/2023\/02\/P1190165.jpg\"><img loading=\"lazy\" decoding=\"async\" width=\"1024\" height=\"768\" data-id=\"6883\" src=\"https:\/\/topette.net\/wp-content\/uploads\/2023\/02\/P1190165.jpg\" alt=\"\" class=\"wp-image-6883\" srcset=\"https:\/\/topette.net\/wp-content\/uploads\/2023\/02\/P1190165.jpg 1024w, https:\/\/topette.net\/wp-content\/uploads\/2023\/02\/P1190165-300x225.jpg 300w, https:\/\/topette.net\/wp-content\/uploads\/2023\/02\/P1190165-768x576.jpg 768w\" sizes=\"auto, (max-width: 709px) 85vw, (max-width: 909px) 67vw, (max-width: 1362px) 62vw, 840px\" \/><\/a><\/figure>\n<figcaption class=\"blocks-gallery-caption wp-element-caption\"><em>Fourmilier Tamandua Mexicana, Capucin \u00e0 face blanche et Engoulevent Pauraqu\u00e9.<\/em><\/figcaption><\/figure>\n\n\n\n<p><\/p>\n\n\n\n<p>Plus avant sur le sentier, on a vu une petite Grenouille sur une feuille de bananier, un Iguane, un autre Capucin \u00e0 face blanche et enfin un Paresseux.<\/p>\n\n\n\n<figure class=\"wp-block-gallery has-nested-images columns-1 is-cropped wp-block-gallery-45 is-layout-flex wp-block-gallery-is-layout-flex\">\n<figure class=\"wp-block-image size-large\"><a href=\"https:\/\/topette.net\/wp-content\/uploads\/2023\/02\/P1190159.jpg\"><img loading=\"lazy\" decoding=\"async\" width=\"1024\" height=\"768\" data-id=\"6884\" src=\"https:\/\/topette.net\/wp-content\/uploads\/2023\/02\/P1190159.jpg\" alt=\"\" class=\"wp-image-6884\" srcset=\"https:\/\/topette.net\/wp-content\/uploads\/2023\/02\/P1190159.jpg 1024w, https:\/\/topette.net\/wp-content\/uploads\/2023\/02\/P1190159-300x225.jpg 300w, https:\/\/topette.net\/wp-content\/uploads\/2023\/02\/P1190159-768x576.jpg 768w\" sizes=\"auto, (max-width: 709px) 85vw, (max-width: 909px) 67vw, (max-width: 1362px) 62vw, 840px\" \/><\/a><\/figure>\n\n\n\n<figure class=\"wp-block-image size-large\"><a href=\"https:\/\/topette.net\/wp-content\/uploads\/2023\/02\/P1190172.jpg\"><img loading=\"lazy\" decoding=\"async\" width=\"1024\" height=\"768\" data-id=\"6887\" src=\"https:\/\/topette.net\/wp-content\/uploads\/2023\/02\/P1190172.jpg\" alt=\"\" class=\"wp-image-6887\" srcset=\"https:\/\/topette.net\/wp-content\/uploads\/2023\/02\/P1190172.jpg 1024w, https:\/\/topette.net\/wp-content\/uploads\/2023\/02\/P1190172-300x225.jpg 300w, https:\/\/topette.net\/wp-content\/uploads\/2023\/02\/P1190172-768x576.jpg 768w\" sizes=\"auto, (max-width: 709px) 85vw, (max-width: 909px) 67vw, (max-width: 1362px) 62vw, 840px\" \/><\/a><\/figure>\n\n\n\n<figure class=\"wp-block-image size-large\"><a href=\"https:\/\/topette.net\/wp-content\/uploads\/2023\/02\/P1190189.jpg\"><img loading=\"lazy\" decoding=\"async\" width=\"1024\" height=\"768\" data-id=\"6885\" src=\"https:\/\/topette.net\/wp-content\/uploads\/2023\/02\/P1190189.jpg\" alt=\"\" class=\"wp-image-6885\" srcset=\"https:\/\/topette.net\/wp-content\/uploads\/2023\/02\/P1190189.jpg 1024w, https:\/\/topette.net\/wp-content\/uploads\/2023\/02\/P1190189-300x225.jpg 300w, https:\/\/topette.net\/wp-content\/uploads\/2023\/02\/P1190189-768x576.jpg 768w\" sizes=\"auto, (max-width: 709px) 85vw, (max-width: 909px) 67vw, (max-width: 1362px) 62vw, 840px\" \/><\/a><\/figure>\n\n\n\n<figure class=\"wp-block-image size-large\"><a href=\"https:\/\/topette.net\/wp-content\/uploads\/2023\/02\/P1190183.jpg\"><img loading=\"lazy\" decoding=\"async\" width=\"1024\" height=\"768\" data-id=\"6886\" src=\"https:\/\/topette.net\/wp-content\/uploads\/2023\/02\/P1190183.jpg\" alt=\"\" class=\"wp-image-6886\" srcset=\"https:\/\/topette.net\/wp-content\/uploads\/2023\/02\/P1190183.jpg 1024w, https:\/\/topette.net\/wp-content\/uploads\/2023\/02\/P1190183-300x225.jpg 300w, https:\/\/topette.net\/wp-content\/uploads\/2023\/02\/P1190183-768x576.jpg 768w\" sizes=\"auto, (max-width: 709px) 85vw, (max-width: 909px) 67vw, (max-width: 1362px) 62vw, 840px\" \/><\/a><\/figure>\n<figcaption class=\"blocks-gallery-caption wp-element-caption\"><em>Grenouille, Iguane, Capucin \u00e0 face blanche et Paresseux.<\/em><\/figcaption><\/figure>\n\n\n\n<p><\/p>\n\n\n\n<p>Nous arrivons au bout du sentier qui se termine sur une plage au bord du Pacifique. L&#8217;eau est bonne (on a juste mis les pied dedans, on n&#8217;avait pas nos maillots).<\/p>\n\n\n\n<figure class=\"wp-block-gallery has-nested-images columns-default is-cropped wp-block-gallery-46 is-layout-flex wp-block-gallery-is-layout-flex\">\n<figure class=\"wp-block-image size-large\"><a href=\"https:\/\/topette.net\/wp-content\/uploads\/2023\/02\/P1190205.jpg\"><img loading=\"lazy\" decoding=\"async\" width=\"1024\" height=\"768\" data-id=\"6888\" src=\"https:\/\/topette.net\/wp-content\/uploads\/2023\/02\/P1190205.jpg\" alt=\"\" class=\"wp-image-6888\" srcset=\"https:\/\/topette.net\/wp-content\/uploads\/2023\/02\/P1190205.jpg 1024w, https:\/\/topette.net\/wp-content\/uploads\/2023\/02\/P1190205-300x225.jpg 300w, https:\/\/topette.net\/wp-content\/uploads\/2023\/02\/P1190205-768x576.jpg 768w\" sizes=\"auto, (max-width: 709px) 85vw, (max-width: 909px) 67vw, (max-width: 1362px) 62vw, 840px\" \/><\/a><\/figure>\n<figcaption class=\"blocks-gallery-caption wp-element-caption\"><em>La plage du Parc Manuel Antonio.<\/em><\/figcaption><\/figure>\n\n\n\n<p><\/p>\n\n\n\n<p>Apr\u00e8s un peu de repos sur la plage, nous repartons en sens inverse ce qui nous donne l&#8217;occasion de v\u00e9rifier que le Paresseux ne bouge pas souvent (simplifiant beaucoup le travail des guides) et de voir un nouvel iguane.<\/p>\n\n\n\n<figure class=\"wp-block-gallery has-nested-images columns-1 is-cropped wp-block-gallery-47 is-layout-flex wp-block-gallery-is-layout-flex\">\n<figure class=\"wp-block-image size-large\"><a href=\"https:\/\/topette.net\/wp-content\/uploads\/2023\/02\/P1190195.jpg\"><img loading=\"lazy\" decoding=\"async\" width=\"1024\" height=\"768\" data-id=\"6890\" src=\"https:\/\/topette.net\/wp-content\/uploads\/2023\/02\/P1190195.jpg\" alt=\"\" class=\"wp-image-6890\" srcset=\"https:\/\/topette.net\/wp-content\/uploads\/2023\/02\/P1190195.jpg 1024w, https:\/\/topette.net\/wp-content\/uploads\/2023\/02\/P1190195-300x225.jpg 300w, https:\/\/topette.net\/wp-content\/uploads\/2023\/02\/P1190195-768x576.jpg 768w\" sizes=\"auto, (max-width: 709px) 85vw, (max-width: 909px) 67vw, (max-width: 1362px) 62vw, 840px\" \/><\/a><\/figure>\n\n\n\n<figure class=\"wp-block-image size-large\"><a href=\"https:\/\/topette.net\/wp-content\/uploads\/2023\/02\/P1190194.jpg\"><img loading=\"lazy\" decoding=\"async\" width=\"1024\" height=\"768\" data-id=\"6889\" src=\"https:\/\/topette.net\/wp-content\/uploads\/2023\/02\/P1190194.jpg\" alt=\"\" class=\"wp-image-6889\" srcset=\"https:\/\/topette.net\/wp-content\/uploads\/2023\/02\/P1190194.jpg 1024w, https:\/\/topette.net\/wp-content\/uploads\/2023\/02\/P1190194-300x225.jpg 300w, https:\/\/topette.net\/wp-content\/uploads\/2023\/02\/P1190194-768x576.jpg 768w\" sizes=\"auto, (max-width: 709px) 85vw, (max-width: 909px) 67vw, (max-width: 1362px) 62vw, 840px\" \/><\/a><\/figure>\n<figcaption class=\"blocks-gallery-caption wp-element-caption\"><em>Paresseux et Iguane.<\/em><\/figcaption><\/figure>\n\n\n\n<p><\/p>\n\n\n\n<p>Notre visite au Parc Manuel Antonio se termine sur un bilan assez mitig\u00e9 (voire d\u00e9cevant). L&#8217;entr\u00e9e co\u00fbte 18,08 Usd (17 \u20ac) par personne et si on veut un guide, c&#8217;est 65 Usd (69,13 \u20ac) par personne. A ce prix le guide dispose d&#8217;une lunette grossissante, il rep\u00e8re l&#8217;animal, pointe la lunette dessus et il fait la photo \u00e0 travers la lunette avec chaque t\u00e9l\u00e9phone des clients. Du coup chaque animal suscite un attroupement et le sentier devient une succession de ces regroupements. On a un peu l&#8217;impression d&#8217;\u00eatre \u00e0 Disneyland et d&#8217;aller d&#8217;une attraction \u00e0 l&#8217;autre.<\/p>\n\n\n\n<p>De retour \u00e0 Quepos, nous apercevons un petit H\u00e9ron vert qui cherche sa pitance dans la vase du bord de l&#8217;eau.<\/p>\n\n\n\n<figure class=\"wp-block-gallery has-nested-images columns-default is-cropped wp-block-gallery-48 is-layout-flex wp-block-gallery-is-layout-flex\">\n<figure class=\"wp-block-image size-large\"><a href=\"https:\/\/topette.net\/wp-content\/uploads\/2023\/02\/P1190216.jpg\"><img loading=\"lazy\" decoding=\"async\" width=\"1024\" height=\"768\" data-id=\"6893\" src=\"https:\/\/topette.net\/wp-content\/uploads\/2023\/02\/P1190216.jpg\" alt=\"\" class=\"wp-image-6893\" srcset=\"https:\/\/topette.net\/wp-content\/uploads\/2023\/02\/P1190216.jpg 1024w, https:\/\/topette.net\/wp-content\/uploads\/2023\/02\/P1190216-300x225.jpg 300w, https:\/\/topette.net\/wp-content\/uploads\/2023\/02\/P1190216-768x576.jpg 768w\" sizes=\"auto, (max-width: 709px) 85vw, (max-width: 909px) 67vw, (max-width: 1362px) 62vw, 840px\" \/><\/a><\/figure>\n<figcaption class=\"blocks-gallery-caption wp-element-caption\"><em>H\u00e9ron vert.<\/em><\/figcaption><\/figure>\n\n\n\n<p><\/p>\n\n\n\n<p>Le lendemain nous quittons Quepos par le bus de 6h00 (a\u00efe, \u00e7a pique) qui nous d\u00e9pose \u00e0 San Jos\u00e9 vers 9h30. Nous sautons dans un taxi pour changer de terminal de bus (ben oui, pourquoi en avoir un seul) et nous ratons le bus de 10h00 car il ne restait plus qu&#8217;une place. Du coup, c&#8217;est \u00e0 12h00 que nous partons pour Cahuita o\u00f9 nous arrivons \u00e0 17h00 sur trois jambes, Martine s&#8217;\u00e9tant ruin\u00e9 le genou gauche dans le bus.<\/p>\n\n\n\n<p>Le m\u00e9decin diagnostique une tendinite, prescrit des antidouleurs, une attelle et du repos en attente de voir si une infiltration sera n\u00e9cessaire.<\/p>\n\n\n\n<figure class=\"wp-block-gallery has-nested-images columns-default is-cropped wp-block-gallery-49 is-layout-flex wp-block-gallery-is-layout-flex\">\n<figure class=\"wp-block-image size-large\"><a href=\"https:\/\/topette.net\/wp-content\/uploads\/2023\/02\/P1190291.jpg\"><img loading=\"lazy\" decoding=\"async\" width=\"768\" height=\"1024\" data-id=\"6894\" src=\"https:\/\/topette.net\/wp-content\/uploads\/2023\/02\/P1190291.jpg\" alt=\"\" class=\"wp-image-6894\" srcset=\"https:\/\/topette.net\/wp-content\/uploads\/2023\/02\/P1190291.jpg 768w, https:\/\/topette.net\/wp-content\/uploads\/2023\/02\/P1190291-225x300.jpg 225w\" sizes=\"auto, (max-width: 709px) 85vw, (max-width: 909px) 67vw, (max-width: 984px) 61vw, (max-width: 1362px) 45vw, 600px\" \/><\/a><\/figure>\n<figcaption class=\"blocks-gallery-caption wp-element-caption\"><em>Martine, atteinte au genou mais pas au moral !<\/em><\/figcaption><\/figure>\n\n\n\n<p><\/p>\n\n\n\n<p>Heureusement l&#8217;h\u00e9bergement est \u00e0 classer dans la cat\u00e9gorie tr\u00e8s bonne pioche avec une petite piscine, de l&#8217;eau chaude, des g\u00e9rants fran\u00e7ais et sympas et une atmosph\u00e8re conviviale avec des clients prompts aux \u00e9changes. De plus Cahuita est un petit village et tout est regroup\u00e9 (le restaurant en face de l&#8217;h\u00e9bergement, la laverie, la pharmacie les commerces gu\u00e8re plus loin).<\/p>\n\n\n\n<figure class=\"wp-block-gallery has-nested-images columns-default is-cropped wp-block-gallery-50 is-layout-flex wp-block-gallery-is-layout-flex\">\n<figure class=\"wp-block-image size-large\"><a href=\"https:\/\/topette.net\/wp-content\/uploads\/2023\/02\/P1190297.jpg\"><img loading=\"lazy\" decoding=\"async\" width=\"1024\" height=\"768\" data-id=\"6895\" src=\"https:\/\/topette.net\/wp-content\/uploads\/2023\/02\/P1190297.jpg\" alt=\"\" class=\"wp-image-6895\" srcset=\"https:\/\/topette.net\/wp-content\/uploads\/2023\/02\/P1190297.jpg 1024w, https:\/\/topette.net\/wp-content\/uploads\/2023\/02\/P1190297-300x225.jpg 300w, https:\/\/topette.net\/wp-content\/uploads\/2023\/02\/P1190297-768x576.jpg 768w\" sizes=\"auto, (max-width: 709px) 85vw, (max-width: 909px) 67vw, (max-width: 1362px) 62vw, 840px\" \/><\/a><\/figure>\n<figcaption class=\"blocks-gallery-caption wp-element-caption\"><em>Cahuita, petit village tr\u00e8s agr\u00e9able.<\/em><\/figcaption><\/figure>\n\n\n\n<p><\/p>\n\n\n\n<figure class=\"wp-block-gallery has-nested-images columns-default is-cropped wp-block-gallery-51 is-layout-flex wp-block-gallery-is-layout-flex\">\n<figure class=\"wp-block-image size-large\"><a href=\"https:\/\/topette.net\/wp-content\/uploads\/2023\/02\/P1190296-rotated.jpg\"><img loading=\"lazy\" decoding=\"async\" width=\"768\" height=\"1024\" data-id=\"6896\" src=\"https:\/\/topette.net\/wp-content\/uploads\/2023\/02\/P1190296-rotated.jpg\" alt=\"\" class=\"wp-image-6896\" srcset=\"https:\/\/topette.net\/wp-content\/uploads\/2023\/02\/P1190296-rotated.jpg 768w, https:\/\/topette.net\/wp-content\/uploads\/2023\/02\/P1190296-225x300.jpg 225w\" sizes=\"auto, (max-width: 709px) 85vw, (max-width: 909px) 67vw, (max-width: 984px) 61vw, (max-width: 1362px) 45vw, 600px\" \/><\/a><\/figure>\n<figcaption class=\"blocks-gallery-caption wp-element-caption\"><em>Bougainvillier bicolore dans la cour de notre h\u00e9bergement.<\/em><\/figcaption><\/figure>\n\n\n\n<p><\/p>\n\n\n\n<p>C&#8217;est donc seul que je fais la balade dans le Parc de Cahuita qui est tr\u00e8s agr\u00e9able car le sentier longe la mer des Cara\u00efbes et est tr\u00e8s ombrag\u00e9 (et m\u00eame \u00e0 l&#8217;ombre, il fait vite tr\u00e8s chaud).<\/p>\n\n\n\n<figure class=\"wp-block-gallery has-nested-images columns-default is-cropped wp-block-gallery-52 is-layout-flex wp-block-gallery-is-layout-flex\">\n<figure class=\"wp-block-image size-large\"><a href=\"https:\/\/topette.net\/wp-content\/uploads\/2023\/02\/P1190248.jpg\"><img loading=\"lazy\" decoding=\"async\" width=\"1024\" height=\"768\" data-id=\"6897\" src=\"https:\/\/topette.net\/wp-content\/uploads\/2023\/02\/P1190248.jpg\" alt=\"\" class=\"wp-image-6897\" srcset=\"https:\/\/topette.net\/wp-content\/uploads\/2023\/02\/P1190248.jpg 1024w, https:\/\/topette.net\/wp-content\/uploads\/2023\/02\/P1190248-300x225.jpg 300w, https:\/\/topette.net\/wp-content\/uploads\/2023\/02\/P1190248-768x576.jpg 768w\" sizes=\"auto, (max-width: 709px) 85vw, (max-width: 909px) 67vw, (max-width: 1362px) 62vw, 840px\" \/><\/a><\/figure>\n<figcaption class=\"blocks-gallery-caption wp-element-caption\"><em>Sentier du parc de Cahuita.<\/em><\/figcaption><\/figure>\n\n\n\n<p><\/p>\n\n\n\n<p>Je fais attention de suivre les recommandations officielles (manquerait plus que je me fasse mordre \u00e0 une jambe, on deviendrait la handi-team Topette !).<\/p>\n\n\n\n<figure class=\"wp-block-gallery has-nested-images columns-default is-cropped wp-block-gallery-53 is-layout-flex wp-block-gallery-is-layout-flex\">\n<figure class=\"wp-block-image size-large\"><a href=\"https:\/\/topette.net\/wp-content\/uploads\/2023\/02\/P1190228.jpg\"><img loading=\"lazy\" decoding=\"async\" width=\"1024\" height=\"768\" data-id=\"6898\" src=\"https:\/\/topette.net\/wp-content\/uploads\/2023\/02\/P1190228.jpg\" alt=\"\" class=\"wp-image-6898\" srcset=\"https:\/\/topette.net\/wp-content\/uploads\/2023\/02\/P1190228.jpg 1024w, https:\/\/topette.net\/wp-content\/uploads\/2023\/02\/P1190228-300x225.jpg 300w, https:\/\/topette.net\/wp-content\/uploads\/2023\/02\/P1190228-768x576.jpg 768w\" sizes=\"auto, (max-width: 709px) 85vw, (max-width: 909px) 67vw, (max-width: 1362px) 62vw, 840px\" \/><\/a><\/figure>\n<figcaption class=\"blocks-gallery-caption wp-element-caption\"><em>C&#8217;est marrant comme le &#8220;R&#8221; change de place.<\/em><\/figcaption><\/figure>\n\n\n\n<p><\/p>\n\n\n\n<p>J&#8217;ai eu la chance de voir un Jacana du Mexique, des Sternes royales, un Onor\u00e9 ray\u00e9 (juv\u00e9nile) ou h\u00e9ron tigre (c&#8217;est marrant il \u00e9tire son cou en ondulant quand il soup\u00e7onne un danger).<\/p>\n\n\n\n<figure class=\"wp-block-gallery has-nested-images columns-1 is-cropped wp-block-gallery-54 is-layout-flex wp-block-gallery-is-layout-flex\">\n<figure class=\"wp-block-image size-large\"><a href=\"https:\/\/topette.net\/wp-content\/uploads\/2023\/02\/P1190225.jpg\"><img loading=\"lazy\" decoding=\"async\" width=\"1024\" height=\"768\" data-id=\"6901\" src=\"https:\/\/topette.net\/wp-content\/uploads\/2023\/02\/P1190225.jpg\" alt=\"\" class=\"wp-image-6901\" srcset=\"https:\/\/topette.net\/wp-content\/uploads\/2023\/02\/P1190225.jpg 1024w, https:\/\/topette.net\/wp-content\/uploads\/2023\/02\/P1190225-300x225.jpg 300w, https:\/\/topette.net\/wp-content\/uploads\/2023\/02\/P1190225-768x576.jpg 768w\" sizes=\"auto, (max-width: 709px) 85vw, (max-width: 909px) 67vw, (max-width: 1362px) 62vw, 840px\" \/><\/a><\/figure>\n\n\n\n<figure class=\"wp-block-image size-large\"><a href=\"https:\/\/topette.net\/wp-content\/uploads\/2023\/02\/P1190243.jpg\"><img loading=\"lazy\" decoding=\"async\" width=\"1024\" height=\"768\" data-id=\"6902\" src=\"https:\/\/topette.net\/wp-content\/uploads\/2023\/02\/P1190243.jpg\" alt=\"\" class=\"wp-image-6902\" srcset=\"https:\/\/topette.net\/wp-content\/uploads\/2023\/02\/P1190243.jpg 1024w, https:\/\/topette.net\/wp-content\/uploads\/2023\/02\/P1190243-300x225.jpg 300w, https:\/\/topette.net\/wp-content\/uploads\/2023\/02\/P1190243-768x576.jpg 768w\" sizes=\"auto, (max-width: 709px) 85vw, (max-width: 909px) 67vw, (max-width: 1362px) 62vw, 840px\" \/><\/a><\/figure>\n\n\n\n<figure class=\"wp-block-image size-large\"><a href=\"https:\/\/topette.net\/wp-content\/uploads\/2023\/02\/P1190244.jpg\"><img loading=\"lazy\" decoding=\"async\" width=\"1024\" height=\"768\" data-id=\"6903\" src=\"https:\/\/topette.net\/wp-content\/uploads\/2023\/02\/P1190244.jpg\" alt=\"\" class=\"wp-image-6903\" srcset=\"https:\/\/topette.net\/wp-content\/uploads\/2023\/02\/P1190244.jpg 1024w, https:\/\/topette.net\/wp-content\/uploads\/2023\/02\/P1190244-300x225.jpg 300w, https:\/\/topette.net\/wp-content\/uploads\/2023\/02\/P1190244-768x576.jpg 768w\" sizes=\"auto, (max-width: 709px) 85vw, (max-width: 909px) 67vw, (max-width: 1362px) 62vw, 840px\" \/><\/a><\/figure>\n<figcaption class=\"blocks-gallery-caption wp-element-caption\"><em> Un Jacana du Mexique et des Sternes royales au piquet.<\/em><\/figcaption><\/figure>\n\n\n\n<p><\/p>\n\n\n\n<figure class=\"wp-block-gallery has-nested-images columns-1 is-cropped wp-block-gallery-55 is-layout-flex wp-block-gallery-is-layout-flex\">\n<figure class=\"wp-block-image size-large\"><a href=\"https:\/\/topette.net\/wp-content\/uploads\/2023\/02\/P1190261.jpg\"><img loading=\"lazy\" decoding=\"async\" width=\"1024\" height=\"768\" data-id=\"6904\" src=\"https:\/\/topette.net\/wp-content\/uploads\/2023\/02\/P1190261.jpg\" alt=\"\" class=\"wp-image-6904\" srcset=\"https:\/\/topette.net\/wp-content\/uploads\/2023\/02\/P1190261.jpg 1024w, https:\/\/topette.net\/wp-content\/uploads\/2023\/02\/P1190261-300x225.jpg 300w, https:\/\/topette.net\/wp-content\/uploads\/2023\/02\/P1190261-768x576.jpg 768w\" sizes=\"auto, (max-width: 709px) 85vw, (max-width: 909px) 67vw, (max-width: 1362px) 62vw, 840px\" \/><\/a><\/figure>\n\n\n\n<figure class=\"wp-block-image size-large\"><a href=\"https:\/\/topette.net\/wp-content\/uploads\/2023\/02\/P1190255-rotated.jpg\"><img loading=\"lazy\" decoding=\"async\" width=\"768\" height=\"1024\" data-id=\"6905\" src=\"https:\/\/topette.net\/wp-content\/uploads\/2023\/02\/P1190255-rotated.jpg\" alt=\"\" class=\"wp-image-6905\" srcset=\"https:\/\/topette.net\/wp-content\/uploads\/2023\/02\/P1190255-rotated.jpg 768w, https:\/\/topette.net\/wp-content\/uploads\/2023\/02\/P1190255-225x300.jpg 225w\" sizes=\"auto, (max-width: 709px) 85vw, (max-width: 909px) 67vw, (max-width: 984px) 61vw, (max-width: 1362px) 45vw, 600px\" \/><\/a><\/figure>\n<figcaption class=\"blocks-gallery-caption wp-element-caption\"><em> Onor\u00e9 ray\u00e9 (juv\u00e9nile) ou h\u00e9ron tigre (au repos puis cou \u00e9tir\u00e9).<\/em><\/figcaption><\/figure>\n\n\n\n<p><\/p>\n\n\n\n<p>En animaux \u00e0 poils j&#8217;ai vu des singes Capucins \u00e0 face blanche, un \u00e9cureuil qui attaquait une noix de coco et un Raton laveur curieux.<\/p>\n\n\n\n<figure class=\"wp-block-gallery has-nested-images columns-2 is-cropped wp-block-gallery-56 is-layout-flex wp-block-gallery-is-layout-flex\">\n<figure class=\"wp-block-image size-large\"><a href=\"https:\/\/topette.net\/wp-content\/uploads\/2023\/02\/P1190231.jpg\"><img loading=\"lazy\" decoding=\"async\" width=\"1024\" height=\"768\" data-id=\"6899\" src=\"https:\/\/topette.net\/wp-content\/uploads\/2023\/02\/P1190231.jpg\" alt=\"\" class=\"wp-image-6899\" srcset=\"https:\/\/topette.net\/wp-content\/uploads\/2023\/02\/P1190231.jpg 1024w, https:\/\/topette.net\/wp-content\/uploads\/2023\/02\/P1190231-300x225.jpg 300w, https:\/\/topette.net\/wp-content\/uploads\/2023\/02\/P1190231-768x576.jpg 768w\" sizes=\"auto, (max-width: 709px) 85vw, (max-width: 909px) 67vw, (max-width: 1362px) 62vw, 840px\" \/><\/a><\/figure>\n\n\n\n<figure class=\"wp-block-image size-large\"><a href=\"https:\/\/topette.net\/wp-content\/uploads\/2023\/02\/P1190235.jpg\"><img loading=\"lazy\" decoding=\"async\" width=\"1024\" height=\"768\" data-id=\"6900\" src=\"https:\/\/topette.net\/wp-content\/uploads\/2023\/02\/P1190235.jpg\" alt=\"\" class=\"wp-image-6900\" srcset=\"https:\/\/topette.net\/wp-content\/uploads\/2023\/02\/P1190235.jpg 1024w, https:\/\/topette.net\/wp-content\/uploads\/2023\/02\/P1190235-300x225.jpg 300w, https:\/\/topette.net\/wp-content\/uploads\/2023\/02\/P1190235-768x576.jpg 768w\" sizes=\"auto, (max-width: 709px) 85vw, (max-width: 909px) 67vw, (max-width: 1362px) 62vw, 840px\" \/><\/a><\/figure>\n\n\n\n<figure class=\"wp-block-image size-large\"><a href=\"https:\/\/topette.net\/wp-content\/uploads\/2023\/02\/P1190278.jpg\"><img loading=\"lazy\" decoding=\"async\" width=\"1024\" height=\"768\" data-id=\"6906\" src=\"https:\/\/topette.net\/wp-content\/uploads\/2023\/02\/P1190278.jpg\" alt=\"\" class=\"wp-image-6906\" srcset=\"https:\/\/topette.net\/wp-content\/uploads\/2023\/02\/P1190278.jpg 1024w, https:\/\/topette.net\/wp-content\/uploads\/2023\/02\/P1190278-300x225.jpg 300w, https:\/\/topette.net\/wp-content\/uploads\/2023\/02\/P1190278-768x576.jpg 768w\" sizes=\"auto, (max-width: 709px) 85vw, (max-width: 909px) 67vw, (max-width: 1362px) 62vw, 840px\" \/><\/a><\/figure>\n<figcaption class=\"blocks-gallery-caption wp-element-caption\"><em> Capucin \u00e0 face blanche, Ecureuil attaquant une noix de coco et Raton laveur curieux.<\/em><\/figcaption><\/figure>\n\n\n\n<p><\/p>\n\n\n\n<p>La flore est aussi int\u00e9ressante, m\u00eame si je ne connais pas les v\u00e9g\u00e9taux c&#8217;est toujours agr\u00e9able de voir de beaux arbres.<\/p>\n\n\n\n<figure class=\"wp-block-gallery has-nested-images columns-default is-cropped wp-block-gallery-57 is-layout-flex wp-block-gallery-is-layout-flex\">\n<figure class=\"wp-block-image size-large\"><a href=\"https:\/\/topette.net\/wp-content\/uploads\/2023\/02\/P1190236-rotated.jpg\"><img loading=\"lazy\" decoding=\"async\" width=\"768\" height=\"1024\" data-id=\"6908\" src=\"https:\/\/topette.net\/wp-content\/uploads\/2023\/02\/P1190236-rotated.jpg\" alt=\"\" class=\"wp-image-6908\" srcset=\"https:\/\/topette.net\/wp-content\/uploads\/2023\/02\/P1190236-rotated.jpg 768w, https:\/\/topette.net\/wp-content\/uploads\/2023\/02\/P1190236-225x300.jpg 225w\" sizes=\"auto, (max-width: 709px) 85vw, (max-width: 909px) 67vw, (max-width: 984px) 61vw, (max-width: 1362px) 45vw, 600px\" \/><\/a><\/figure>\n\n\n\n<figure class=\"wp-block-image size-large\"><a href=\"https:\/\/topette.net\/wp-content\/uploads\/2023\/02\/P1190237-rotated.jpg\"><img loading=\"lazy\" decoding=\"async\" width=\"768\" height=\"1024\" data-id=\"6907\" src=\"https:\/\/topette.net\/wp-content\/uploads\/2023\/02\/P1190237-rotated.jpg\" alt=\"\" class=\"wp-image-6907\" srcset=\"https:\/\/topette.net\/wp-content\/uploads\/2023\/02\/P1190237-rotated.jpg 768w, https:\/\/topette.net\/wp-content\/uploads\/2023\/02\/P1190237-225x300.jpg 225w\" sizes=\"auto, (max-width: 709px) 85vw, (max-width: 909px) 67vw, (max-width: 984px) 61vw, (max-width: 1362px) 45vw, 600px\" \/><\/a><\/figure>\n<figcaption class=\"blocks-gallery-caption wp-element-caption\"><em>Parc de Cahuita.<\/em><\/figcaption><\/figure>\n\n\n\n<p><\/p>\n\n\n\n<p>Du coup je me suis un peu renseign\u00e9 et j&#8217;ai pu identifier une Coste rouge ou canne d&#8217;eau avec sa fleur rouge particuli\u00e8re et un Nono ou pomme-chien qui donne le &#8220;Noni&#8221;  aux vertus m\u00e9dicinales visiblement tr\u00e8s vari\u00e9es (peut-\u00eatre que c&#8217;est efficace pour les genoux ?).<\/p>\n\n\n\n<figure class=\"wp-block-gallery has-nested-images columns-default is-cropped wp-block-gallery-58 is-layout-flex wp-block-gallery-is-layout-flex\">\n<figure class=\"wp-block-image size-large\"><a href=\"https:\/\/topette.net\/wp-content\/uploads\/2023\/02\/P1190238-rotated.jpg\"><img loading=\"lazy\" decoding=\"async\" width=\"768\" height=\"1024\" data-id=\"6909\" src=\"https:\/\/topette.net\/wp-content\/uploads\/2023\/02\/P1190238-rotated.jpg\" alt=\"\" class=\"wp-image-6909\" srcset=\"https:\/\/topette.net\/wp-content\/uploads\/2023\/02\/P1190238-rotated.jpg 768w, https:\/\/topette.net\/wp-content\/uploads\/2023\/02\/P1190238-225x300.jpg 225w\" sizes=\"auto, (max-width: 709px) 85vw, (max-width: 909px) 67vw, (max-width: 984px) 61vw, (max-width: 1362px) 45vw, 600px\" \/><\/a><\/figure>\n\n\n\n<figure class=\"wp-block-image size-large\"><a href=\"https:\/\/topette.net\/wp-content\/uploads\/2023\/02\/P1190239.jpg\"><img loading=\"lazy\" decoding=\"async\" width=\"1024\" height=\"768\" data-id=\"6910\" src=\"https:\/\/topette.net\/wp-content\/uploads\/2023\/02\/P1190239.jpg\" alt=\"\" class=\"wp-image-6910\" srcset=\"https:\/\/topette.net\/wp-content\/uploads\/2023\/02\/P1190239.jpg 1024w, https:\/\/topette.net\/wp-content\/uploads\/2023\/02\/P1190239-300x225.jpg 300w, https:\/\/topette.net\/wp-content\/uploads\/2023\/02\/P1190239-768x576.jpg 768w\" sizes=\"auto, (max-width: 709px) 85vw, (max-width: 909px) 67vw, (max-width: 1362px) 62vw, 840px\" \/><\/a><\/figure>\n<figcaption class=\"blocks-gallery-caption wp-element-caption\"><em>Coste rouge ou canne d&#8217;eau et Nono ou pomme-chien.<\/em><\/figcaption><\/figure>\n\n\n\n<p><\/p>\n\n\n\n<p>J&#8217;arrive au bout du sentier et je choisi de faire demi-tour plut\u00f4t que de continuer pour sortir \u00e0 l&#8217;autre sortie qui m&#8217;\u00e9loignerait beaucoup du village. En effet le parc a deux entr\u00e9es\/sorties, une qui se trouve \u00e0 150 m de notre h\u00e9bergement et est \u00e0 prix libre, et l&#8217;autre qui est plus loin et qui est \u00e0 5 Usd par personne (ce qui est raisonnable pour le coup).<\/p>\n\n\n\n<figure class=\"wp-block-gallery has-nested-images columns-default is-cropped wp-block-gallery-59 is-layout-flex wp-block-gallery-is-layout-flex\">\n<figure class=\"wp-block-image size-large\"><a href=\"https:\/\/topette.net\/wp-content\/uploads\/2023\/02\/P1190250-rotated.jpg\"><img loading=\"lazy\" decoding=\"async\" width=\"768\" height=\"1024\" data-id=\"6911\" src=\"https:\/\/topette.net\/wp-content\/uploads\/2023\/02\/P1190250-rotated.jpg\" alt=\"\" class=\"wp-image-6911\" srcset=\"https:\/\/topette.net\/wp-content\/uploads\/2023\/02\/P1190250-rotated.jpg 768w, https:\/\/topette.net\/wp-content\/uploads\/2023\/02\/P1190250-225x300.jpg 225w\" sizes=\"auto, (max-width: 709px) 85vw, (max-width: 909px) 67vw, (max-width: 984px) 61vw, (max-width: 1362px) 45vw, 600px\" \/><\/a><\/figure>\n<figcaption class=\"blocks-gallery-caption wp-element-caption\"><em>La mer des Cara\u00efbes, \u00e0 la pointe du parc de Cahuita.<\/em><\/figcaption><\/figure>\n\n\n\n<p><\/p>\n\n\n\n<p>Retour tranquille par le m\u00eame chemin avec pause au bord de l&#8217;eau et photo d&#8217;une termiti\u00e8re (c&#8217;est toujours impressionnant).<\/p>\n\n\n\n<p><\/p>\n\n\n\n<p><\/p>\n\n\n\n<figure class=\"wp-block-gallery has-nested-images columns-1 is-cropped wp-block-gallery-60 is-layout-flex wp-block-gallery-is-layout-flex\">\n<figure class=\"wp-block-image size-large\"><a href=\"https:\/\/topette.net\/wp-content\/uploads\/2023\/02\/P1190265.jpg\"><img loading=\"lazy\" decoding=\"async\" width=\"1024\" height=\"768\" data-id=\"6914\" src=\"https:\/\/topette.net\/wp-content\/uploads\/2023\/02\/P1190265.jpg\" alt=\"\" class=\"wp-image-6914\" srcset=\"https:\/\/topette.net\/wp-content\/uploads\/2023\/02\/P1190265.jpg 1024w, https:\/\/topette.net\/wp-content\/uploads\/2023\/02\/P1190265-300x225.jpg 300w, https:\/\/topette.net\/wp-content\/uploads\/2023\/02\/P1190265-768x576.jpg 768w\" sizes=\"auto, (max-width: 709px) 85vw, (max-width: 909px) 67vw, (max-width: 1362px) 62vw, 840px\" \/><\/a><\/figure>\n\n\n\n<figure class=\"wp-block-image size-large\"><a href=\"https:\/\/topette.net\/wp-content\/uploads\/2023\/02\/P1190247.jpg\"><img loading=\"lazy\" decoding=\"async\" width=\"1024\" height=\"768\" data-id=\"6912\" src=\"https:\/\/topette.net\/wp-content\/uploads\/2023\/02\/P1190247.jpg\" alt=\"\" class=\"wp-image-6912\" srcset=\"https:\/\/topette.net\/wp-content\/uploads\/2023\/02\/P1190247.jpg 1024w, https:\/\/topette.net\/wp-content\/uploads\/2023\/02\/P1190247-300x225.jpg 300w, https:\/\/topette.net\/wp-content\/uploads\/2023\/02\/P1190247-768x576.jpg 768w\" sizes=\"auto, (max-width: 709px) 85vw, (max-width: 909px) 67vw, (max-width: 1362px) 62vw, 840px\" \/><\/a><\/figure>\n\n\n\n<figure class=\"wp-block-image size-large\"><a href=\"https:\/\/topette.net\/wp-content\/uploads\/2023\/02\/P1190251.jpg\"><img loading=\"lazy\" decoding=\"async\" width=\"1024\" height=\"768\" data-id=\"6913\" src=\"https:\/\/topette.net\/wp-content\/uploads\/2023\/02\/P1190251.jpg\" alt=\"\" class=\"wp-image-6913\" srcset=\"https:\/\/topette.net\/wp-content\/uploads\/2023\/02\/P1190251.jpg 1024w, https:\/\/topette.net\/wp-content\/uploads\/2023\/02\/P1190251-300x225.jpg 300w, https:\/\/topette.net\/wp-content\/uploads\/2023\/02\/P1190251-768x576.jpg 768w\" sizes=\"auto, (max-width: 709px) 85vw, (max-width: 909px) 67vw, (max-width: 1362px) 62vw, 840px\" \/><\/a><\/figure>\n<figcaption class=\"blocks-gallery-caption wp-element-caption\"><em>Le chemin du retour, le bord de la mer et une termiti\u00e8re.<\/em><\/figcaption><\/figure>\n\n\n\n<p><\/p>\n\n\n\n<p>Ah si, j&#8217;ai vu aussi des paresseux, mais ils tournaient la t\u00eate. On met quand m\u00eame une photo (mais \u00e7a sert \u00e0 rien, ses copains ne le reconnaitront pas).<\/p>\n\n\n\n<figure class=\"wp-block-gallery has-nested-images columns-default is-cropped wp-block-gallery-61 is-layout-flex wp-block-gallery-is-layout-flex\">\n<figure class=\"wp-block-image size-large\"><a href=\"https:\/\/topette.net\/wp-content\/uploads\/2023\/02\/P1190287.jpg\"><img loading=\"lazy\" decoding=\"async\" width=\"1024\" height=\"768\" data-id=\"6919\" src=\"https:\/\/topette.net\/wp-content\/uploads\/2023\/02\/P1190287.jpg\" alt=\"\" class=\"wp-image-6919\" srcset=\"https:\/\/topette.net\/wp-content\/uploads\/2023\/02\/P1190287.jpg 1024w, https:\/\/topette.net\/wp-content\/uploads\/2023\/02\/P1190287-300x225.jpg 300w, https:\/\/topette.net\/wp-content\/uploads\/2023\/02\/P1190287-768x576.jpg 768w\" sizes=\"auto, (max-width: 709px) 85vw, (max-width: 909px) 67vw, (max-width: 1362px) 62vw, 840px\" \/><\/a><\/figure>\n<figcaption class=\"blocks-gallery-caption wp-element-caption\"><em>Paresseux timide.<\/em><\/figcaption><\/figure>\n\n\n\n<p><\/p>\n\n\n\n<p>Le Costa Rica, c&#8217;est bient\u00f4t fini et ce n&#8217;est clairement pas notre pays pr\u00e9f\u00e9r\u00e9 d&#8217;Am\u00e9rique centrale. Le co\u00fbt de la vie est assez \u00e9lev\u00e9, les activit\u00e9s propos\u00e9es sont sur\u00e9valu\u00e9es et on se sent parfois \u00eatre un portefeuille sur pattes (trois en ce qui nous concerne). De plus les gens sont les moins sympas qu&#8217;on ait vus depuis le d\u00e9part (les mexicains blagueurs nous manquent). Comme les voyageurs-bobos ont remplac\u00e9s les voyageurs-babas, l&#8217;\u00e9gocentrisme a pris le pas sur le partage et \u00e7a se ressent parfois pas mal dans les transports.<\/p>\n\n\n\n<figure class=\"wp-block-gallery has-nested-images columns-default is-cropped wp-block-gallery-62 is-layout-flex wp-block-gallery-is-layout-flex\">\n<figure class=\"wp-block-image size-large\"><a href=\"https:\/\/topette.net\/wp-content\/uploads\/2023\/02\/P1190204.jpg\"><img loading=\"lazy\" decoding=\"async\" width=\"1024\" height=\"768\" data-id=\"6915\" src=\"https:\/\/topette.net\/wp-content\/uploads\/2023\/02\/P1190204.jpg\" alt=\"\" class=\"wp-image-6915\" srcset=\"https:\/\/topette.net\/wp-content\/uploads\/2023\/02\/P1190204.jpg 1024w, https:\/\/topette.net\/wp-content\/uploads\/2023\/02\/P1190204-300x225.jpg 300w, https:\/\/topette.net\/wp-content\/uploads\/2023\/02\/P1190204-768x576.jpg 768w\" sizes=\"auto, (max-width: 709px) 85vw, (max-width: 909px) 67vw, (max-width: 1362px) 62vw, 840px\" \/><\/a><\/figure>\n<figcaption class=\"blocks-gallery-caption wp-element-caption\"><em>La team Topette ! toujours vaillante dans l&#8217;adversit\u00e9.<\/em><\/figcaption><\/figure>\n\n\n\n<p><\/p>\n\n\n\n<p>On reste encore quelques jours \u00e0 Cahuita, puis on prendra un shuttle pour rejoindre Bocas del Toro au Panama (pendant six nuits) o\u00f9 on verra comment se passe la convalescence. On fera le point sur la suite du voyage \u00e0 ce moment-l\u00e0. De toute fa\u00e7on on vous tient au courant&#8230;<\/p>\n\n\n\n<p>Allez, Topette !<\/p>\n\n\n\n<p><\/p>\n","protected":false},"excerpt":{"rendered":"<p>Les&nbsp;Costariciens&nbsp;(surnomm\u00e9s les Ticos) emploient cette expression pour dire bonjour, pour dire au revoir, pour dire que tout est formidable, pour dire que tout est cool\u2026 A force, l&#8217;expression ne veut plus dire grand chose mais se retrouve imprim\u00e9e pratiquement sur tous les objets et v\u00eatements des boutiques de souvenirs. Bienvenue au Costa Rica !<\/p>\n","protected":false},"author":2,"featured_media":0,"comment_status":"open","ping_status":"closed","sticky":false,"template":"","format":"standard","meta":{"_s2mail":"","footnotes":""},"categories":[102,110],"tags":[],"class_list":["post-6734","post","type-post","status-publish","format-standard","hentry","category-amerique-centrale-2022-2023","category-costa-rica"],"_links":{"self":[{"href":"https:\/\/topette.net\/index.php?rest_route=\/wp\/v2\/posts\/6734","targetHints":{"allow":["GET"]}}],"collection":[{"href":"https:\/\/topette.net\/index.php?rest_route=\/wp\/v2\/posts"}],"about":[{"href":"https:\/\/topette.net\/index.php?rest_route=\/wp\/v2\/types\/post"}],"author":[{"embeddable":true,"href":"https:\/\/topette.net\/index.php?rest_route=\/wp\/v2\/users\/2"}],"replies":[{"embeddable":true,"href":"https:\/\/topette.net\/index.php?rest_route=%2Fwp%2Fv2%2Fcomments&post=6734"}],"version-history":[{"count":0,"href":"https:\/\/topette.net\/index.php?rest_route=\/wp\/v2\/posts\/6734\/revisions"}],"wp:attachment":[{"href":"https:\/\/topette.net\/index.php?rest_route=%2Fwp%2Fv2%2Fmedia&parent=6734"}],"wp:term":[{"taxonomy":"category","embeddable":true,"href":"https:\/\/topette.net\/index.php?rest_route=%2Fwp%2Fv2%2Fcategories&post=6734"},{"taxonomy":"post_tag","embeddable":true,"href":"https:\/\/topette.net\/index.php?rest_route=%2Fwp%2Fv2%2Ftags&post=6734"}],"curies":[{"name":"wp","href":"https:\/\/api.w.org\/{rel}","templated":true}]}}