{"id":720,"date":"2014-06-26T06:13:12","date_gmt":"2014-06-26T04:13:12","guid":{"rendered":"https:\/\/topette.net\/?p=720"},"modified":"2023-10-23T14:12:21","modified_gmt":"2023-10-23T12:12:21","slug":"cuzco-ville-festive","status":"publish","type":"post","link":"https:\/\/topette.net\/?p=720","title":{"rendered":"Cuzco, ville festive"},"content":{"rendered":"\n<p>Depuis une semaine nous sommes \u00e0 Cuzco, et au mois de juin ici c&#8217;est la f\u00eate&#8230; ou plut\u00f4t les f\u00eates ! Religieuses, Incas, Fiestas de la ville&#8230; y&#8217;en a pour tous les go\u00fbts et de toutes les couleurs !<\/p>\n\n\n\n<figure class=\"wp-block-image size-large\"><a href=\"https:\/\/topette.net\/wp-content\/uploads\/2014\/06\/f\u00eates.jpg\"><img loading=\"lazy\" decoding=\"async\" width=\"870\" height=\"1024\" src=\"https:\/\/topette.net\/wp-content\/uploads\/2014\/06\/f\u00eates-870x1024.jpg\" alt=\"\" class=\"wp-image-721\" srcset=\"https:\/\/topette.net\/wp-content\/uploads\/2014\/06\/f\u00eates-870x1024.jpg 870w, https:\/\/topette.net\/wp-content\/uploads\/2014\/06\/f\u00eates-255x300.jpg 255w, https:\/\/topette.net\/wp-content\/uploads\/2014\/06\/f\u00eates-624x734.jpg 624w, https:\/\/topette.net\/wp-content\/uploads\/2014\/06\/f\u00eates.jpg 1020w\" sizes=\"auto, (max-width: 709px) 85vw, (max-width: 909px) 67vw, (max-width: 1362px) 62vw, 840px\" \/><\/a><\/figure>\n\n\n\n<p><\/p>\n\n\n\n<!--more-->\n\n\n\n<p>On est arriv\u00e9 en plein dans le Corpus Christi (si je puis dire !) avec la messe en plein air, sur la place des Armes devant la cath\u00e9drale de Cuzco. La f\u00eate dure 15 jours et les 14 paroisses sortent leurs saints ou saintes pour les pr\u00e9senter \u00e0 la foule catholique.<\/p>\n\n\n\n<figure class=\"wp-block-image size-large\"><a href=\"https:\/\/topette.net\/wp-content\/uploads\/2014\/06\/messe.jpg\"><img loading=\"lazy\" decoding=\"async\" width=\"942\" height=\"1024\" src=\"https:\/\/topette.net\/wp-content\/uploads\/2014\/06\/messe-942x1024.jpg\" alt=\"\" class=\"wp-image-726\" srcset=\"https:\/\/topette.net\/wp-content\/uploads\/2014\/06\/messe-942x1024.jpg 942w, https:\/\/topette.net\/wp-content\/uploads\/2014\/06\/messe-276x300.jpg 276w, https:\/\/topette.net\/wp-content\/uploads\/2014\/06\/messe-624x678.jpg 624w, https:\/\/topette.net\/wp-content\/uploads\/2014\/06\/messe.jpg 1104w\" sizes=\"auto, (max-width: 709px) 85vw, (max-width: 909px) 67vw, (max-width: 1362px) 62vw, 840px\" \/><\/a><\/figure>\n\n\n\n<p><\/p>\n\n\n\n<p>Des saints apparemment tr\u00e8s lourds&#8230;<\/p>\n\n\n\n<figure class=\"wp-block-image size-large\"><a href=\"https:\/\/topette.net\/wp-content\/uploads\/2014\/06\/saintes.jpg\"><img loading=\"lazy\" decoding=\"async\" width=\"1024\" height=\"727\" src=\"https:\/\/topette.net\/wp-content\/uploads\/2014\/06\/saintes-1024x727.jpg\" alt=\"\" class=\"wp-image-728\" srcset=\"https:\/\/topette.net\/wp-content\/uploads\/2014\/06\/saintes-1024x727.jpg 1024w, https:\/\/topette.net\/wp-content\/uploads\/2014\/06\/saintes-300x213.jpg 300w, https:\/\/topette.net\/wp-content\/uploads\/2014\/06\/saintes-624x443.jpg 624w, https:\/\/topette.net\/wp-content\/uploads\/2014\/06\/saintes.jpg 1200w\" sizes=\"auto, (max-width: 709px) 85vw, (max-width: 909px) 67vw, (max-width: 1362px) 62vw, 840px\" \/><\/a><\/figure>\n\n\n\n<p><\/p>\n\n\n\n<p>Mais qui ne sont pas tomb\u00e9s&#8230;<\/p>\n\n\n\n<p>Apr\u00e8s des feux d&#8217;artifices, des concerts de fanfares (ou bandas), des nuits certainement courtes pour les f\u00eatards, on a pu profiter d&#8217;un r\u00e9pit pour visiter la ville.<\/p>\n\n\n\n<figure class=\"wp-block-image size-large\"><a href=\"https:\/\/topette.net\/wp-content\/uploads\/2014\/06\/vrac.jpg\"><img loading=\"lazy\" decoding=\"async\" width=\"860\" height=\"1024\" src=\"https:\/\/topette.net\/wp-content\/uploads\/2014\/06\/vrac-860x1024.jpg\" alt=\"\" class=\"wp-image-729\" srcset=\"https:\/\/topette.net\/wp-content\/uploads\/2014\/06\/vrac-860x1024.jpg 860w, https:\/\/topette.net\/wp-content\/uploads\/2014\/06\/vrac-252x300.jpg 252w, https:\/\/topette.net\/wp-content\/uploads\/2014\/06\/vrac-624x742.jpg 624w, https:\/\/topette.net\/wp-content\/uploads\/2014\/06\/vrac.jpg 1008w\" sizes=\"auto, (max-width: 709px) 85vw, (max-width: 909px) 67vw, (max-width: 1362px) 62vw, 840px\" \/><\/a><\/figure>\n\n\n\n<p><\/p>\n\n\n\n<p>Cuzco (3400 m au-dessus du niveau\u00a0de la mer)\u00a0est une tr\u00e8s belle ville, bien sauvegard\u00e9e, avec de magnifiques murs incas bien conserv\u00e9s (en m\u00eame temps on ne voit pas comment ils pourraient s&#8217;\u00e9crouler vue la taille des pierres !), avec des petites ruelles tr\u00e8s en pente qui essoufflent bien si on n&#8217;a pas l&#8217;habitude d&#8217;\u00eatre en altitude !<\/p>\n\n\n\n<figure class=\"wp-block-image size-large\"><a href=\"https:\/\/topette.net\/wp-content\/uploads\/2014\/06\/pierres.jpg\"><img loading=\"lazy\" decoding=\"async\" width=\"1024\" height=\"1024\" src=\"https:\/\/topette.net\/wp-content\/uploads\/2014\/06\/pierres-1024x1024.jpg\" alt=\"\" class=\"wp-image-730\" srcset=\"https:\/\/topette.net\/wp-content\/uploads\/2014\/06\/pierres-1024x1024.jpg 1024w, https:\/\/topette.net\/wp-content\/uploads\/2014\/06\/pierres-150x150.jpg 150w, https:\/\/topette.net\/wp-content\/uploads\/2014\/06\/pierres-300x300.jpg 300w, https:\/\/topette.net\/wp-content\/uploads\/2014\/06\/pierres-624x624.jpg 624w, https:\/\/topette.net\/wp-content\/uploads\/2014\/06\/pierres.jpg 1200w\" sizes=\"auto, (max-width: 709px) 85vw, (max-width: 909px) 67vw, (max-width: 1362px) 62vw, 840px\" \/><\/a><\/figure>\n\n\n\n<p><\/p>\n\n\n\n<p>Ils \u00e9taient tr\u00e8s forts les Incas pour poser des pierres taill\u00e9es, l&#8217;une a m\u00eame 12 angles.<\/p>\n\n\n\n<p>Et la nuit on a une superbe vue de notre&nbsp; premier h\u00f4tel.<a href=\"https:\/\/topette.net\/wp-content\/uploads\/2014\/06\/nuit.jpg\">&nbsp;<\/a><\/p>\n\n\n\n<figure class=\"wp-block-image size-full\"><a href=\"https:\/\/topette.net\/wp-content\/uploads\/2014\/06\/nuit.jpg\"><img loading=\"lazy\" decoding=\"async\" width=\"700\" height=\"525\" src=\"https:\/\/topette.net\/wp-content\/uploads\/2014\/06\/nuit.jpg\" alt=\"nuit\" class=\"wp-image-731\" srcset=\"https:\/\/topette.net\/wp-content\/uploads\/2014\/06\/nuit.jpg 700w, https:\/\/topette.net\/wp-content\/uploads\/2014\/06\/nuit-300x225.jpg 300w, https:\/\/topette.net\/wp-content\/uploads\/2014\/06\/nuit-624x468.jpg 624w\" sizes=\"auto, (max-width: 709px) 85vw, (max-width: 909px) 67vw, (max-width: 984px) 61vw, (max-width: 1362px) 45vw, 600px\" \/><\/a><\/figure>\n\n\n\n<p><\/p>\n\n\n\n<p>La vue ne compensant pas l&#8217;absence de chauffage (les nuits sont aussi froides que les journ\u00e9es sont chaudes ! m\u00eame les p\u00e9ruviens trouvent le temps &#8220;frio&#8221; en soir\u00e9e&#8230;), nous avons d\u00e9m\u00e9nag\u00e9 pour un nid plus douillet.<\/p>\n\n\n\n<p>Samedi c&#8217;\u00e9tait au tour des \u00e9coles d&#8217;art de d\u00e9filer sur la plaza de las armas avec des chars de carnaval critiquant la soci\u00e9t\u00e9 p\u00e9ruvienne et en d\u00e9fendant la culture.<\/p>\n\n\n\n<figure class=\"wp-block-image size-large\"><a href=\"https:\/\/topette.net\/wp-content\/uploads\/2014\/06\/carnaval.jpg\"><img loading=\"lazy\" decoding=\"async\" width=\"1024\" height=\"1024\" src=\"https:\/\/topette.net\/wp-content\/uploads\/2014\/06\/carnaval-1024x1024.jpg\" alt=\"\" class=\"wp-image-722\" srcset=\"https:\/\/topette.net\/wp-content\/uploads\/2014\/06\/carnaval-1024x1024.jpg 1024w, https:\/\/topette.net\/wp-content\/uploads\/2014\/06\/carnaval-150x150.jpg 150w, https:\/\/topette.net\/wp-content\/uploads\/2014\/06\/carnaval-300x300.jpg 300w, https:\/\/topette.net\/wp-content\/uploads\/2014\/06\/carnaval-624x624.jpg 624w, https:\/\/topette.net\/wp-content\/uploads\/2014\/06\/carnaval.jpg 1200w\" sizes=\"auto, (max-width: 709px) 85vw, (max-width: 909px) 67vw, (max-width: 1362px) 62vw, 840px\" \/><\/a><\/figure>\n\n\n\n<p><\/p>\n\n\n\n<p>Nous avons quitt\u00e9 Cuzco pour une \u00e9pop\u00e9e de 2 jours au Machu Pichu (reportage de la team \u00e0 venir prochainement &#8230; ) et \u00e0 notre retour, le 24 juin 2014 c&#8217;\u00e9tait la grande f\u00eate de l&#8217;Inti Raymi, la f\u00eate du solstice d&#8217;hiver des Incas&#8230;<\/p>\n\n\n\n<figure class=\"wp-block-image size-large\"><a href=\"https:\/\/topette.net\/wp-content\/uploads\/2014\/06\/inti-raymi-1.jpg\"><img loading=\"lazy\" decoding=\"async\" width=\"1024\" height=\"1024\" src=\"https:\/\/topette.net\/wp-content\/uploads\/2014\/06\/inti-raymi-1-1024x1024.jpg\" alt=\"\" class=\"wp-image-724\" srcset=\"https:\/\/topette.net\/wp-content\/uploads\/2014\/06\/inti-raymi-1-1024x1024.jpg 1024w, https:\/\/topette.net\/wp-content\/uploads\/2014\/06\/inti-raymi-1-150x150.jpg 150w, https:\/\/topette.net\/wp-content\/uploads\/2014\/06\/inti-raymi-1-300x300.jpg 300w, https:\/\/topette.net\/wp-content\/uploads\/2014\/06\/inti-raymi-1-624x624.jpg 624w, https:\/\/topette.net\/wp-content\/uploads\/2014\/06\/inti-raymi-1.jpg 1200w\" sizes=\"auto, (max-width: 709px) 85vw, (max-width: 909px) 67vw, (max-width: 1362px) 62vw, 840px\" \/><\/a><\/figure>\n\n\n\n<p><\/p>\n\n\n\n<p>Une foule \u00e9norme et un spectacle qui r\u00e9unissait les communaut\u00e9s indiennes de toute la r\u00e9gion venues c\u00e9l\u00e9brer le soleil.<\/p>\n\n\n\n<figure class=\"wp-block-image size-large\"><a href=\"https:\/\/topette.net\/wp-content\/uploads\/2014\/06\/Inti-Raymi-2.jpg\"><img loading=\"lazy\" decoding=\"async\" width=\"1024\" height=\"1024\" src=\"https:\/\/topette.net\/wp-content\/uploads\/2014\/06\/Inti-Raymi-2-1024x1024.jpg\" alt=\"\" class=\"wp-image-725\" srcset=\"https:\/\/topette.net\/wp-content\/uploads\/2014\/06\/Inti-Raymi-2-1024x1024.jpg 1024w, https:\/\/topette.net\/wp-content\/uploads\/2014\/06\/Inti-Raymi-2-150x150.jpg 150w, https:\/\/topette.net\/wp-content\/uploads\/2014\/06\/Inti-Raymi-2-300x300.jpg 300w, https:\/\/topette.net\/wp-content\/uploads\/2014\/06\/Inti-Raymi-2-624x624.jpg 624w, https:\/\/topette.net\/wp-content\/uploads\/2014\/06\/Inti-Raymi-2.jpg 1200w\" sizes=\"auto, (max-width: 709px) 85vw, (max-width: 909px) 67vw, (max-width: 1362px) 62vw, 840px\" \/><\/a><\/figure>\n\n\n\n<p><\/p>\n\n\n\n<p>Ils chantent, ils dansent mais on n&#8217;a pas tout bien compris car\u00a0on \u00e9tait\u00a0loin\u00a0 et maintenant qu&#8217;on commence \u00e0\u00a0s&#8217;am\u00e9liorer en espagnol les voil\u00e0 qu&#8217;ils parlent Queshuan, la langue des Incas ! Du coup on aurait bien eu besoin d&#8217;un sp\u00e9cialiste qui malheureusement pour lui \u00e9tait rest\u00e9 \u00e0 Angers. Il\u00a0compte sortir un livre\u00a0autour de\u00a0ce sujet tr\u00e8s prochainement ! JK, on a bien pens\u00e9 \u00e0 toi !<\/p>\n\n\n\n<p>On n&#8217;a pas fait expr\u00e8s d&#8217;arriver \u00e0 Cuzco durant cette grande p\u00e9riode festive, mais on est tr\u00e8s contents d&#8217;avoir pu assister \u00e0 toute cette effervescence. C&#8217;est vraiment quelque chose \u00e0 vivre surtout si vous \u00eates f\u00e9rus d&#8217;histoire religieuse ou pa\u00efenne. Que de couleurs, de musiques, de danses&#8230; et de cuys cuits !<\/p>\n\n\n\n<p>Un peu de repos dans le jardin de l&#8217;h\u00f4tel en compagnie d&#8217;un joli colibri avant de reprendre la route demain vers Puno et le lac Titicaca&nbsp;dont le nom a fait rigoler des g\u00e9n\u00e9rations d&#8217;\u00e9coliers !<\/p>\n\n\n\n<figure class=\"wp-block-image size-full\"><a href=\"https:\/\/topette.net\/wp-content\/uploads\/2014\/06\/colibri.jpg\"><img loading=\"lazy\" decoding=\"async\" width=\"700\" height=\"571\" src=\"https:\/\/topette.net\/wp-content\/uploads\/2014\/06\/colibri.jpg\" alt=\"\" class=\"wp-image-723\" srcset=\"https:\/\/topette.net\/wp-content\/uploads\/2014\/06\/colibri.jpg 700w, https:\/\/topette.net\/wp-content\/uploads\/2014\/06\/colibri-300x244.jpg 300w, https:\/\/topette.net\/wp-content\/uploads\/2014\/06\/colibri-624x509.jpg 624w\" sizes=\"auto, (max-width: 709px) 85vw, (max-width: 909px) 67vw, (max-width: 984px) 61vw, (max-width: 1362px) 45vw, 600px\" \/><\/a><\/figure>\n\n\n\n<p><\/p>\n\n\n\n<p><\/p>\n\n\n\n<p>Buen desayuno\u00a0para todos, nous on va dormir !<\/p>\n\n\n\n<p>Allez, Topette !<\/p>\n","protected":false},"excerpt":{"rendered":"<p>Depuis une semaine nous sommes \u00e0 Cuzco, et au mois de juin ici c&#8217;est la f\u00eate&#8230; ou plut\u00f4t les f\u00eates ! Religieuses, Incas, Fiestas de la ville&#8230; y&#8217;en a pour tous les go\u00fbts et de toutes les couleurs !<\/p>\n","protected":false},"author":2,"featured_media":0,"comment_status":"open","ping_status":"closed","sticky":false,"template":"","format":"standard","meta":{"_s2mail":"yes","footnotes":""},"categories":[37,82],"tags":[],"class_list":["post-720","post","type-post","status-publish","format-standard","hentry","category-carnet_de_route_perou","category-tour-du-monde"],"_links":{"self":[{"href":"https:\/\/topette.net\/index.php?rest_route=\/wp\/v2\/posts\/720","targetHints":{"allow":["GET"]}}],"collection":[{"href":"https:\/\/topette.net\/index.php?rest_route=\/wp\/v2\/posts"}],"about":[{"href":"https:\/\/topette.net\/index.php?rest_route=\/wp\/v2\/types\/post"}],"author":[{"embeddable":true,"href":"https:\/\/topette.net\/index.php?rest_route=\/wp\/v2\/users\/2"}],"replies":[{"embeddable":true,"href":"https:\/\/topette.net\/index.php?rest_route=%2Fwp%2Fv2%2Fcomments&post=720"}],"version-history":[{"count":0,"href":"https:\/\/topette.net\/index.php?rest_route=\/wp\/v2\/posts\/720\/revisions"}],"wp:attachment":[{"href":"https:\/\/topette.net\/index.php?rest_route=%2Fwp%2Fv2%2Fmedia&parent=720"}],"wp:term":[{"taxonomy":"category","embeddable":true,"href":"https:\/\/topette.net\/index.php?rest_route=%2Fwp%2Fv2%2Fcategories&post=720"},{"taxonomy":"post_tag","embeddable":true,"href":"https:\/\/topette.net\/index.php?rest_route=%2Fwp%2Fv2%2Ftags&post=720"}],"curies":[{"name":"wp","href":"https:\/\/api.w.org\/{rel}","templated":true}]}}