{"id":7388,"date":"2023-04-06T01:38:59","date_gmt":"2023-04-05T23:38:59","guid":{"rendered":"https:\/\/topette.net\/?p=7388"},"modified":"2023-04-06T03:00:44","modified_gmt":"2023-04-06T01:00:44","slug":"como-estas-colombiades","status":"publish","type":"post","link":"https:\/\/topette.net\/?p=7388","title":{"rendered":"\u00bfC\u00f3mo est\u00e1s ? Colombiades&#8230;"},"content":{"rendered":"\n<p><\/p>\n\n\n\n<p>Dans l&#8217;id\u00e9e le trajet Barichara &#8211; Villa de Leyva c&#8217;\u00e9tait 180 km et 4h15 avec un seul changement. En vrai c&#8217;est d\u00e9part du bus de Barichara \u00e0 8h30, arriv\u00e9e \u00e0 San Gil \u00e0 9h30, changement de bus, d\u00e9part 10h00 arriv\u00e9e \u00e0 Tunja 14h45, l\u00e0 le chauffeur nous dit de marcher jusqu&#8217;au rond-point puis de tourner \u00e0 droite et qu&#8217;aux alentours du rond-point suivant on va trouver le bus qui va \u00e0 Villa de Leyva. On a demand\u00e9 \u00e0 droite et \u00e0 gauche et on a trouv\u00e9 le bus qui nous a emmen\u00e9 jusqu&#8217;\u00e0 destination. Arriv\u00e9e Villa de Leyva \u00e0 16h00, finalement on a mis 7h30 !<\/p>\n\n\n\n<figure class=\"wp-block-gallery has-nested-images columns-default is-cropped wp-block-gallery-1 is-layout-flex wp-block-gallery-is-layout-flex\">\n<figure class=\"wp-block-image size-large\"><a href=\"https:\/\/topette.net\/wp-content\/uploads\/2023\/04\/P1200391Ori.jpg\"><img loading=\"lazy\" decoding=\"async\" width=\"1024\" height=\"428\" data-id=\"7391\" src=\"https:\/\/topette.net\/wp-content\/uploads\/2023\/04\/P1200391Ori-1024x428.jpg\" alt=\"\" class=\"wp-image-7391\" srcset=\"https:\/\/topette.net\/wp-content\/uploads\/2023\/04\/P1200391Ori-1024x428.jpg 1024w, https:\/\/topette.net\/wp-content\/uploads\/2023\/04\/P1200391Ori-300x126.jpg 300w, https:\/\/topette.net\/wp-content\/uploads\/2023\/04\/P1200391Ori-768x321.jpg 768w, https:\/\/topette.net\/wp-content\/uploads\/2023\/04\/P1200391Ori.jpg 1200w\" sizes=\"auto, (max-width: 709px) 85vw, (max-width: 909px) 67vw, (max-width: 1362px) 62vw, 840px\" \/><\/a><\/figure>\n<figcaption class=\"blocks-gallery-caption wp-element-caption\"><em>Villa de Leyva.<\/em><\/figcaption><\/figure>\n\n\n\n<!--more-->\n\n\n\n<p>Situ\u00e9e \u00e0 2149 m\u00e8tres d&#8217;altitude cette bourgade de 18000 habitants est consid\u00e9r\u00e9e comme un des plus beaux villages de Colombie. Et ce n&#8217;est pas faux ! De plus, malgr\u00e9 les nombreuses boutiques, il \u00e9mane des rues pav\u00e9es de Villa de Leyva une ambiance paisible. <\/p>\n\n\n\n<figure class=\"wp-block-gallery has-nested-images columns-2 is-cropped wp-block-gallery-2 is-layout-flex wp-block-gallery-is-layout-flex\">\n<figure class=\"wp-block-image size-large\"><a href=\"https:\/\/topette.net\/wp-content\/uploads\/2023\/04\/P1200386.jpg\"><img loading=\"lazy\" decoding=\"async\" width=\"1024\" height=\"768\" data-id=\"7396\" src=\"https:\/\/topette.net\/wp-content\/uploads\/2023\/04\/P1200386.jpg\" alt=\"\" class=\"wp-image-7396\" srcset=\"https:\/\/topette.net\/wp-content\/uploads\/2023\/04\/P1200386.jpg 1024w, https:\/\/topette.net\/wp-content\/uploads\/2023\/04\/P1200386-300x225.jpg 300w, https:\/\/topette.net\/wp-content\/uploads\/2023\/04\/P1200386-768x576.jpg 768w\" sizes=\"auto, (max-width: 709px) 85vw, (max-width: 909px) 67vw, (max-width: 1362px) 62vw, 840px\" \/><\/a><\/figure>\n\n\n\n<figure class=\"wp-block-image size-full\"><a href=\"https:\/\/topette.net\/wp-content\/uploads\/2023\/04\/P1200396Bis.jpg\"><img loading=\"lazy\" decoding=\"async\" width=\"1024\" height=\"768\" data-id=\"7399\" src=\"https:\/\/topette.net\/wp-content\/uploads\/2023\/04\/P1200396Bis.jpg\" alt=\"\" class=\"wp-image-7399\" srcset=\"https:\/\/topette.net\/wp-content\/uploads\/2023\/04\/P1200396Bis.jpg 1024w, https:\/\/topette.net\/wp-content\/uploads\/2023\/04\/P1200396Bis-300x225.jpg 300w, https:\/\/topette.net\/wp-content\/uploads\/2023\/04\/P1200396Bis-768x576.jpg 768w\" sizes=\"auto, (max-width: 709px) 85vw, (max-width: 909px) 67vw, (max-width: 1362px) 62vw, 840px\" \/><\/a><\/figure>\n\n\n\n<figure class=\"wp-block-image size-large\"><a href=\"https:\/\/topette.net\/wp-content\/uploads\/2023\/04\/P1200426.jpg\"><img loading=\"lazy\" decoding=\"async\" width=\"1024\" height=\"768\" data-id=\"7397\" src=\"https:\/\/topette.net\/wp-content\/uploads\/2023\/04\/P1200426.jpg\" alt=\"\" class=\"wp-image-7397\" srcset=\"https:\/\/topette.net\/wp-content\/uploads\/2023\/04\/P1200426.jpg 1024w, https:\/\/topette.net\/wp-content\/uploads\/2023\/04\/P1200426-300x225.jpg 300w, https:\/\/topette.net\/wp-content\/uploads\/2023\/04\/P1200426-768x576.jpg 768w\" sizes=\"auto, (max-width: 709px) 85vw, (max-width: 909px) 67vw, (max-width: 1362px) 62vw, 840px\" \/><\/a><\/figure>\n\n\n\n<figure class=\"wp-block-image size-large\"><a href=\"https:\/\/topette.net\/wp-content\/uploads\/2023\/04\/P1200436.jpg\"><img loading=\"lazy\" decoding=\"async\" width=\"1024\" height=\"768\" data-id=\"7398\" src=\"https:\/\/topette.net\/wp-content\/uploads\/2023\/04\/P1200436.jpg\" alt=\"\" class=\"wp-image-7398\" srcset=\"https:\/\/topette.net\/wp-content\/uploads\/2023\/04\/P1200436.jpg 1024w, https:\/\/topette.net\/wp-content\/uploads\/2023\/04\/P1200436-300x225.jpg 300w, https:\/\/topette.net\/wp-content\/uploads\/2023\/04\/P1200436-768x576.jpg 768w\" sizes=\"auto, (max-width: 709px) 85vw, (max-width: 909px) 67vw, (max-width: 1362px) 62vw, 840px\" \/><\/a><\/figure>\n<figcaption class=\"blocks-gallery-caption wp-element-caption\"><em>Les rues de Villa de Leyva.<\/em><\/figcaption><\/figure>\n\n\n\n<p><\/p>\n\n\n\n<p>L\u2019immense place centrale est un des joyaux du patrimoine de Colombie. Les Colombiens aiment \u00e0 dire que c\u2019est la plus grande place d\u2019Am\u00e9rique latine et avec ses 14\u2009000 m<sup>2<\/sup> il est vrai qu\u2019elle a de l\u2019allure. Les b\u00e2timents qui l\u2019entourent en ont tout autant, et la fontaine centrale semble un peu perdue.<\/p>\n\n\n\n<figure class=\"wp-block-gallery has-nested-images columns-1 is-cropped wp-block-gallery-3 is-layout-flex wp-block-gallery-is-layout-flex\">\n<figure class=\"wp-block-image size-large\"><a href=\"https:\/\/topette.net\/wp-content\/uploads\/2023\/04\/P1200400.jpg\"><img loading=\"lazy\" decoding=\"async\" width=\"1024\" height=\"768\" data-id=\"7403\" src=\"https:\/\/topette.net\/wp-content\/uploads\/2023\/04\/P1200400.jpg\" alt=\"\" class=\"wp-image-7403\" srcset=\"https:\/\/topette.net\/wp-content\/uploads\/2023\/04\/P1200400.jpg 1024w, https:\/\/topette.net\/wp-content\/uploads\/2023\/04\/P1200400-300x225.jpg 300w, https:\/\/topette.net\/wp-content\/uploads\/2023\/04\/P1200400-768x576.jpg 768w\" sizes=\"auto, (max-width: 709px) 85vw, (max-width: 909px) 67vw, (max-width: 1362px) 62vw, 840px\" \/><\/a><\/figure>\n\n\n\n<figure class=\"wp-block-image size-full\"><a href=\"https:\/\/topette.net\/wp-content\/uploads\/2023\/04\/P1200408.jpg\"><img loading=\"lazy\" decoding=\"async\" width=\"1024\" height=\"768\" data-id=\"7402\" src=\"https:\/\/topette.net\/wp-content\/uploads\/2023\/04\/P1200408.jpg\" alt=\"\" class=\"wp-image-7402\" srcset=\"https:\/\/topette.net\/wp-content\/uploads\/2023\/04\/P1200408.jpg 1024w, https:\/\/topette.net\/wp-content\/uploads\/2023\/04\/P1200408-300x225.jpg 300w, https:\/\/topette.net\/wp-content\/uploads\/2023\/04\/P1200408-768x576.jpg 768w\" sizes=\"auto, (max-width: 709px) 85vw, (max-width: 909px) 67vw, (max-width: 1362px) 62vw, 840px\" \/><\/a><\/figure>\n\n\n\n<figure class=\"wp-block-image size-large\"><a href=\"https:\/\/topette.net\/wp-content\/uploads\/2023\/04\/P1200406-rotated.jpg\"><img loading=\"lazy\" decoding=\"async\" width=\"768\" height=\"1024\" data-id=\"7408\" src=\"https:\/\/topette.net\/wp-content\/uploads\/2023\/04\/P1200406-rotated.jpg\" alt=\"\" class=\"wp-image-7408\" srcset=\"https:\/\/topette.net\/wp-content\/uploads\/2023\/04\/P1200406-rotated.jpg 768w, https:\/\/topette.net\/wp-content\/uploads\/2023\/04\/P1200406-225x300.jpg 225w\" sizes=\"auto, (max-width: 709px) 85vw, (max-width: 909px) 67vw, (max-width: 984px) 61vw, (max-width: 1362px) 45vw, 600px\" \/><\/a><\/figure>\n<figcaption class=\"blocks-gallery-caption wp-element-caption\"><em>Les b\u00e2timents qui entourent la place centrale et la fontaine.<\/em><\/figcaption><\/figure>\n\n\n\n<p><\/p>\n\n\n\n<p>Le &#8220;Templo Parroquial de Nuestra Se\u00f1ora del Rosario&#8221; (temple Notre-Dame du Rosaire) de type colonial tr\u00e8s sobre, \u00e9difi\u00e9 en adobe, bois et pierre en 1604, a aussi belle allure. Sa blancheur contraste avec la montagne sombre juste derri\u00e8re. L&#8217;int\u00e9rieur dispose d&#8217;un bel autel en bois de style baroque recouvert d&#8217;or et d\u2019\u0153uvres du peintre Gregorio Vel\u00e1squez de Arce y Caballos. Le temple a accueilli le premier congr\u00e8s des Provinces Unies de Nouvelle Grenade en 1812.<\/p>\n\n\n\n<figure class=\"wp-block-gallery has-nested-images columns-1 is-cropped wp-block-gallery-4 is-layout-flex wp-block-gallery-is-layout-flex\">\n<figure class=\"wp-block-image size-large\"><a href=\"https:\/\/topette.net\/wp-content\/uploads\/2023\/04\/P1200392-1.jpg\"><img loading=\"lazy\" decoding=\"async\" width=\"1024\" height=\"768\" data-id=\"7406\" src=\"https:\/\/topette.net\/wp-content\/uploads\/2023\/04\/P1200392-1.jpg\" alt=\"\" class=\"wp-image-7406\" srcset=\"https:\/\/topette.net\/wp-content\/uploads\/2023\/04\/P1200392-1.jpg 1024w, https:\/\/topette.net\/wp-content\/uploads\/2023\/04\/P1200392-1-300x225.jpg 300w, https:\/\/topette.net\/wp-content\/uploads\/2023\/04\/P1200392-1-768x576.jpg 768w\" sizes=\"auto, (max-width: 709px) 85vw, (max-width: 909px) 67vw, (max-width: 1362px) 62vw, 840px\" \/><\/a><\/figure>\n\n\n\n<figure class=\"wp-block-image size-large\"><a href=\"https:\/\/topette.net\/wp-content\/uploads\/2023\/04\/P1200394.jpg\"><img loading=\"lazy\" decoding=\"async\" width=\"1024\" height=\"768\" data-id=\"7407\" src=\"https:\/\/topette.net\/wp-content\/uploads\/2023\/04\/P1200394.jpg\" alt=\"\" class=\"wp-image-7407\" srcset=\"https:\/\/topette.net\/wp-content\/uploads\/2023\/04\/P1200394.jpg 1024w, https:\/\/topette.net\/wp-content\/uploads\/2023\/04\/P1200394-300x225.jpg 300w, https:\/\/topette.net\/wp-content\/uploads\/2023\/04\/P1200394-768x576.jpg 768w\" sizes=\"auto, (max-width: 709px) 85vw, (max-width: 909px) 67vw, (max-width: 1362px) 62vw, 840px\" \/><\/a><\/figure>\n<figcaption class=\"blocks-gallery-caption wp-element-caption\"><em>Templo Parroquial de Nuestra Se\u00f1ora del Rosario.<\/em><\/figcaption><\/figure>\n\n\n\n<p><\/p>\n\n\n\n<p>Fond\u00e9e en 1572 sous le nom de Villa de Santa Mar\u00eda de Leyva, Villa de Leyva est reconnue monument national en 1954, ville patrimoniale en 2010 et inscrite sur la liste indicative des sites du patrimoine mondial de l&#8217;UNESCO.<\/p>\n\n\n\n<figure class=\"wp-block-gallery has-nested-images columns-2 is-cropped wp-block-gallery-5 is-layout-flex wp-block-gallery-is-layout-flex\">\n<figure class=\"wp-block-image size-large\"><a href=\"https:\/\/topette.net\/wp-content\/uploads\/2023\/04\/P1200409-rotated.jpg\"><img loading=\"lazy\" decoding=\"async\" width=\"768\" height=\"1024\" data-id=\"7412\" src=\"https:\/\/topette.net\/wp-content\/uploads\/2023\/04\/P1200409-rotated.jpg\" alt=\"\" class=\"wp-image-7412\" srcset=\"https:\/\/topette.net\/wp-content\/uploads\/2023\/04\/P1200409-rotated.jpg 768w, https:\/\/topette.net\/wp-content\/uploads\/2023\/04\/P1200409-225x300.jpg 225w\" sizes=\"auto, (max-width: 709px) 85vw, (max-width: 909px) 67vw, (max-width: 984px) 61vw, (max-width: 1362px) 45vw, 600px\" \/><\/a><\/figure>\n\n\n\n<figure class=\"wp-block-image size-large\"><a href=\"https:\/\/topette.net\/wp-content\/uploads\/2023\/04\/P1200417-rotated.jpg\"><img loading=\"lazy\" decoding=\"async\" width=\"768\" height=\"1024\" data-id=\"7411\" src=\"https:\/\/topette.net\/wp-content\/uploads\/2023\/04\/P1200417-rotated.jpg\" alt=\"\" class=\"wp-image-7411\" srcset=\"https:\/\/topette.net\/wp-content\/uploads\/2023\/04\/P1200417-rotated.jpg 768w, https:\/\/topette.net\/wp-content\/uploads\/2023\/04\/P1200417-225x300.jpg 225w\" sizes=\"auto, (max-width: 709px) 85vw, (max-width: 909px) 67vw, (max-width: 984px) 61vw, (max-width: 1362px) 45vw, 600px\" \/><\/a><\/figure>\n\n\n\n<figure class=\"wp-block-image size-large\"><a href=\"https:\/\/topette.net\/wp-content\/uploads\/2023\/04\/P1200427-rotated.jpg\"><img loading=\"lazy\" decoding=\"async\" width=\"768\" height=\"1024\" data-id=\"7409\" src=\"https:\/\/topette.net\/wp-content\/uploads\/2023\/04\/P1200427-rotated.jpg\" alt=\"\" class=\"wp-image-7409\" srcset=\"https:\/\/topette.net\/wp-content\/uploads\/2023\/04\/P1200427-rotated.jpg 768w, https:\/\/topette.net\/wp-content\/uploads\/2023\/04\/P1200427-225x300.jpg 225w\" sizes=\"auto, (max-width: 709px) 85vw, (max-width: 909px) 67vw, (max-width: 984px) 61vw, (max-width: 1362px) 45vw, 600px\" \/><\/a><\/figure>\n\n\n\n<figure class=\"wp-block-image size-large\"><a href=\"https:\/\/topette.net\/wp-content\/uploads\/2023\/04\/P1200428-rotated.jpg\"><img loading=\"lazy\" decoding=\"async\" width=\"768\" height=\"1024\" data-id=\"7410\" src=\"https:\/\/topette.net\/wp-content\/uploads\/2023\/04\/P1200428-rotated.jpg\" alt=\"\" class=\"wp-image-7410\" srcset=\"https:\/\/topette.net\/wp-content\/uploads\/2023\/04\/P1200428-rotated.jpg 768w, https:\/\/topette.net\/wp-content\/uploads\/2023\/04\/P1200428-225x300.jpg 225w\" sizes=\"auto, (max-width: 709px) 85vw, (max-width: 909px) 67vw, (max-width: 984px) 61vw, (max-width: 1362px) 45vw, 600px\" \/><\/a><\/figure>\n<figcaption class=\"blocks-gallery-caption wp-element-caption\"><em>Villa de Leyva, ville coloniale.<\/em><\/figcaption><\/figure>\n\n\n\n<p><\/p>\n\n\n\n<p>Un d\u00e9tour par le patio d&#8217;un petit mus\u00e9e (sans grand int\u00e9r\u00eat) nous apprend, par l&#8217;interm\u00e9diaire d&#8217;un objet publicitaire que ASO (Amaury Sport Organisation), l&#8217;organisateur du Tour de France, parraine une \u00e9preuve cycliste amateure : L&#8217;Etape Colombia. Cette course a eu lieu en 2022 \u00e0 Villa de leyvia (parcours de 136 kilom\u00e8tres avec 2 735 m\u00e8tres de d\u00e9nivel\u00e9 positif, entre Villa de Leyva, Tunja, Arcabuco, Moniquir\u00e1, Santa Sof\u00eda et retour \u00e0 Villa de Leyva) et les premiers ont gagn\u00e9 des voyages au Tour de France et \u00e0 L&#8217;Etape Du Tour.<\/p>\n\n\n\n<figure class=\"wp-block-gallery has-nested-images columns-default is-cropped wp-block-gallery-6 is-layout-flex wp-block-gallery-is-layout-flex\">\n<figure class=\"wp-block-image size-large\"><a href=\"https:\/\/topette.net\/wp-content\/uploads\/2023\/04\/P1200410.jpg\"><img loading=\"lazy\" decoding=\"async\" width=\"1024\" height=\"768\" data-id=\"7413\" src=\"https:\/\/topette.net\/wp-content\/uploads\/2023\/04\/P1200410.jpg\" alt=\"\" class=\"wp-image-7413\" srcset=\"https:\/\/topette.net\/wp-content\/uploads\/2023\/04\/P1200410.jpg 1024w, https:\/\/topette.net\/wp-content\/uploads\/2023\/04\/P1200410-300x225.jpg 300w, https:\/\/topette.net\/wp-content\/uploads\/2023\/04\/P1200410-768x576.jpg 768w\" sizes=\"auto, (max-width: 709px) 85vw, (max-width: 909px) 67vw, (max-width: 1362px) 62vw, 840px\" \/><\/a><\/figure>\n<figcaption class=\"blocks-gallery-caption wp-element-caption\"><em>Le patio avec le totem publicitaire de l&#8217;Etape Colombia.<\/em><\/figcaption><\/figure>\n\n\n\n<p><\/p>\n\n\n\n<p>Non loin de l\u00e0, une sculpture d&#8217;un photographe en action nous a fait penser \u00e0 notre ami G\u00e9rard guettant un oiseau. Pour Sophie qui le c\u00f4toie quotidiennement : Il y a un faux air, non ? (Et non pas un air faux).<\/p>\n\n\n\n<figure class=\"wp-block-gallery has-nested-images columns-default is-cropped wp-block-gallery-7 is-layout-flex wp-block-gallery-is-layout-flex\">\n<figure class=\"wp-block-image size-large\"><a href=\"https:\/\/topette.net\/wp-content\/uploads\/2023\/04\/P1200387-rotated.jpg\"><img loading=\"lazy\" decoding=\"async\" width=\"768\" height=\"1024\" data-id=\"7414\" src=\"https:\/\/topette.net\/wp-content\/uploads\/2023\/04\/P1200387-rotated.jpg\" alt=\"\" class=\"wp-image-7414\" srcset=\"https:\/\/topette.net\/wp-content\/uploads\/2023\/04\/P1200387-rotated.jpg 768w, https:\/\/topette.net\/wp-content\/uploads\/2023\/04\/P1200387-225x300.jpg 225w\" sizes=\"auto, (max-width: 709px) 85vw, (max-width: 909px) 67vw, (max-width: 984px) 61vw, (max-width: 1362px) 45vw, 600px\" \/><\/a><\/figure>\n<figcaption class=\"blocks-gallery-caption wp-element-caption\"><em>C&#8217;est toi G\u00e9rard ?<\/em><\/figcaption><\/figure>\n\n\n\n<p><\/p>\n\n\n\n<p>Fond\u00e9e en 1572, Villa de Leyva est l\u2019une des villes \u00e0 l&#8217;architecture de style colonial les mieux conserv\u00e9es du pays : rues pav\u00e9es, maisons aux fa\u00e7ades blanches, beaux balcons d\u2019influence mauresque caract\u00e9ristiques de la tradition hispanique. Certains murs sont visiblement faits en terre. <\/p>\n\n\n\n<figure class=\"wp-block-gallery has-nested-images columns-2 is-cropped wp-block-gallery-8 is-layout-flex wp-block-gallery-is-layout-flex\">\n<figure class=\"wp-block-image size-large\"><a href=\"https:\/\/topette.net\/wp-content\/uploads\/2023\/04\/P1200433.jpg\"><img loading=\"lazy\" decoding=\"async\" width=\"1024\" height=\"768\" data-id=\"7415\" src=\"https:\/\/topette.net\/wp-content\/uploads\/2023\/04\/P1200433.jpg\" alt=\"\" class=\"wp-image-7415\" srcset=\"https:\/\/topette.net\/wp-content\/uploads\/2023\/04\/P1200433.jpg 1024w, https:\/\/topette.net\/wp-content\/uploads\/2023\/04\/P1200433-300x225.jpg 300w, https:\/\/topette.net\/wp-content\/uploads\/2023\/04\/P1200433-768x576.jpg 768w\" sizes=\"auto, (max-width: 709px) 85vw, (max-width: 909px) 67vw, (max-width: 1362px) 62vw, 840px\" \/><\/a><\/figure>\n\n\n\n<figure class=\"wp-block-image size-large\"><a href=\"https:\/\/topette.net\/wp-content\/uploads\/2023\/04\/P1200522.jpg\"><img loading=\"lazy\" decoding=\"async\" width=\"1024\" height=\"768\" data-id=\"7417\" src=\"https:\/\/topette.net\/wp-content\/uploads\/2023\/04\/P1200522.jpg\" alt=\"\" class=\"wp-image-7417\" srcset=\"https:\/\/topette.net\/wp-content\/uploads\/2023\/04\/P1200522.jpg 1024w, https:\/\/topette.net\/wp-content\/uploads\/2023\/04\/P1200522-300x225.jpg 300w, https:\/\/topette.net\/wp-content\/uploads\/2023\/04\/P1200522-768x576.jpg 768w\" sizes=\"auto, (max-width: 709px) 85vw, (max-width: 909px) 67vw, (max-width: 1362px) 62vw, 840px\" \/><\/a><\/figure>\n\n\n\n<figure class=\"wp-block-image size-large\"><a href=\"https:\/\/topette.net\/wp-content\/uploads\/2023\/04\/P1200530.jpg\"><img loading=\"lazy\" decoding=\"async\" width=\"1024\" height=\"768\" data-id=\"7416\" src=\"https:\/\/topette.net\/wp-content\/uploads\/2023\/04\/P1200530.jpg\" alt=\"\" class=\"wp-image-7416\" srcset=\"https:\/\/topette.net\/wp-content\/uploads\/2023\/04\/P1200530.jpg 1024w, https:\/\/topette.net\/wp-content\/uploads\/2023\/04\/P1200530-300x225.jpg 300w, https:\/\/topette.net\/wp-content\/uploads\/2023\/04\/P1200530-768x576.jpg 768w\" sizes=\"auto, (max-width: 709px) 85vw, (max-width: 909px) 67vw, (max-width: 1362px) 62vw, 840px\" \/><\/a><\/figure>\n\n\n\n<figure class=\"wp-block-image size-large\"><a href=\"https:\/\/topette.net\/wp-content\/uploads\/2023\/04\/P1200528.jpg\"><img loading=\"lazy\" decoding=\"async\" width=\"1024\" height=\"768\" data-id=\"7418\" src=\"https:\/\/topette.net\/wp-content\/uploads\/2023\/04\/P1200528.jpg\" alt=\"\" class=\"wp-image-7418\" srcset=\"https:\/\/topette.net\/wp-content\/uploads\/2023\/04\/P1200528.jpg 1024w, https:\/\/topette.net\/wp-content\/uploads\/2023\/04\/P1200528-300x225.jpg 300w, https:\/\/topette.net\/wp-content\/uploads\/2023\/04\/P1200528-768x576.jpg 768w\" sizes=\"auto, (max-width: 709px) 85vw, (max-width: 909px) 67vw, (max-width: 1362px) 62vw, 840px\" \/><\/a><\/figure>\n<figcaption class=\"blocks-gallery-caption wp-element-caption\"><em>Maisons de Villa de Leyva et mur en terre.<\/em><\/figcaption><\/figure>\n\n\n\n<p><\/p>\n\n\n\n<p>A propos de terre, juste \u00e0 l&#8217;ext\u00e9rieur du village se trouve une maison originale, enti\u00e8rement compos\u00e9e d\u2019argile qu&#8217;on doit \u00e0 l&#8217;architecte Octavio Mendoza Morales. C&#8217;est la Casa Terracota, maison de pr\u00e8s de 500 m<sup>2<\/sup> qui a n\u00e9cessit\u00e9 pas moins de 400 tonnes d\u2019argile pour sa construction.<\/p>\n\n\n\n<figure class=\"wp-block-gallery has-nested-images columns-default is-cropped wp-block-gallery-9 is-layout-flex wp-block-gallery-is-layout-flex\">\n<figure class=\"wp-block-image size-large\"><a href=\"https:\/\/topette.net\/wp-content\/uploads\/2023\/04\/P1200438.jpg\"><img loading=\"lazy\" decoding=\"async\" width=\"1024\" height=\"768\" data-id=\"7419\" src=\"https:\/\/topette.net\/wp-content\/uploads\/2023\/04\/P1200438.jpg\" alt=\"\" class=\"wp-image-7419\" srcset=\"https:\/\/topette.net\/wp-content\/uploads\/2023\/04\/P1200438.jpg 1024w, https:\/\/topette.net\/wp-content\/uploads\/2023\/04\/P1200438-300x225.jpg 300w, https:\/\/topette.net\/wp-content\/uploads\/2023\/04\/P1200438-768x576.jpg 768w\" sizes=\"auto, (max-width: 709px) 85vw, (max-width: 909px) 67vw, (max-width: 1362px) 62vw, 840px\" \/><\/a><\/figure>\n<figcaption class=\"blocks-gallery-caption wp-element-caption\"><em>Entr\u00e9e de la Casa Terracota.<\/em><\/figcaption><\/figure>\n\n\n\n<p><\/p>\n\n\n\n<p>La construction a commenc\u00e9 en 1999 et on peut dire que la &#8220;structure m\u00e8re&#8221; a \u00e9t\u00e9 achev\u00e9e en 2016. Il s\u2019agit en fait d\u2019une argile cuite \u00e0 haute temp\u00e9rature, donc au feu. Octavio Mendoza Morales a b\u00e2ti cette maison par morceaux successifs et a fait cuire l\u2019argile en allumant des feux \u00e0 son contact sur des temps parfois assez longs. Pour \u00e7a, il a d\u00fb construire des \u00e9chafaudages sp\u00e9ciaux non combustibles pour que les flammes cuisent l\u2019argile. C\u2019\u00e9tait le d\u00e9fi principal de cette construction compte tenu des surfaces \u00e0 cuire et des zones situ\u00e9es en hauteur ( plafonds, terrasses, etc&#8230;).<\/p>\n\n\n\n<figure class=\"wp-block-gallery has-nested-images columns-2 is-cropped wp-block-gallery-10 is-layout-flex wp-block-gallery-is-layout-flex\">\n<figure class=\"wp-block-image size-large\"><a href=\"https:\/\/topette.net\/wp-content\/uploads\/2023\/04\/P1200441.jpg\"><img loading=\"lazy\" decoding=\"async\" width=\"1024\" height=\"768\" data-id=\"7420\" src=\"https:\/\/topette.net\/wp-content\/uploads\/2023\/04\/P1200441.jpg\" alt=\"\" class=\"wp-image-7420\" srcset=\"https:\/\/topette.net\/wp-content\/uploads\/2023\/04\/P1200441.jpg 1024w, https:\/\/topette.net\/wp-content\/uploads\/2023\/04\/P1200441-300x225.jpg 300w, https:\/\/topette.net\/wp-content\/uploads\/2023\/04\/P1200441-768x576.jpg 768w\" sizes=\"auto, (max-width: 709px) 85vw, (max-width: 909px) 67vw, (max-width: 1362px) 62vw, 840px\" \/><\/a><\/figure>\n\n\n\n<figure class=\"wp-block-image size-large\"><a href=\"https:\/\/topette.net\/wp-content\/uploads\/2023\/04\/P1200444.jpg\"><img loading=\"lazy\" decoding=\"async\" width=\"1024\" height=\"768\" data-id=\"7422\" src=\"https:\/\/topette.net\/wp-content\/uploads\/2023\/04\/P1200444.jpg\" alt=\"\" class=\"wp-image-7422\" srcset=\"https:\/\/topette.net\/wp-content\/uploads\/2023\/04\/P1200444.jpg 1024w, https:\/\/topette.net\/wp-content\/uploads\/2023\/04\/P1200444-300x225.jpg 300w, https:\/\/topette.net\/wp-content\/uploads\/2023\/04\/P1200444-768x576.jpg 768w\" sizes=\"auto, (max-width: 709px) 85vw, (max-width: 909px) 67vw, (max-width: 1362px) 62vw, 840px\" \/><\/a><\/figure>\n\n\n\n<figure class=\"wp-block-image size-large\"><a href=\"https:\/\/topette.net\/wp-content\/uploads\/2023\/04\/P1200482.jpg\"><img loading=\"lazy\" decoding=\"async\" width=\"1024\" height=\"768\" data-id=\"7423\" src=\"https:\/\/topette.net\/wp-content\/uploads\/2023\/04\/P1200482.jpg\" alt=\"\" class=\"wp-image-7423\" srcset=\"https:\/\/topette.net\/wp-content\/uploads\/2023\/04\/P1200482.jpg 1024w, https:\/\/topette.net\/wp-content\/uploads\/2023\/04\/P1200482-300x225.jpg 300w, https:\/\/topette.net\/wp-content\/uploads\/2023\/04\/P1200482-768x576.jpg 768w\" sizes=\"auto, (max-width: 709px) 85vw, (max-width: 909px) 67vw, (max-width: 1362px) 62vw, 840px\" \/><\/a><\/figure>\n\n\n\n<figure class=\"wp-block-image size-large\"><a href=\"https:\/\/topette.net\/wp-content\/uploads\/2023\/04\/P1200483.jpg\"><img loading=\"lazy\" decoding=\"async\" width=\"1024\" height=\"768\" data-id=\"7421\" src=\"https:\/\/topette.net\/wp-content\/uploads\/2023\/04\/P1200483.jpg\" alt=\"\" class=\"wp-image-7421\" srcset=\"https:\/\/topette.net\/wp-content\/uploads\/2023\/04\/P1200483.jpg 1024w, https:\/\/topette.net\/wp-content\/uploads\/2023\/04\/P1200483-300x225.jpg 300w, https:\/\/topette.net\/wp-content\/uploads\/2023\/04\/P1200483-768x576.jpg 768w\" sizes=\"auto, (max-width: 709px) 85vw, (max-width: 909px) 67vw, (max-width: 1362px) 62vw, 840px\" \/><\/a><\/figure>\n<figcaption class=\"blocks-gallery-caption wp-element-caption\"><em>La Casa Terracota vue de l&#8217;arri\u00e8re.<\/em><\/figcaption><\/figure>\n\n\n\n<p><\/p>\n\n\n\n<p>Visiblement tr\u00e8s fortement inspir\u00e9e par le travail de Gaudi, Casa Terracota est le symbole de la proposition de vie d&#8217;Octavio Mendoza Morales : un projet de construction qui, bas\u00e9 sur les quatre \u00e9l\u00e9ments (terre, air, eau et feu), transforme la terre en architecture habitable. A l&#8217;int\u00e9rieur le mobilier est lui aussi enti\u00e8rement r\u00e9alis\u00e9 en terre cuite : table, lit, \u00e9tag\u00e8res (c&#8217;est s\u00fbr, il n&#8217;est pas sponsoris\u00e9 par Ik\u00e9a).<\/p>\n\n\n\n<figure class=\"wp-block-gallery has-nested-images columns-2 is-cropped wp-block-gallery-11 is-layout-flex wp-block-gallery-is-layout-flex\">\n<figure class=\"wp-block-image size-large\"><a href=\"https:\/\/topette.net\/wp-content\/uploads\/2023\/04\/P1200452.jpg\"><img loading=\"lazy\" decoding=\"async\" width=\"1024\" height=\"768\" data-id=\"7424\" src=\"https:\/\/topette.net\/wp-content\/uploads\/2023\/04\/P1200452.jpg\" alt=\"\" class=\"wp-image-7424\" srcset=\"https:\/\/topette.net\/wp-content\/uploads\/2023\/04\/P1200452.jpg 1024w, https:\/\/topette.net\/wp-content\/uploads\/2023\/04\/P1200452-300x225.jpg 300w, https:\/\/topette.net\/wp-content\/uploads\/2023\/04\/P1200452-768x576.jpg 768w\" sizes=\"auto, (max-width: 709px) 85vw, (max-width: 909px) 67vw, (max-width: 1362px) 62vw, 840px\" \/><\/a><\/figure>\n\n\n\n<figure class=\"wp-block-image size-large\"><a href=\"https:\/\/topette.net\/wp-content\/uploads\/2023\/04\/P1200454.jpg\"><img loading=\"lazy\" decoding=\"async\" width=\"1024\" height=\"768\" data-id=\"7425\" src=\"https:\/\/topette.net\/wp-content\/uploads\/2023\/04\/P1200454.jpg\" alt=\"\" class=\"wp-image-7425\" srcset=\"https:\/\/topette.net\/wp-content\/uploads\/2023\/04\/P1200454.jpg 1024w, https:\/\/topette.net\/wp-content\/uploads\/2023\/04\/P1200454-300x225.jpg 300w, https:\/\/topette.net\/wp-content\/uploads\/2023\/04\/P1200454-768x576.jpg 768w\" sizes=\"auto, (max-width: 709px) 85vw, (max-width: 909px) 67vw, (max-width: 1362px) 62vw, 840px\" \/><\/a><\/figure>\n\n\n\n<figure class=\"wp-block-image size-large\"><a href=\"https:\/\/topette.net\/wp-content\/uploads\/2023\/04\/P1200473.jpg\"><img loading=\"lazy\" decoding=\"async\" width=\"1024\" height=\"768\" data-id=\"7426\" src=\"https:\/\/topette.net\/wp-content\/uploads\/2023\/04\/P1200473.jpg\" alt=\"\" class=\"wp-image-7426\" srcset=\"https:\/\/topette.net\/wp-content\/uploads\/2023\/04\/P1200473.jpg 1024w, https:\/\/topette.net\/wp-content\/uploads\/2023\/04\/P1200473-300x225.jpg 300w, https:\/\/topette.net\/wp-content\/uploads\/2023\/04\/P1200473-768x576.jpg 768w\" sizes=\"auto, (max-width: 709px) 85vw, (max-width: 909px) 67vw, (max-width: 1362px) 62vw, 840px\" \/><\/a><\/figure>\n<figcaption class=\"blocks-gallery-caption wp-element-caption\"><em>Le mobilier est lui aussi enti\u00e8rement r\u00e9alis\u00e9 en terre cuite.<\/em><\/figcaption><\/figure>\n\n\n\n<p><\/p>\n\n\n\n<p>Pas facile de se retrouver dans cette maison ou rien n&#8217;est droit et qui dispose d&#8217;un \u00e9tage et d&#8217;une terrasse \u00e0 laquelle on peut acc\u00e9der aussi bien de l&#8217;int\u00e9rieur que de l&#8217;ext\u00e9rieur. Les toilettes, les salles de douches et les lavabos sont orn\u00e9es de mosa\u00efques.<\/p>\n\n\n\n<figure class=\"wp-block-gallery has-nested-images columns-2 is-cropped wp-block-gallery-12 is-layout-flex wp-block-gallery-is-layout-flex\">\n<figure class=\"wp-block-image size-large\"><a href=\"https:\/\/topette.net\/wp-content\/uploads\/2023\/04\/P1200458-rotated.jpg\"><img loading=\"lazy\" decoding=\"async\" width=\"768\" height=\"1024\" data-id=\"7427\" src=\"https:\/\/topette.net\/wp-content\/uploads\/2023\/04\/P1200458-rotated.jpg\" alt=\"\" class=\"wp-image-7427\" srcset=\"https:\/\/topette.net\/wp-content\/uploads\/2023\/04\/P1200458-rotated.jpg 768w, https:\/\/topette.net\/wp-content\/uploads\/2023\/04\/P1200458-225x300.jpg 225w\" sizes=\"auto, (max-width: 709px) 85vw, (max-width: 909px) 67vw, (max-width: 984px) 61vw, (max-width: 1362px) 45vw, 600px\" \/><\/a><\/figure>\n\n\n\n<figure class=\"wp-block-image size-large\"><a href=\"https:\/\/topette.net\/wp-content\/uploads\/2023\/04\/P1200459-rotated.jpg\"><img loading=\"lazy\" decoding=\"async\" width=\"768\" height=\"1024\" data-id=\"7428\" src=\"https:\/\/topette.net\/wp-content\/uploads\/2023\/04\/P1200459-rotated.jpg\" alt=\"\" class=\"wp-image-7428\" srcset=\"https:\/\/topette.net\/wp-content\/uploads\/2023\/04\/P1200459-rotated.jpg 768w, https:\/\/topette.net\/wp-content\/uploads\/2023\/04\/P1200459-225x300.jpg 225w\" sizes=\"auto, (max-width: 709px) 85vw, (max-width: 909px) 67vw, (max-width: 984px) 61vw, (max-width: 1362px) 45vw, 600px\" \/><\/a><\/figure>\n\n\n\n<figure class=\"wp-block-image size-large\"><a href=\"https:\/\/topette.net\/wp-content\/uploads\/2023\/04\/P1200476.jpg\"><img loading=\"lazy\" decoding=\"async\" width=\"1024\" height=\"768\" data-id=\"7429\" src=\"https:\/\/topette.net\/wp-content\/uploads\/2023\/04\/P1200476.jpg\" alt=\"\" class=\"wp-image-7429\" srcset=\"https:\/\/topette.net\/wp-content\/uploads\/2023\/04\/P1200476.jpg 1024w, https:\/\/topette.net\/wp-content\/uploads\/2023\/04\/P1200476-300x225.jpg 300w, https:\/\/topette.net\/wp-content\/uploads\/2023\/04\/P1200476-768x576.jpg 768w\" sizes=\"auto, (max-width: 709px) 85vw, (max-width: 909px) 67vw, (max-width: 1362px) 62vw, 840px\" \/><\/a><\/figure>\n<figcaption class=\"blocks-gallery-caption wp-element-caption\"><em>WC, douche et lavabos sont orn\u00e9s de mosa\u00efques.<\/em><\/figcaption><\/figure>\n\n\n\n<p><\/p>\n\n\n\n<p>La chemin\u00e9e poss\u00e8de un linteau d\u00e9cor\u00e9 d&#8217;un masque en m\u00e9tal d\u00e9coup\u00e9 du plus bel effet.<\/p>\n\n\n\n<figure class=\"wp-block-gallery has-nested-images columns-default is-cropped wp-block-gallery-13 is-layout-flex wp-block-gallery-is-layout-flex\">\n<figure class=\"wp-block-image size-large\"><a href=\"https:\/\/topette.net\/wp-content\/uploads\/2023\/04\/P1200449-rotated.jpg\"><img loading=\"lazy\" decoding=\"async\" width=\"768\" height=\"1024\" data-id=\"7436\" src=\"https:\/\/topette.net\/wp-content\/uploads\/2023\/04\/P1200449-rotated.jpg\" alt=\"\" class=\"wp-image-7436\" srcset=\"https:\/\/topette.net\/wp-content\/uploads\/2023\/04\/P1200449-rotated.jpg 768w, https:\/\/topette.net\/wp-content\/uploads\/2023\/04\/P1200449-225x300.jpg 225w\" sizes=\"auto, (max-width: 709px) 85vw, (max-width: 909px) 67vw, (max-width: 984px) 61vw, (max-width: 1362px) 45vw, 600px\" \/><\/a><\/figure>\n<figcaption class=\"blocks-gallery-caption wp-element-caption\"><em>La chemin\u00e9e de la Casa Terracota.<\/em><\/figcaption><\/figure>\n\n\n\n<p><\/p>\n\n\n\n<p>Cette maison a br\u00fbl\u00e9 pendant la cuisson, pendant de tr\u00e8s longues p\u00e9riodes. Les parois \u00e0 l&#8217;int\u00e9rieur sont tr\u00e8s \u00e9paisses et la chaleur ne p\u00e9n\u00e8tre pas \u00e0 plus de 7 ou 8 centim\u00e8tres maximum. Si l&#8217;on creuse dans Casa Terracota, c&#8217;est un sandwich cuit des deux c\u00f4t\u00e9s, et \u00e0 l&#8217;int\u00e9rieur c&#8217;est de la terre crue, car le feu n&#8217;y est pas parvenu.<\/p>\n\n\n\n<p><\/p>\n\n\n\n<figure class=\"wp-block-gallery has-nested-images columns-2 is-cropped wp-block-gallery-14 is-layout-flex wp-block-gallery-is-layout-flex\">\n<figure class=\"wp-block-image size-large\"><a href=\"https:\/\/topette.net\/wp-content\/uploads\/2023\/04\/P1200488.jpg\"><img loading=\"lazy\" decoding=\"async\" width=\"1024\" height=\"768\" data-id=\"7430\" src=\"https:\/\/topette.net\/wp-content\/uploads\/2023\/04\/P1200488.jpg\" alt=\"\" class=\"wp-image-7430\" srcset=\"https:\/\/topette.net\/wp-content\/uploads\/2023\/04\/P1200488.jpg 1024w, https:\/\/topette.net\/wp-content\/uploads\/2023\/04\/P1200488-300x225.jpg 300w, https:\/\/topette.net\/wp-content\/uploads\/2023\/04\/P1200488-768x576.jpg 768w\" sizes=\"auto, (max-width: 709px) 85vw, (max-width: 909px) 67vw, (max-width: 1362px) 62vw, 840px\" \/><\/a><\/figure>\n\n\n\n<figure class=\"wp-block-image size-large\"><a href=\"https:\/\/topette.net\/wp-content\/uploads\/2023\/04\/P1200497.jpg\"><img loading=\"lazy\" decoding=\"async\" width=\"1024\" height=\"768\" data-id=\"7433\" src=\"https:\/\/topette.net\/wp-content\/uploads\/2023\/04\/P1200497.jpg\" alt=\"\" class=\"wp-image-7433\" srcset=\"https:\/\/topette.net\/wp-content\/uploads\/2023\/04\/P1200497.jpg 1024w, https:\/\/topette.net\/wp-content\/uploads\/2023\/04\/P1200497-300x225.jpg 300w, https:\/\/topette.net\/wp-content\/uploads\/2023\/04\/P1200497-768x576.jpg 768w\" sizes=\"auto, (max-width: 709px) 85vw, (max-width: 909px) 67vw, (max-width: 1362px) 62vw, 840px\" \/><\/a><\/figure>\n\n\n\n<figure class=\"wp-block-image size-large\"><a href=\"https:\/\/topette.net\/wp-content\/uploads\/2023\/04\/P1200499.jpg\"><img loading=\"lazy\" decoding=\"async\" width=\"1024\" height=\"768\" data-id=\"7432\" src=\"https:\/\/topette.net\/wp-content\/uploads\/2023\/04\/P1200499.jpg\" alt=\"\" class=\"wp-image-7432\" srcset=\"https:\/\/topette.net\/wp-content\/uploads\/2023\/04\/P1200499.jpg 1024w, https:\/\/topette.net\/wp-content\/uploads\/2023\/04\/P1200499-300x225.jpg 300w, https:\/\/topette.net\/wp-content\/uploads\/2023\/04\/P1200499-768x576.jpg 768w\" sizes=\"auto, (max-width: 709px) 85vw, (max-width: 909px) 67vw, (max-width: 1362px) 62vw, 840px\" \/><\/a><\/figure>\n\n\n\n<figure class=\"wp-block-image size-large\"><a href=\"https:\/\/topette.net\/wp-content\/uploads\/2023\/04\/P1200504.jpg\"><img loading=\"lazy\" decoding=\"async\" width=\"1024\" height=\"768\" data-id=\"7431\" src=\"https:\/\/topette.net\/wp-content\/uploads\/2023\/04\/P1200504.jpg\" alt=\"\" class=\"wp-image-7431\" srcset=\"https:\/\/topette.net\/wp-content\/uploads\/2023\/04\/P1200504.jpg 1024w, https:\/\/topette.net\/wp-content\/uploads\/2023\/04\/P1200504-300x225.jpg 300w, https:\/\/topette.net\/wp-content\/uploads\/2023\/04\/P1200504-768x576.jpg 768w\" sizes=\"auto, (max-width: 709px) 85vw, (max-width: 909px) 67vw, (max-width: 1362px) 62vw, 840px\" \/><\/a><\/figure>\n\n\n\n<figure class=\"wp-block-image size-large\"><a href=\"https:\/\/topette.net\/wp-content\/uploads\/2023\/04\/P1200505.jpg\"><img loading=\"lazy\" decoding=\"async\" width=\"1024\" height=\"768\" data-id=\"7434\" src=\"https:\/\/topette.net\/wp-content\/uploads\/2023\/04\/P1200505.jpg\" alt=\"\" class=\"wp-image-7434\" srcset=\"https:\/\/topette.net\/wp-content\/uploads\/2023\/04\/P1200505.jpg 1024w, https:\/\/topette.net\/wp-content\/uploads\/2023\/04\/P1200505-300x225.jpg 300w, https:\/\/topette.net\/wp-content\/uploads\/2023\/04\/P1200505-768x576.jpg 768w\" sizes=\"auto, (max-width: 709px) 85vw, (max-width: 909px) 67vw, (max-width: 1362px) 62vw, 840px\" \/><\/a><\/figure>\n\n\n\n<figure class=\"wp-block-image size-large\"><a href=\"https:\/\/topette.net\/wp-content\/uploads\/2023\/04\/P1200518.jpg\"><img loading=\"lazy\" decoding=\"async\" width=\"1024\" height=\"768\" data-id=\"7435\" src=\"https:\/\/topette.net\/wp-content\/uploads\/2023\/04\/P1200518.jpg\" alt=\"\" class=\"wp-image-7435\" srcset=\"https:\/\/topette.net\/wp-content\/uploads\/2023\/04\/P1200518.jpg 1024w, https:\/\/topette.net\/wp-content\/uploads\/2023\/04\/P1200518-300x225.jpg 300w, https:\/\/topette.net\/wp-content\/uploads\/2023\/04\/P1200518-768x576.jpg 768w\" sizes=\"auto, (max-width: 709px) 85vw, (max-width: 909px) 67vw, (max-width: 1362px) 62vw, 840px\" \/><\/a><\/figure>\n<figcaption class=\"blocks-gallery-caption wp-element-caption\"><em>Diverses vues de l&#8217;ext\u00e9rieur de la Casa Terracota.<\/em><\/figcaption><\/figure>\n\n\n\n<p><\/p>\n\n\n\n<p>Le salon de jardin est aussi en terre cuite et le jardin est, pour sa part, agr\u00e9ment\u00e9 de plusieurs \u0153uvres d&#8217;art.<\/p>\n\n\n\n<figure class=\"wp-block-gallery has-nested-images columns-default is-cropped wp-block-gallery-15 is-layout-flex wp-block-gallery-is-layout-flex\">\n<figure class=\"wp-block-image size-large\"><a href=\"https:\/\/topette.net\/wp-content\/uploads\/2023\/04\/P1200510.jpg\"><img loading=\"lazy\" decoding=\"async\" width=\"1024\" height=\"768\" data-id=\"7438\" src=\"https:\/\/topette.net\/wp-content\/uploads\/2023\/04\/P1200510.jpg\" alt=\"\" class=\"wp-image-7438\" srcset=\"https:\/\/topette.net\/wp-content\/uploads\/2023\/04\/P1200510.jpg 1024w, https:\/\/topette.net\/wp-content\/uploads\/2023\/04\/P1200510-300x225.jpg 300w, https:\/\/topette.net\/wp-content\/uploads\/2023\/04\/P1200510-768x576.jpg 768w\" sizes=\"auto, (max-width: 709px) 85vw, (max-width: 909px) 67vw, (max-width: 1362px) 62vw, 840px\" \/><\/a><\/figure>\n<figcaption class=\"blocks-gallery-caption wp-element-caption\"><em>Le salon de jardin.<\/em><\/figcaption><\/figure>\n\n\n\n<p><\/p>\n\n\n\n<p>Octavio Mendoza Morales n&#8217;habite plus la Casa Terracota, la maison \u00e9tant devenu un centre d&#8217;attrait touristique, il \u00e9tait devenu tr\u00e8s difficile d&#8217;y vivre au quotidien.<\/p>\n\n\n\n<p>Je vous mets une photo de photo de la construction en cours.<\/p>\n\n\n\n<figure class=\"wp-block-gallery has-nested-images columns-default is-cropped wp-block-gallery-16 is-layout-flex wp-block-gallery-is-layout-flex\">\n<figure class=\"wp-block-image size-large\"><a href=\"https:\/\/topette.net\/wp-content\/uploads\/2023\/04\/P1200468Bis.jpg\"><img loading=\"lazy\" decoding=\"async\" width=\"1024\" height=\"727\" data-id=\"7439\" src=\"https:\/\/topette.net\/wp-content\/uploads\/2023\/04\/P1200468Bis.jpg\" alt=\"\" class=\"wp-image-7439\" srcset=\"https:\/\/topette.net\/wp-content\/uploads\/2023\/04\/P1200468Bis.jpg 1024w, https:\/\/topette.net\/wp-content\/uploads\/2023\/04\/P1200468Bis-300x213.jpg 300w, https:\/\/topette.net\/wp-content\/uploads\/2023\/04\/P1200468Bis-768x545.jpg 768w\" sizes=\"auto, (max-width: 709px) 85vw, (max-width: 909px) 67vw, (max-width: 1362px) 62vw, 840px\" \/><\/a><\/figure>\n<figcaption class=\"blocks-gallery-caption wp-element-caption\"><em>Construction en cours.<\/em><\/figcaption><\/figure>\n\n\n\n<p><\/p>\n\n\n\n<p>C&#8217;est sur cette tr\u00e8s int\u00e9ressante visite que nous quittons Villa de Leyva pour rejoindre la capitale, Bogota. Bon, pas avec ce bus-l\u00e0 car visiblement il est en panne !<\/p>\n\n\n\n<figure class=\"wp-block-gallery has-nested-images columns-default is-cropped wp-block-gallery-17 is-layout-flex wp-block-gallery-is-layout-flex\">\n<figure class=\"wp-block-image size-large\"><a href=\"https:\/\/topette.net\/wp-content\/uploads\/2023\/04\/P1200435.jpg\"><img loading=\"lazy\" decoding=\"async\" width=\"1024\" height=\"768\" data-id=\"7440\" src=\"https:\/\/topette.net\/wp-content\/uploads\/2023\/04\/P1200435.jpg\" alt=\"\" class=\"wp-image-7440\" srcset=\"https:\/\/topette.net\/wp-content\/uploads\/2023\/04\/P1200435.jpg 1024w, https:\/\/topette.net\/wp-content\/uploads\/2023\/04\/P1200435-300x225.jpg 300w, https:\/\/topette.net\/wp-content\/uploads\/2023\/04\/P1200435-768x576.jpg 768w\" sizes=\"auto, (max-width: 709px) 85vw, (max-width: 909px) 67vw, (max-width: 1362px) 62vw, 840px\" \/><\/a><\/figure>\n<figcaption class=\"blocks-gallery-caption wp-element-caption\"><em>R\u00e9paration de bus (s\u00fbrement encore sous garantie).<\/em><\/figcaption><\/figure>\n\n\n\n<p><\/p>\n\n\n\n<p>D\u00e9part \u00e0 12h00, arriv\u00e9e \u00e0 16h30 \u00e0 Bogota. C&#8217;\u00e9tait direct et ma foi plut\u00f4t rapide pour la r\u00e9gion.  Un sympathique chauffeur de taxi (\u00e7a existe donc) nous d\u00e9pose \u00e0 notre logement (qualit\u00e9 tr\u00e8s bonne pioche) situ\u00e9 dans le quartier de la Candelaria, avec un beau dessin sur le mur de la cour int\u00e9rieure.<\/p>\n\n\n\n<figure class=\"wp-block-gallery has-nested-images columns-default is-cropped wp-block-gallery-18 is-layout-flex wp-block-gallery-is-layout-flex\">\n<figure class=\"wp-block-image size-large\"><a href=\"https:\/\/topette.net\/wp-content\/uploads\/2023\/04\/P1200531.jpg\"><img loading=\"lazy\" decoding=\"async\" width=\"1024\" height=\"768\" data-id=\"7446\" src=\"https:\/\/topette.net\/wp-content\/uploads\/2023\/04\/P1200531.jpg\" alt=\"\" class=\"wp-image-7446\" srcset=\"https:\/\/topette.net\/wp-content\/uploads\/2023\/04\/P1200531.jpg 1024w, https:\/\/topette.net\/wp-content\/uploads\/2023\/04\/P1200531-300x225.jpg 300w, https:\/\/topette.net\/wp-content\/uploads\/2023\/04\/P1200531-768x576.jpg 768w\" sizes=\"auto, (max-width: 709px) 85vw, (max-width: 909px) 67vw, (max-width: 1362px) 62vw, 840px\" \/><\/a><\/figure>\n<figcaption class=\"blocks-gallery-caption wp-element-caption\"><em>Dessin sur le mur du patio de notre h\u00e9bergement.<\/em><\/figcaption><\/figure>\n\n\n\n<p><\/p>\n\n\n\n<p>Bogota, ville de 11,5 millions d&#8217;habitants, est la troisi\u00e8me capitale la plus haute du monde (apr\u00e8s La Paz et Quito), puisqu&#8217;elle se situe en moyenne \u00e0 2625 m\u00e8tres d&#8217;altitude. Du coup on a ressorti le sweat et le pantalon !<\/p>\n\n\n\n<figure class=\"wp-block-gallery has-nested-images columns-default is-cropped wp-block-gallery-19 is-layout-flex wp-block-gallery-is-layout-flex\">\n<figure class=\"wp-block-image size-large\"><a href=\"https:\/\/topette.net\/wp-content\/uploads\/2023\/04\/P1200538.jpg\"><img loading=\"lazy\" decoding=\"async\" width=\"1024\" height=\"768\" data-id=\"7448\" src=\"https:\/\/topette.net\/wp-content\/uploads\/2023\/04\/P1200538.jpg\" alt=\"\" class=\"wp-image-7448\" srcset=\"https:\/\/topette.net\/wp-content\/uploads\/2023\/04\/P1200538.jpg 1024w, https:\/\/topette.net\/wp-content\/uploads\/2023\/04\/P1200538-300x225.jpg 300w, https:\/\/topette.net\/wp-content\/uploads\/2023\/04\/P1200538-768x576.jpg 768w\" sizes=\"auto, (max-width: 709px) 85vw, (max-width: 909px) 67vw, (max-width: 1362px) 62vw, 840px\" \/><\/a><\/figure>\n<figcaption class=\"blocks-gallery-caption wp-element-caption\"><em>Bogota.<\/em><\/figcaption><\/figure>\n\n\n\n<p><\/p>\n\n\n\n<p>Fond\u00e9e en 1538 Bogota n&#8217;a vu sa population exploser que tr\u00e8s r\u00e9cemment. En un peu plus de cent ans, elle est pass\u00e9e de cent quarante-quatre mille habitants \u00e0 11,5 millions. La municipalit\u00e9 a d\u00e9velopp\u00e9 les pistes cyclables (550 km quand m\u00eame !!!) et bus \u00e0 double articulation (TransMilenio) qui roule dans un couloir d\u00e9di\u00e9 sans \u00eatre g\u00ean\u00e9 par la circulation des nombreuses voitures. Le quartier o\u00f9 nous logeons est le quartier historique, appel\u00e9 la Candelaria. On y trouve les vieilles maisons et les \u00e9glises laiss\u00e9es par la colonisation espagnole ainsi que la grande majorit\u00e9 des monuments de la ville.<\/p>\n\n\n\n<figure class=\"wp-block-gallery has-nested-images columns-default is-cropped wp-block-gallery-20 is-layout-flex wp-block-gallery-is-layout-flex\">\n<figure class=\"wp-block-image size-large\"><a href=\"https:\/\/topette.net\/wp-content\/uploads\/2023\/04\/P1200539-rotated.jpg\"><img loading=\"lazy\" decoding=\"async\" width=\"768\" height=\"1024\" data-id=\"7449\" src=\"https:\/\/topette.net\/wp-content\/uploads\/2023\/04\/P1200539-rotated.jpg\" alt=\"\" class=\"wp-image-7449\" srcset=\"https:\/\/topette.net\/wp-content\/uploads\/2023\/04\/P1200539-rotated.jpg 768w, https:\/\/topette.net\/wp-content\/uploads\/2023\/04\/P1200539-225x300.jpg 225w\" sizes=\"auto, (max-width: 709px) 85vw, (max-width: 909px) 67vw, (max-width: 984px) 61vw, (max-width: 1362px) 45vw, 600px\" \/><\/a><\/figure>\n<figcaption class=\"blocks-gallery-caption wp-element-caption\"><em>Rue color\u00e9e \u00e0 Bogota.<\/em><\/figcaption><\/figure>\n\n\n\n<p><\/p>\n\n\n\n<p>C&#8217;est autour de la place Bolivar qui est la place principale (plaza mayor) de Bogota, et de ses 13&nbsp;903&nbsp;m<sup>2<\/sup>, que se concentre la majeur partie des monuments : Le Palais de justice, la cath\u00e9drale de l&#8217;Immacul\u00e9e-Conception, la chapelle du Saint-Sacrement et l&#8217;archev\u00each\u00e9, le Capitole national et l&#8217;h\u00f4tel de ville (ou palais Li\u00e9vano, construit par l&#8217;architecte fran\u00e7ais Gaston Lelarge) et le Colegio Mayor de San Bartolom\u00e9.<\/p>\n\n\n\n<figure class=\"wp-block-gallery has-nested-images columns-2 is-cropped wp-block-gallery-21 is-layout-flex wp-block-gallery-is-layout-flex\">\n<figure class=\"wp-block-image size-large\"><a href=\"https:\/\/topette.net\/wp-content\/uploads\/2023\/04\/P1200658.jpg\"><img loading=\"lazy\" decoding=\"async\" width=\"1024\" height=\"768\" data-id=\"7450\" src=\"https:\/\/topette.net\/wp-content\/uploads\/2023\/04\/P1200658.jpg\" alt=\"\" class=\"wp-image-7450\" srcset=\"https:\/\/topette.net\/wp-content\/uploads\/2023\/04\/P1200658.jpg 1024w, https:\/\/topette.net\/wp-content\/uploads\/2023\/04\/P1200658-300x225.jpg 300w, https:\/\/topette.net\/wp-content\/uploads\/2023\/04\/P1200658-768x576.jpg 768w\" sizes=\"auto, (max-width: 709px) 85vw, (max-width: 909px) 67vw, (max-width: 1362px) 62vw, 840px\" \/><\/a><\/figure>\n\n\n\n<figure class=\"wp-block-image size-large\"><a href=\"https:\/\/topette.net\/wp-content\/uploads\/2023\/04\/P1200659.jpg\"><img loading=\"lazy\" decoding=\"async\" width=\"1024\" height=\"768\" data-id=\"7452\" src=\"https:\/\/topette.net\/wp-content\/uploads\/2023\/04\/P1200659.jpg\" alt=\"\" class=\"wp-image-7452\" srcset=\"https:\/\/topette.net\/wp-content\/uploads\/2023\/04\/P1200659.jpg 1024w, https:\/\/topette.net\/wp-content\/uploads\/2023\/04\/P1200659-300x225.jpg 300w, https:\/\/topette.net\/wp-content\/uploads\/2023\/04\/P1200659-768x576.jpg 768w\" sizes=\"auto, (max-width: 709px) 85vw, (max-width: 909px) 67vw, (max-width: 1362px) 62vw, 840px\" \/><\/a><\/figure>\n\n\n\n<figure class=\"wp-block-image size-large\"><a href=\"https:\/\/topette.net\/wp-content\/uploads\/2023\/04\/P1200661.jpg\"><img loading=\"lazy\" decoding=\"async\" width=\"1024\" height=\"768\" data-id=\"7453\" src=\"https:\/\/topette.net\/wp-content\/uploads\/2023\/04\/P1200661.jpg\" alt=\"\" class=\"wp-image-7453\" srcset=\"https:\/\/topette.net\/wp-content\/uploads\/2023\/04\/P1200661.jpg 1024w, https:\/\/topette.net\/wp-content\/uploads\/2023\/04\/P1200661-300x225.jpg 300w, https:\/\/topette.net\/wp-content\/uploads\/2023\/04\/P1200661-768x576.jpg 768w\" sizes=\"auto, (max-width: 709px) 85vw, (max-width: 909px) 67vw, (max-width: 1362px) 62vw, 840px\" \/><\/a><\/figure>\n\n\n\n<figure class=\"wp-block-image size-large\"><a href=\"https:\/\/topette.net\/wp-content\/uploads\/2023\/04\/P1200662.jpg\"><img loading=\"lazy\" decoding=\"async\" width=\"1024\" height=\"768\" data-id=\"7451\" src=\"https:\/\/topette.net\/wp-content\/uploads\/2023\/04\/P1200662.jpg\" alt=\"\" class=\"wp-image-7451\" srcset=\"https:\/\/topette.net\/wp-content\/uploads\/2023\/04\/P1200662.jpg 1024w, https:\/\/topette.net\/wp-content\/uploads\/2023\/04\/P1200662-300x225.jpg 300w, https:\/\/topette.net\/wp-content\/uploads\/2023\/04\/P1200662-768x576.jpg 768w\" sizes=\"auto, (max-width: 709px) 85vw, (max-width: 909px) 67vw, (max-width: 1362px) 62vw, 840px\" \/><\/a><\/figure>\n\n\n\n<figure class=\"wp-block-image size-large\"><a href=\"https:\/\/topette.net\/wp-content\/uploads\/2023\/04\/P1200667-rotated.jpg\"><img loading=\"lazy\" decoding=\"async\" width=\"768\" height=\"1024\" data-id=\"7454\" src=\"https:\/\/topette.net\/wp-content\/uploads\/2023\/04\/P1200667-rotated.jpg\" alt=\"\" class=\"wp-image-7454\" srcset=\"https:\/\/topette.net\/wp-content\/uploads\/2023\/04\/P1200667-rotated.jpg 768w, https:\/\/topette.net\/wp-content\/uploads\/2023\/04\/P1200667-225x300.jpg 225w\" sizes=\"auto, (max-width: 709px) 85vw, (max-width: 909px) 67vw, (max-width: 984px) 61vw, (max-width: 1362px) 45vw, 600px\" \/><\/a><\/figure>\n<figcaption class=\"blocks-gallery-caption wp-element-caption\"><em>La place Bolivar, la Cath\u00e9drale de l&#8217;Immacul\u00e9e-Conception, le Capitole national, l&#8217;H\u00f4tel de ville (Palais Li\u00e9vano) et entr\u00e9e de la chapelle du Saint-Sacrement<\/em>.<\/figcaption><\/figure>\n\n\n\n<p><\/p>\n\n\n\n<figure class=\"wp-block-gallery has-nested-images columns-2 is-cropped wp-block-gallery-22 is-layout-flex wp-block-gallery-is-layout-flex\">\n<figure class=\"wp-block-image size-large\"><a href=\"https:\/\/topette.net\/wp-content\/uploads\/2023\/04\/P1200666.jpg\"><img loading=\"lazy\" decoding=\"async\" width=\"1024\" height=\"768\" data-id=\"7455\" src=\"https:\/\/topette.net\/wp-content\/uploads\/2023\/04\/P1200666.jpg\" alt=\"\" class=\"wp-image-7455\" srcset=\"https:\/\/topette.net\/wp-content\/uploads\/2023\/04\/P1200666.jpg 1024w, https:\/\/topette.net\/wp-content\/uploads\/2023\/04\/P1200666-300x225.jpg 300w, https:\/\/topette.net\/wp-content\/uploads\/2023\/04\/P1200666-768x576.jpg 768w\" sizes=\"auto, (max-width: 709px) 85vw, (max-width: 909px) 67vw, (max-width: 1362px) 62vw, 840px\" \/><\/a><\/figure>\n\n\n\n<figure class=\"wp-block-image size-large\"><a href=\"https:\/\/topette.net\/wp-content\/uploads\/2023\/04\/P1200668.jpg\"><img loading=\"lazy\" decoding=\"async\" width=\"1024\" height=\"768\" data-id=\"7456\" src=\"https:\/\/topette.net\/wp-content\/uploads\/2023\/04\/P1200668.jpg\" alt=\"\" class=\"wp-image-7456\" srcset=\"https:\/\/topette.net\/wp-content\/uploads\/2023\/04\/P1200668.jpg 1024w, https:\/\/topette.net\/wp-content\/uploads\/2023\/04\/P1200668-300x225.jpg 300w, https:\/\/topette.net\/wp-content\/uploads\/2023\/04\/P1200668-768x576.jpg 768w\" sizes=\"auto, (max-width: 709px) 85vw, (max-width: 909px) 67vw, (max-width: 1362px) 62vw, 840px\" \/><\/a><\/figure>\n\n\n\n<figure class=\"wp-block-image size-large\"><a href=\"https:\/\/topette.net\/wp-content\/uploads\/2023\/04\/P1200673.jpg\"><img loading=\"lazy\" decoding=\"async\" width=\"1024\" height=\"768\" data-id=\"7457\" src=\"https:\/\/topette.net\/wp-content\/uploads\/2023\/04\/P1200673.jpg\" alt=\"\" class=\"wp-image-7457\" srcset=\"https:\/\/topette.net\/wp-content\/uploads\/2023\/04\/P1200673.jpg 1024w, https:\/\/topette.net\/wp-content\/uploads\/2023\/04\/P1200673-300x225.jpg 300w, https:\/\/topette.net\/wp-content\/uploads\/2023\/04\/P1200673-768x576.jpg 768w\" sizes=\"auto, (max-width: 709px) 85vw, (max-width: 909px) 67vw, (max-width: 1362px) 62vw, 840px\" \/><\/a><\/figure>\n\n\n\n<figure class=\"wp-block-image size-large\"><a href=\"https:\/\/topette.net\/wp-content\/uploads\/2023\/04\/P1200674.jpg\"><img loading=\"lazy\" decoding=\"async\" width=\"1024\" height=\"768\" data-id=\"7458\" src=\"https:\/\/topette.net\/wp-content\/uploads\/2023\/04\/P1200674.jpg\" alt=\"\" class=\"wp-image-7458\" srcset=\"https:\/\/topette.net\/wp-content\/uploads\/2023\/04\/P1200674.jpg 1024w, https:\/\/topette.net\/wp-content\/uploads\/2023\/04\/P1200674-300x225.jpg 300w, https:\/\/topette.net\/wp-content\/uploads\/2023\/04\/P1200674-768x576.jpg 768w\" sizes=\"auto, (max-width: 709px) 85vw, (max-width: 909px) 67vw, (max-width: 1362px) 62vw, 840px\" \/><\/a><\/figure>\n<figcaption class=\"blocks-gallery-caption wp-element-caption\"><em>Clocher de la chapelle du Saint-Sacrement et Colegio Mayor de San Bartolom\u00e9.<\/em><\/figcaption><\/figure>\n\n\n\n<p><\/p>\n\n\n\n<p>Bogota est une ville plaisante, avec ses maisons color\u00e9es et ses nombreuses fresques murales. Totalement interdits jusqu&#8217;alors, les graffitis avaient m\u00eame co\u00fbt\u00e9 la vie \u00e0 un jeune graffeur colombien, abattu par la police. Mais en 2013 Justin Bieber, le chanteur canadien, sous l\u2019escorte de policiers, a tagu\u00e9 l\u2019un des graffitis les plus laids de l\u2019histoire : une feuille de cannabis avec un drapeau canadien au centre. La jeunesse de Bogota s&#8217;est insurg\u00e9e : &#8220;Pourquoi lui serait autoris\u00e9 \u00e0 peindre des horreurs et nous n\u2019aurions pas le droit de cr\u00e9er librement ?&#8221;. Le chef de la police, pour ne pas reconna\u00eetre l\u2019erreur de ses hommes, s\u2019est donc d\u00e9clar\u00e9 favorable aux fresques qui fleurissent maintenant un peu partout !<\/p>\n\n\n\n<figure class=\"wp-block-gallery has-nested-images columns-1 is-cropped wp-block-gallery-23 is-layout-flex wp-block-gallery-is-layout-flex\">\n<figure class=\"wp-block-image size-large\"><a href=\"https:\/\/topette.net\/wp-content\/uploads\/2023\/04\/P1200565Bis.jpg\"><img loading=\"lazy\" decoding=\"async\" width=\"768\" height=\"1024\" data-id=\"7459\" src=\"https:\/\/topette.net\/wp-content\/uploads\/2023\/04\/P1200565Bis.jpg\" alt=\"\" class=\"wp-image-7459\" srcset=\"https:\/\/topette.net\/wp-content\/uploads\/2023\/04\/P1200565Bis.jpg 768w, https:\/\/topette.net\/wp-content\/uploads\/2023\/04\/P1200565Bis-225x300.jpg 225w\" sizes=\"auto, (max-width: 709px) 85vw, (max-width: 909px) 67vw, (max-width: 984px) 61vw, (max-width: 1362px) 45vw, 600px\" \/><\/a><\/figure>\n\n\n\n<figure class=\"wp-block-image size-large\"><a href=\"https:\/\/topette.net\/wp-content\/uploads\/2023\/04\/P1200707.jpg\"><img loading=\"lazy\" decoding=\"async\" width=\"1024\" height=\"768\" data-id=\"7460\" src=\"https:\/\/topette.net\/wp-content\/uploads\/2023\/04\/P1200707.jpg\" alt=\"\" class=\"wp-image-7460\" srcset=\"https:\/\/topette.net\/wp-content\/uploads\/2023\/04\/P1200707.jpg 1024w, https:\/\/topette.net\/wp-content\/uploads\/2023\/04\/P1200707-300x225.jpg 300w, https:\/\/topette.net\/wp-content\/uploads\/2023\/04\/P1200707-768x576.jpg 768w\" sizes=\"auto, (max-width: 709px) 85vw, (max-width: 909px) 67vw, (max-width: 1362px) 62vw, 840px\" \/><\/a><\/figure>\n\n\n\n<figure class=\"wp-block-image size-large\"><a href=\"https:\/\/topette.net\/wp-content\/uploads\/2023\/04\/P1200739.jpg\"><img loading=\"lazy\" decoding=\"async\" width=\"1024\" height=\"768\" data-id=\"7461\" src=\"https:\/\/topette.net\/wp-content\/uploads\/2023\/04\/P1200739.jpg\" alt=\"\" class=\"wp-image-7461\" srcset=\"https:\/\/topette.net\/wp-content\/uploads\/2023\/04\/P1200739.jpg 1024w, https:\/\/topette.net\/wp-content\/uploads\/2023\/04\/P1200739-300x225.jpg 300w, https:\/\/topette.net\/wp-content\/uploads\/2023\/04\/P1200739-768x576.jpg 768w\" sizes=\"auto, (max-width: 709px) 85vw, (max-width: 909px) 67vw, (max-width: 1362px) 62vw, 840px\" \/><\/a><\/figure>\n<figcaption class=\"blocks-gallery-caption wp-element-caption\"><em>Fresques murales \u00e0 Bogota.<\/em><\/figcaption><\/figure>\n\n\n\n<p><\/p>\n\n\n\n<p>Le quartier de la Candelaria poss\u00e8de des ruelles calmes et color\u00e9es, avec quelques maisons d\u2019\u00e9poque bien entretenues. C&#8217;est un quartier \u00e9tudiant et un peu boh\u00e8me, qui vit beaucoup le soir.<\/p>\n\n\n\n<figure class=\"wp-block-gallery has-nested-images columns-2 is-cropped wp-block-gallery-24 is-layout-flex wp-block-gallery-is-layout-flex\">\n<figure class=\"wp-block-image size-large\"><a href=\"https:\/\/topette.net\/wp-content\/uploads\/2023\/04\/P1200545.jpg\"><img loading=\"lazy\" decoding=\"async\" width=\"1024\" height=\"768\" data-id=\"7464\" src=\"https:\/\/topette.net\/wp-content\/uploads\/2023\/04\/P1200545.jpg\" alt=\"\" class=\"wp-image-7464\" srcset=\"https:\/\/topette.net\/wp-content\/uploads\/2023\/04\/P1200545.jpg 1024w, https:\/\/topette.net\/wp-content\/uploads\/2023\/04\/P1200545-300x225.jpg 300w, https:\/\/topette.net\/wp-content\/uploads\/2023\/04\/P1200545-768x576.jpg 768w\" sizes=\"auto, (max-width: 709px) 85vw, (max-width: 909px) 67vw, (max-width: 1362px) 62vw, 840px\" \/><\/a><\/figure>\n\n\n\n<figure class=\"wp-block-image size-large\"><a href=\"https:\/\/topette.net\/wp-content\/uploads\/2023\/04\/P1200549.jpg\"><img loading=\"lazy\" decoding=\"async\" width=\"1024\" height=\"768\" data-id=\"7465\" src=\"https:\/\/topette.net\/wp-content\/uploads\/2023\/04\/P1200549.jpg\" alt=\"\" class=\"wp-image-7465\" srcset=\"https:\/\/topette.net\/wp-content\/uploads\/2023\/04\/P1200549.jpg 1024w, https:\/\/topette.net\/wp-content\/uploads\/2023\/04\/P1200549-300x225.jpg 300w, https:\/\/topette.net\/wp-content\/uploads\/2023\/04\/P1200549-768x576.jpg 768w\" sizes=\"auto, (max-width: 709px) 85vw, (max-width: 909px) 67vw, (max-width: 1362px) 62vw, 840px\" \/><\/a><\/figure>\n\n\n\n<figure class=\"wp-block-image size-large\"><a href=\"https:\/\/topette.net\/wp-content\/uploads\/2023\/04\/P1200688.jpg\"><img loading=\"lazy\" decoding=\"async\" width=\"1024\" height=\"768\" data-id=\"7466\" src=\"https:\/\/topette.net\/wp-content\/uploads\/2023\/04\/P1200688.jpg\" alt=\"\" class=\"wp-image-7466\" srcset=\"https:\/\/topette.net\/wp-content\/uploads\/2023\/04\/P1200688.jpg 1024w, https:\/\/topette.net\/wp-content\/uploads\/2023\/04\/P1200688-300x225.jpg 300w, https:\/\/topette.net\/wp-content\/uploads\/2023\/04\/P1200688-768x576.jpg 768w\" sizes=\"auto, (max-width: 709px) 85vw, (max-width: 909px) 67vw, (max-width: 1362px) 62vw, 840px\" \/><\/a><\/figure>\n\n\n\n<figure class=\"wp-block-image size-large\"><a href=\"https:\/\/topette.net\/wp-content\/uploads\/2023\/04\/P1200694.jpg\"><img loading=\"lazy\" decoding=\"async\" width=\"1024\" height=\"768\" data-id=\"7467\" src=\"https:\/\/topette.net\/wp-content\/uploads\/2023\/04\/P1200694.jpg\" alt=\"\" class=\"wp-image-7467\" srcset=\"https:\/\/topette.net\/wp-content\/uploads\/2023\/04\/P1200694.jpg 1024w, https:\/\/topette.net\/wp-content\/uploads\/2023\/04\/P1200694-300x225.jpg 300w, https:\/\/topette.net\/wp-content\/uploads\/2023\/04\/P1200694-768x576.jpg 768w\" sizes=\"auto, (max-width: 709px) 85vw, (max-width: 909px) 67vw, (max-width: 1362px) 62vw, 840px\" \/><\/a><\/figure>\n\n\n\n<figure class=\"wp-block-image size-large\"><a href=\"https:\/\/topette.net\/wp-content\/uploads\/2023\/04\/P1200757.jpg\"><img loading=\"lazy\" decoding=\"async\" width=\"1024\" height=\"768\" data-id=\"7468\" src=\"https:\/\/topette.net\/wp-content\/uploads\/2023\/04\/P1200757.jpg\" alt=\"\" class=\"wp-image-7468\" srcset=\"https:\/\/topette.net\/wp-content\/uploads\/2023\/04\/P1200757.jpg 1024w, https:\/\/topette.net\/wp-content\/uploads\/2023\/04\/P1200757-300x225.jpg 300w, https:\/\/topette.net\/wp-content\/uploads\/2023\/04\/P1200757-768x576.jpg 768w\" sizes=\"auto, (max-width: 709px) 85vw, (max-width: 909px) 67vw, (max-width: 1362px) 62vw, 840px\" \/><\/a><\/figure>\n\n\n\n<figure class=\"wp-block-image size-large\"><a href=\"https:\/\/topette.net\/wp-content\/uploads\/2023\/04\/P1200759.jpg\"><img loading=\"lazy\" decoding=\"async\" width=\"1024\" height=\"768\" data-id=\"7469\" src=\"https:\/\/topette.net\/wp-content\/uploads\/2023\/04\/P1200759.jpg\" alt=\"\" class=\"wp-image-7469\" srcset=\"https:\/\/topette.net\/wp-content\/uploads\/2023\/04\/P1200759.jpg 1024w, https:\/\/topette.net\/wp-content\/uploads\/2023\/04\/P1200759-300x225.jpg 300w, https:\/\/topette.net\/wp-content\/uploads\/2023\/04\/P1200759-768x576.jpg 768w\" sizes=\"auto, (max-width: 709px) 85vw, (max-width: 909px) 67vw, (max-width: 1362px) 62vw, 840px\" \/><\/a><\/figure>\n<figcaption class=\"blocks-gallery-caption wp-element-caption\"><em>Maisons color\u00e9es du quartier La Candelaria.<\/em><\/figcaption><\/figure>\n\n\n\n<p><\/p>\n\n\n\n<p>On aime toujours admirer en fl\u00e2nant ces nombreux d\u00e9tails architecturaux qui nous plaisent (s\u00fbrement parce qu&#8217;on n&#8217;en voit pas par chez nous).<\/p>\n\n\n\n<figure class=\"wp-block-gallery has-nested-images columns-2 is-cropped wp-block-gallery-25 is-layout-flex wp-block-gallery-is-layout-flex\">\n<figure class=\"wp-block-image size-large\"><a href=\"https:\/\/topette.net\/wp-content\/uploads\/2023\/04\/P1200682-rotated.jpg\"><img loading=\"lazy\" decoding=\"async\" width=\"768\" height=\"1024\" data-id=\"7471\" src=\"https:\/\/topette.net\/wp-content\/uploads\/2023\/04\/P1200682-rotated.jpg\" alt=\"\" class=\"wp-image-7471\" srcset=\"https:\/\/topette.net\/wp-content\/uploads\/2023\/04\/P1200682-rotated.jpg 768w, https:\/\/topette.net\/wp-content\/uploads\/2023\/04\/P1200682-225x300.jpg 225w\" sizes=\"auto, (max-width: 709px) 85vw, (max-width: 909px) 67vw, (max-width: 984px) 61vw, (max-width: 1362px) 45vw, 600px\" \/><\/a><\/figure>\n\n\n\n<figure class=\"wp-block-image size-large\"><a href=\"https:\/\/topette.net\/wp-content\/uploads\/2023\/04\/P1200704-rotated.jpg\"><img loading=\"lazy\" decoding=\"async\" width=\"768\" height=\"1024\" data-id=\"7472\" src=\"https:\/\/topette.net\/wp-content\/uploads\/2023\/04\/P1200704-rotated.jpg\" alt=\"\" class=\"wp-image-7472\" srcset=\"https:\/\/topette.net\/wp-content\/uploads\/2023\/04\/P1200704-rotated.jpg 768w, https:\/\/topette.net\/wp-content\/uploads\/2023\/04\/P1200704-225x300.jpg 225w\" sizes=\"auto, (max-width: 709px) 85vw, (max-width: 909px) 67vw, (max-width: 984px) 61vw, (max-width: 1362px) 45vw, 600px\" \/><\/a><\/figure>\n\n\n\n<figure class=\"wp-block-image size-large\"><a href=\"https:\/\/topette.net\/wp-content\/uploads\/2023\/04\/P1200743-rotated.jpg\"><img loading=\"lazy\" decoding=\"async\" width=\"768\" height=\"1024\" data-id=\"7473\" src=\"https:\/\/topette.net\/wp-content\/uploads\/2023\/04\/P1200743-rotated.jpg\" alt=\"\" class=\"wp-image-7473\" srcset=\"https:\/\/topette.net\/wp-content\/uploads\/2023\/04\/P1200743-rotated.jpg 768w, https:\/\/topette.net\/wp-content\/uploads\/2023\/04\/P1200743-225x300.jpg 225w\" sizes=\"auto, (max-width: 709px) 85vw, (max-width: 909px) 67vw, (max-width: 984px) 61vw, (max-width: 1362px) 45vw, 600px\" \/><\/a><\/figure>\n\n\n\n<figure class=\"wp-block-image size-large\"><a href=\"https:\/\/topette.net\/wp-content\/uploads\/2023\/04\/P1200665-rotated.jpg\"><img loading=\"lazy\" decoding=\"async\" width=\"768\" height=\"1024\" data-id=\"7470\" src=\"https:\/\/topette.net\/wp-content\/uploads\/2023\/04\/P1200665-rotated.jpg\" alt=\"\" class=\"wp-image-7470\" srcset=\"https:\/\/topette.net\/wp-content\/uploads\/2023\/04\/P1200665-rotated.jpg 768w, https:\/\/topette.net\/wp-content\/uploads\/2023\/04\/P1200665-225x300.jpg 225w\" sizes=\"auto, (max-width: 709px) 85vw, (max-width: 909px) 67vw, (max-width: 984px) 61vw, (max-width: 1362px) 45vw, 600px\" \/><\/a><\/figure>\n\n\n\n<figure class=\"wp-block-image size-large\"><a href=\"https:\/\/topette.net\/wp-content\/uploads\/2023\/04\/P1200747-rotated.jpg\"><img loading=\"lazy\" decoding=\"async\" width=\"768\" height=\"1024\" data-id=\"7475\" src=\"https:\/\/topette.net\/wp-content\/uploads\/2023\/04\/P1200747-rotated.jpg\" alt=\"\" class=\"wp-image-7475\" srcset=\"https:\/\/topette.net\/wp-content\/uploads\/2023\/04\/P1200747-rotated.jpg 768w, https:\/\/topette.net\/wp-content\/uploads\/2023\/04\/P1200747-225x300.jpg 225w\" sizes=\"auto, (max-width: 709px) 85vw, (max-width: 909px) 67vw, (max-width: 984px) 61vw, (max-width: 1362px) 45vw, 600px\" \/><\/a><\/figure>\n\n\n\n<figure class=\"wp-block-image size-large\"><a href=\"https:\/\/topette.net\/wp-content\/uploads\/2023\/04\/P1200760-rotated.jpg\"><img loading=\"lazy\" decoding=\"async\" width=\"768\" height=\"1024\" data-id=\"7474\" src=\"https:\/\/topette.net\/wp-content\/uploads\/2023\/04\/P1200760-rotated.jpg\" alt=\"\" class=\"wp-image-7474\" srcset=\"https:\/\/topette.net\/wp-content\/uploads\/2023\/04\/P1200760-rotated.jpg 768w, https:\/\/topette.net\/wp-content\/uploads\/2023\/04\/P1200760-225x300.jpg 225w\" sizes=\"auto, (max-width: 709px) 85vw, (max-width: 909px) 67vw, (max-width: 984px) 61vw, (max-width: 1362px) 45vw, 600px\" \/><\/a><\/figure>\n<figcaption class=\"blocks-gallery-caption wp-element-caption\"><em>Quelques d\u00e9tails des maisons color\u00e9es du quartier La Candelaria.<\/em><\/figcaption><\/figure>\n\n\n\n<p><\/p>\n\n\n\n<p>On ne s&#8217;\u00e9tendra pas sur les nombreuses \u00e9glises de Bogota. On en a m\u00eame vu deux c\u00f4te \u00e0 c\u00f4te (l&#8217;\u00e9glise de de Veracruz et l&#8217;\u00e9glise de La Tercera). C&#8217;est dire s&#8217;il y en a beaucoup&#8230;<\/p>\n\n\n\n<figure class=\"wp-block-gallery has-nested-images columns-default is-cropped wp-block-gallery-26 is-layout-flex wp-block-gallery-is-layout-flex\">\n<figure class=\"wp-block-image size-large\"><a href=\"https:\/\/topette.net\/wp-content\/uploads\/2023\/04\/P1200725-rotated.jpg\"><img loading=\"lazy\" decoding=\"async\" width=\"768\" height=\"1024\" data-id=\"7477\" src=\"https:\/\/topette.net\/wp-content\/uploads\/2023\/04\/P1200725-rotated.jpg\" alt=\"\" class=\"wp-image-7477\" srcset=\"https:\/\/topette.net\/wp-content\/uploads\/2023\/04\/P1200725-rotated.jpg 768w, https:\/\/topette.net\/wp-content\/uploads\/2023\/04\/P1200725-225x300.jpg 225w\" sizes=\"auto, (max-width: 709px) 85vw, (max-width: 909px) 67vw, (max-width: 984px) 61vw, (max-width: 1362px) 45vw, 600px\" \/><\/a><\/figure>\n\n\n\n<figure class=\"wp-block-image size-large\"><a href=\"https:\/\/topette.net\/wp-content\/uploads\/2023\/04\/P1200717-rotated.jpg\"><img loading=\"lazy\" decoding=\"async\" width=\"768\" height=\"1024\" data-id=\"7476\" src=\"https:\/\/topette.net\/wp-content\/uploads\/2023\/04\/P1200717-rotated.jpg\" alt=\"\" class=\"wp-image-7476\" srcset=\"https:\/\/topette.net\/wp-content\/uploads\/2023\/04\/P1200717-rotated.jpg 768w, https:\/\/topette.net\/wp-content\/uploads\/2023\/04\/P1200717-225x300.jpg 225w\" sizes=\"auto, (max-width: 709px) 85vw, (max-width: 909px) 67vw, (max-width: 984px) 61vw, (max-width: 1362px) 45vw, 600px\" \/><\/a><\/figure>\n<figcaption class=\"blocks-gallery-caption wp-element-caption\"><em>Trois des nombreuses \u00e9glises de Bogota, l&#8217;\u00e9glise San Fransisco, l&#8217;\u00e9glise de de Veracruz et l&#8217;\u00e9glise de La Tercera.<\/em><\/figcaption><\/figure>\n\n\n\n<p><\/p>\n\n\n\n<p>On s&#8217;est arr\u00eat\u00e9 sur un parking o\u00f9 se tenait une exposition de voitures de collection dont une voiture de police (peut-\u00eatre celle du tr\u00e9pidant inspecteur Derrick ?) et des coccinelles bien s\u00fbr. En partant on a vu une superbe coccinelle d\u00e9capotable qui ne faisait pas partie de l&#8217;exposition.<\/p>\n\n\n\n<figure class=\"wp-block-gallery has-nested-images columns-2 is-cropped wp-block-gallery-27 is-layout-flex wp-block-gallery-is-layout-flex\">\n<figure class=\"wp-block-image size-large\"><a href=\"https:\/\/topette.net\/wp-content\/uploads\/2023\/04\/P1200544.jpg\"><img loading=\"lazy\" decoding=\"async\" width=\"1024\" height=\"768\" data-id=\"7481\" src=\"https:\/\/topette.net\/wp-content\/uploads\/2023\/04\/P1200544.jpg\" alt=\"\" class=\"wp-image-7481\" srcset=\"https:\/\/topette.net\/wp-content\/uploads\/2023\/04\/P1200544.jpg 1024w, https:\/\/topette.net\/wp-content\/uploads\/2023\/04\/P1200544-300x225.jpg 300w, https:\/\/topette.net\/wp-content\/uploads\/2023\/04\/P1200544-768x576.jpg 768w\" sizes=\"auto, (max-width: 709px) 85vw, (max-width: 909px) 67vw, (max-width: 1362px) 62vw, 840px\" \/><\/a><\/figure>\n\n\n\n<figure class=\"wp-block-image size-large\"><a href=\"https:\/\/topette.net\/wp-content\/uploads\/2023\/04\/P1200543.jpg\"><img loading=\"lazy\" decoding=\"async\" width=\"1024\" height=\"768\" data-id=\"7479\" src=\"https:\/\/topette.net\/wp-content\/uploads\/2023\/04\/P1200543.jpg\" alt=\"\" class=\"wp-image-7479\" srcset=\"https:\/\/topette.net\/wp-content\/uploads\/2023\/04\/P1200543.jpg 1024w, https:\/\/topette.net\/wp-content\/uploads\/2023\/04\/P1200543-300x225.jpg 300w, https:\/\/topette.net\/wp-content\/uploads\/2023\/04\/P1200543-768x576.jpg 768w\" sizes=\"auto, (max-width: 709px) 85vw, (max-width: 909px) 67vw, (max-width: 1362px) 62vw, 840px\" \/><\/a><\/figure>\n\n\n\n<figure class=\"wp-block-image size-large\"><a href=\"https:\/\/topette.net\/wp-content\/uploads\/2023\/04\/P1200557.jpg\"><img loading=\"lazy\" decoding=\"async\" width=\"1024\" height=\"768\" data-id=\"7480\" src=\"https:\/\/topette.net\/wp-content\/uploads\/2023\/04\/P1200557.jpg\" alt=\"\" class=\"wp-image-7480\" srcset=\"https:\/\/topette.net\/wp-content\/uploads\/2023\/04\/P1200557.jpg 1024w, https:\/\/topette.net\/wp-content\/uploads\/2023\/04\/P1200557-300x225.jpg 300w, https:\/\/topette.net\/wp-content\/uploads\/2023\/04\/P1200557-768x576.jpg 768w\" sizes=\"auto, (max-width: 709px) 85vw, (max-width: 909px) 67vw, (max-width: 1362px) 62vw, 840px\" \/><\/a><\/figure>\n<figcaption class=\"blocks-gallery-caption wp-element-caption\"><em>Des cocinelles de collection, mais pas que !<\/em><\/figcaption><\/figure>\n\n\n\n<p><\/p>\n\n\n\n<p>On a vu des azulejos, un beau portail en bois,  un \u00e9chafaudage en bambou (c&#8217;est vrai qu&#8217;il en pousse des \u00e9normes dans la r\u00e9gion) et un bus TransMilenio \u00e0 double accord\u00e9on (va faire un cr\u00e9neau avec \u00e7a).<\/p>\n\n\n\n<figure class=\"wp-block-gallery has-nested-images columns-2 is-cropped wp-block-gallery-28 is-layout-flex wp-block-gallery-is-layout-flex\">\n<figure class=\"wp-block-image size-large\"><a href=\"https:\/\/topette.net\/wp-content\/uploads\/2023\/04\/P1200686.jpg\"><img loading=\"lazy\" decoding=\"async\" width=\"1024\" height=\"768\" data-id=\"7482\" src=\"https:\/\/topette.net\/wp-content\/uploads\/2023\/04\/P1200686.jpg\" alt=\"\" class=\"wp-image-7482\" srcset=\"https:\/\/topette.net\/wp-content\/uploads\/2023\/04\/P1200686.jpg 1024w, https:\/\/topette.net\/wp-content\/uploads\/2023\/04\/P1200686-300x225.jpg 300w, https:\/\/topette.net\/wp-content\/uploads\/2023\/04\/P1200686-768x576.jpg 768w\" sizes=\"auto, (max-width: 709px) 85vw, (max-width: 909px) 67vw, (max-width: 1362px) 62vw, 840px\" \/><\/a><\/figure>\n\n\n\n<figure class=\"wp-block-image size-large\"><a href=\"https:\/\/topette.net\/wp-content\/uploads\/2023\/04\/P1200748.jpg\"><img loading=\"lazy\" decoding=\"async\" width=\"1024\" height=\"768\" data-id=\"7485\" src=\"https:\/\/topette.net\/wp-content\/uploads\/2023\/04\/P1200748.jpg\" alt=\"\" class=\"wp-image-7485\" srcset=\"https:\/\/topette.net\/wp-content\/uploads\/2023\/04\/P1200748.jpg 1024w, https:\/\/topette.net\/wp-content\/uploads\/2023\/04\/P1200748-300x225.jpg 300w, https:\/\/topette.net\/wp-content\/uploads\/2023\/04\/P1200748-768x576.jpg 768w\" sizes=\"auto, (max-width: 709px) 85vw, (max-width: 909px) 67vw, (max-width: 1362px) 62vw, 840px\" \/><\/a><\/figure>\n\n\n\n<figure class=\"wp-block-image size-large\"><a href=\"https:\/\/topette.net\/wp-content\/uploads\/2023\/04\/P1200708.jpg\"><img loading=\"lazy\" decoding=\"async\" width=\"1024\" height=\"768\" data-id=\"7483\" src=\"https:\/\/topette.net\/wp-content\/uploads\/2023\/04\/P1200708.jpg\" alt=\"\" class=\"wp-image-7483\" srcset=\"https:\/\/topette.net\/wp-content\/uploads\/2023\/04\/P1200708.jpg 1024w, https:\/\/topette.net\/wp-content\/uploads\/2023\/04\/P1200708-300x225.jpg 300w, https:\/\/topette.net\/wp-content\/uploads\/2023\/04\/P1200708-768x576.jpg 768w\" sizes=\"auto, (max-width: 709px) 85vw, (max-width: 909px) 67vw, (max-width: 1362px) 62vw, 840px\" \/><\/a><\/figure>\n\n\n\n<figure class=\"wp-block-image size-large\"><a href=\"https:\/\/topette.net\/wp-content\/uploads\/2023\/04\/P1200715.jpg\"><img loading=\"lazy\" decoding=\"async\" width=\"1024\" height=\"768\" data-id=\"7484\" src=\"https:\/\/topette.net\/wp-content\/uploads\/2023\/04\/P1200715.jpg\" alt=\"\" class=\"wp-image-7484\" srcset=\"https:\/\/topette.net\/wp-content\/uploads\/2023\/04\/P1200715.jpg 1024w, https:\/\/topette.net\/wp-content\/uploads\/2023\/04\/P1200715-300x225.jpg 300w, https:\/\/topette.net\/wp-content\/uploads\/2023\/04\/P1200715-768x576.jpg 768w\" sizes=\"auto, (max-width: 709px) 85vw, (max-width: 909px) 67vw, (max-width: 1362px) 62vw, 840px\" \/><\/a><\/figure>\n<figcaption class=\"blocks-gallery-caption wp-element-caption\"><em>Des azulejos, un beau portail en bois, un \u00e9chafaudage en bambou et un bus \u00e0 double accord\u00e9on.<\/em><\/figcaption><\/figure>\n\n\n\n<p><\/p>\n\n\n\n<p>A bogota aussi les policiers vont souvent par deux, mais sur la m\u00eame moto (un qui conduit et l&#8217;autre qui consulte son t\u00e9l\u00e9phone. Instagram #police s\u00fbrement). Ils ont m\u00eame une charmante caravane gar\u00e9e sur le trottoir (le camping doit \u00eatre plein).<\/p>\n\n\n\n<figure class=\"wp-block-gallery has-nested-images columns-default is-cropped wp-block-gallery-29 is-layout-flex wp-block-gallery-is-layout-flex\">\n<figure class=\"wp-block-image size-large\"><a href=\"https:\/\/topette.net\/wp-content\/uploads\/2023\/04\/P1200741.jpg\"><img loading=\"lazy\" decoding=\"async\" width=\"1024\" height=\"768\" data-id=\"7486\" src=\"https:\/\/topette.net\/wp-content\/uploads\/2023\/04\/P1200741.jpg\" alt=\"\" class=\"wp-image-7486\" srcset=\"https:\/\/topette.net\/wp-content\/uploads\/2023\/04\/P1200741.jpg 1024w, https:\/\/topette.net\/wp-content\/uploads\/2023\/04\/P1200741-300x225.jpg 300w, https:\/\/topette.net\/wp-content\/uploads\/2023\/04\/P1200741-768x576.jpg 768w\" sizes=\"auto, (max-width: 709px) 85vw, (max-width: 909px) 67vw, (max-width: 1362px) 62vw, 840px\" \/><\/a><\/figure>\n\n\n\n<figure class=\"wp-block-image size-large\"><a href=\"https:\/\/topette.net\/wp-content\/uploads\/2023\/04\/P1200734.jpg\"><img loading=\"lazy\" decoding=\"async\" width=\"1024\" height=\"768\" data-id=\"7487\" src=\"https:\/\/topette.net\/wp-content\/uploads\/2023\/04\/P1200734.jpg\" alt=\"\" class=\"wp-image-7487\" srcset=\"https:\/\/topette.net\/wp-content\/uploads\/2023\/04\/P1200734.jpg 1024w, https:\/\/topette.net\/wp-content\/uploads\/2023\/04\/P1200734-300x225.jpg 300w, https:\/\/topette.net\/wp-content\/uploads\/2023\/04\/P1200734-768x576.jpg 768w\" sizes=\"auto, (max-width: 709px) 85vw, (max-width: 909px) 67vw, (max-width: 1362px) 62vw, 840px\" \/><\/a><\/figure>\n<figcaption class=\"blocks-gallery-caption wp-element-caption\"><em>Police partout&#8230;<\/em><\/figcaption><\/figure>\n\n\n\n<p><\/p>\n\n\n\n<p>Il y a de la musique \u00e0 la fen\u00eatre du restaurant et de la musique \u00e0 la porte du garage (est-ce de l\u00e0 que vient le style musical garage ?).<\/p>\n\n\n\n<figure class=\"wp-block-gallery has-nested-images columns-2 is-cropped wp-block-gallery-30 is-layout-flex wp-block-gallery-is-layout-flex\">\n<figure class=\"wp-block-image size-large\"><a href=\"https:\/\/topette.net\/wp-content\/uploads\/2023\/04\/P1200737-rotated.jpg\"><img loading=\"lazy\" decoding=\"async\" width=\"768\" height=\"1024\" data-id=\"7488\" src=\"https:\/\/topette.net\/wp-content\/uploads\/2023\/04\/P1200737-rotated.jpg\" alt=\"\" class=\"wp-image-7488\" srcset=\"https:\/\/topette.net\/wp-content\/uploads\/2023\/04\/P1200737-rotated.jpg 768w, https:\/\/topette.net\/wp-content\/uploads\/2023\/04\/P1200737-225x300.jpg 225w\" sizes=\"auto, (max-width: 709px) 85vw, (max-width: 909px) 67vw, (max-width: 984px) 61vw, (max-width: 1362px) 45vw, 600px\" \/><\/a><\/figure>\n\n\n\n<figure class=\"wp-block-image size-large\"><a href=\"https:\/\/topette.net\/wp-content\/uploads\/2023\/04\/P1200752.jpg\"><img loading=\"lazy\" decoding=\"async\" width=\"1024\" height=\"768\" data-id=\"7489\" src=\"https:\/\/topette.net\/wp-content\/uploads\/2023\/04\/P1200752.jpg\" alt=\"\" class=\"wp-image-7489\" srcset=\"https:\/\/topette.net\/wp-content\/uploads\/2023\/04\/P1200752.jpg 1024w, https:\/\/topette.net\/wp-content\/uploads\/2023\/04\/P1200752-300x225.jpg 300w, https:\/\/topette.net\/wp-content\/uploads\/2023\/04\/P1200752-768x576.jpg 768w\" sizes=\"auto, (max-width: 709px) 85vw, (max-width: 909px) 67vw, (max-width: 1362px) 62vw, 840px\" \/><\/a><\/figure>\n<figcaption class=\"blocks-gallery-caption wp-element-caption\"><em>Musique !<\/em><\/figcaption><\/figure>\n\n\n\n<p><\/p>\n\n\n\n<p>On a encore crois\u00e9 des fruits du palmier p\u00eache. C&#8217;est beau mais on ne sait pas comment \u00e7a se mange ni quel go\u00fbt \u00e7a a (il va quand m\u00eame falloir qu&#8217;on essaye). Et puis on a vu un nouvel engin m\u00e9canique \u00e0 ajouter \u00e0 notre collection.<\/p>\n\n\n\n<figure class=\"wp-block-gallery has-nested-images columns-1 is-cropped wp-block-gallery-31 is-layout-flex wp-block-gallery-is-layout-flex\">\n<figure class=\"wp-block-image size-large\"><a href=\"https:\/\/topette.net\/wp-content\/uploads\/2023\/04\/P1200728.jpg\"><img loading=\"lazy\" decoding=\"async\" width=\"1024\" height=\"768\" data-id=\"7508\" src=\"https:\/\/topette.net\/wp-content\/uploads\/2023\/04\/P1200728.jpg\" alt=\"\" class=\"wp-image-7508\" srcset=\"https:\/\/topette.net\/wp-content\/uploads\/2023\/04\/P1200728.jpg 1024w, https:\/\/topette.net\/wp-content\/uploads\/2023\/04\/P1200728-300x225.jpg 300w, https:\/\/topette.net\/wp-content\/uploads\/2023\/04\/P1200728-768x576.jpg 768w\" sizes=\"auto, (max-width: 709px) 85vw, (max-width: 909px) 67vw, (max-width: 1362px) 62vw, 840px\" \/><\/a><\/figure>\n\n\n\n<figure class=\"wp-block-image size-large\"><a href=\"https:\/\/topette.net\/wp-content\/uploads\/2023\/04\/P1200742.jpg\"><img loading=\"lazy\" decoding=\"async\" width=\"1024\" height=\"768\" data-id=\"7509\" src=\"https:\/\/topette.net\/wp-content\/uploads\/2023\/04\/P1200742.jpg\" alt=\"\" class=\"wp-image-7509\" srcset=\"https:\/\/topette.net\/wp-content\/uploads\/2023\/04\/P1200742.jpg 1024w, https:\/\/topette.net\/wp-content\/uploads\/2023\/04\/P1200742-300x225.jpg 300w, https:\/\/topette.net\/wp-content\/uploads\/2023\/04\/P1200742-768x576.jpg 768w\" sizes=\"auto, (max-width: 709px) 85vw, (max-width: 909px) 67vw, (max-width: 1362px) 62vw, 840px\" \/><\/a><\/figure>\n<figcaption class=\"blocks-gallery-caption wp-element-caption\"><em>Fruits du palmier p\u00eache et nouvel engin m\u00e9canique.<\/em><\/figcaption><\/figure>\n\n\n\n<p><\/p>\n\n\n\n<p>De retour \u00e0 notre h\u00e9bergement on est mont\u00e9 sur la terrasse. De l\u00e0 on voit la ville et le cerro de Monserrate (en fran\u00e7ais colline de Monserrate) qui domine la ville du haut de ses 3152 m\u00e8tres et sur lequel a \u00e9t\u00e9 b\u00e2tie La basilique du Se\u00f1or de Monserrate, accessible \u00e0 pied, en funiculaire et en t\u00e9l\u00e9ph\u00e9rique (\u00e0 pied on oublie \u00e0 cause du genou, et le funiculaire ainsi que le t\u00e9l\u00e9ph\u00e9rique \u00e0 cause du vertige).<\/p>\n\n\n\n<figure class=\"wp-block-gallery has-nested-images columns-default is-cropped wp-block-gallery-32 is-layout-flex wp-block-gallery-is-layout-flex\">\n<figure class=\"wp-block-image size-large\"><a href=\"https:\/\/topette.net\/wp-content\/uploads\/2023\/04\/P1200566-rotated.jpg\"><img loading=\"lazy\" decoding=\"async\" width=\"768\" height=\"1024\" data-id=\"7510\" src=\"https:\/\/topette.net\/wp-content\/uploads\/2023\/04\/P1200566-rotated.jpg\" alt=\"\" class=\"wp-image-7510\" srcset=\"https:\/\/topette.net\/wp-content\/uploads\/2023\/04\/P1200566-rotated.jpg 768w, https:\/\/topette.net\/wp-content\/uploads\/2023\/04\/P1200566-225x300.jpg 225w\" sizes=\"auto, (max-width: 709px) 85vw, (max-width: 909px) 67vw, (max-width: 984px) 61vw, (max-width: 1362px) 45vw, 600px\" \/><\/a><\/figure>\n<figcaption class=\"blocks-gallery-caption wp-element-caption\">Tout l\u00e0-haut, la basilique du Se\u00f1or de Monserrate.<\/figcaption><\/figure>\n\n\n\n<p><\/p>\n\n\n\n<p>Toujours sur la terrasse, de l&#8217;autre c\u00f4t\u00e9, on peut admirer un chef d&#8217;\u0153uvre de la construction\/bricolage\/r\u00e9cup\u00e9ration \u00e0 la colombienne.<\/p>\n\n\n\n<figure class=\"wp-block-gallery has-nested-images columns-default is-cropped wp-block-gallery-33 is-layout-flex wp-block-gallery-is-layout-flex\">\n<figure class=\"wp-block-image size-large\"><a href=\"https:\/\/topette.net\/wp-content\/uploads\/2023\/04\/P1200569.jpg\"><img loading=\"lazy\" decoding=\"async\" width=\"1024\" height=\"768\" data-id=\"7511\" src=\"https:\/\/topette.net\/wp-content\/uploads\/2023\/04\/P1200569.jpg\" alt=\"\" class=\"wp-image-7511\" srcset=\"https:\/\/topette.net\/wp-content\/uploads\/2023\/04\/P1200569.jpg 1024w, https:\/\/topette.net\/wp-content\/uploads\/2023\/04\/P1200569-300x225.jpg 300w, https:\/\/topette.net\/wp-content\/uploads\/2023\/04\/P1200569-768x576.jpg 768w\" sizes=\"auto, (max-width: 709px) 85vw, (max-width: 909px) 67vw, (max-width: 1362px) 62vw, 840px\" \/><\/a><\/figure>\n<figcaption class=\"blocks-gallery-caption wp-element-caption\"><em>Si c&#8217;est pas de la r\u00e9cup&#8217; \u00e7\u00e0 !<\/em><\/figcaption><\/figure>\n\n\n\n<p><\/p>\n\n\n\n<p>On a \u00e9t\u00e9 faire un tour au mus\u00e9e Botero, un incontournable de Bogota (\u00e7a tombe bien, on adore ce qu&#8217;il fait), constitu\u00e9 avec des \u0153uvres personnelles ainsi que celles d&#8217;autres d&#8217;artistes qu&#8217;il poss\u00e9dait et qu&#8217;il a donn\u00e9.<\/p>\n\n\n\n<figure class=\"wp-block-gallery has-nested-images columns-default is-cropped wp-block-gallery-34 is-layout-flex wp-block-gallery-is-layout-flex\">\n<figure class=\"wp-block-image size-large\"><a href=\"https:\/\/topette.net\/wp-content\/uploads\/2023\/04\/P1200586Bis.jpg\"><img loading=\"lazy\" decoding=\"async\" width=\"768\" height=\"954\" data-id=\"7491\" src=\"https:\/\/topette.net\/wp-content\/uploads\/2023\/04\/P1200586Bis.jpg\" alt=\"\" class=\"wp-image-7491\" srcset=\"https:\/\/topette.net\/wp-content\/uploads\/2023\/04\/P1200586Bis.jpg 768w, https:\/\/topette.net\/wp-content\/uploads\/2023\/04\/P1200586Bis-242x300.jpg 242w\" sizes=\"auto, (max-width: 709px) 85vw, (max-width: 909px) 67vw, (max-width: 984px) 61vw, (max-width: 1362px) 45vw, 600px\" \/><\/a><\/figure>\n\n\n\n<figure class=\"wp-block-image size-large\"><a href=\"https:\/\/topette.net\/wp-content\/uploads\/2023\/04\/P1200589Bis.jpg\"><img loading=\"lazy\" decoding=\"async\" width=\"704\" height=\"1024\" data-id=\"7490\" src=\"https:\/\/topette.net\/wp-content\/uploads\/2023\/04\/P1200589Bis.jpg\" alt=\"\" class=\"wp-image-7490\" srcset=\"https:\/\/topette.net\/wp-content\/uploads\/2023\/04\/P1200589Bis.jpg 704w, https:\/\/topette.net\/wp-content\/uploads\/2023\/04\/P1200589Bis-206x300.jpg 206w\" sizes=\"auto, (max-width: 709px) 85vw, (max-width: 909px) 67vw, (max-width: 984px) 61vw, (max-width: 1362px) 45vw, 600px\" \/><\/a><\/figure>\n<figcaption class=\"blocks-gallery-caption wp-element-caption\"><em>Una familia (une famille) et Pareja bailando (Danse en couple) de Fernando Botero.<\/em><\/figcaption><\/figure>\n\n\n\n<p><\/p>\n\n\n\n<figure class=\"wp-block-gallery has-nested-images columns-default is-cropped wp-block-gallery-35 is-layout-flex wp-block-gallery-is-layout-flex\">\n<figure class=\"wp-block-image size-large\"><a href=\"https:\/\/topette.net\/wp-content\/uploads\/2023\/04\/P1200600Bis.jpg\"><img loading=\"lazy\" decoding=\"async\" width=\"768\" height=\"938\" data-id=\"7492\" src=\"https:\/\/topette.net\/wp-content\/uploads\/2023\/04\/P1200600Bis.jpg\" alt=\"\" class=\"wp-image-7492\" srcset=\"https:\/\/topette.net\/wp-content\/uploads\/2023\/04\/P1200600Bis.jpg 768w, https:\/\/topette.net\/wp-content\/uploads\/2023\/04\/P1200600Bis-246x300.jpg 246w\" sizes=\"auto, (max-width: 709px) 85vw, (max-width: 909px) 67vw, (max-width: 984px) 61vw, (max-width: 1362px) 45vw, 600px\" \/><\/a><\/figure>\n\n\n\n<figure class=\"wp-block-image size-large\"><a href=\"https:\/\/topette.net\/wp-content\/uploads\/2023\/04\/P1200632Bis.jpg\"><img loading=\"lazy\" decoding=\"async\" width=\"676\" height=\"1024\" data-id=\"7494\" src=\"https:\/\/topette.net\/wp-content\/uploads\/2023\/04\/P1200632Bis.jpg\" alt=\"\" class=\"wp-image-7494\" srcset=\"https:\/\/topette.net\/wp-content\/uploads\/2023\/04\/P1200632Bis.jpg 676w, https:\/\/topette.net\/wp-content\/uploads\/2023\/04\/P1200632Bis-198x300.jpg 198w\" sizes=\"auto, (max-width: 709px) 85vw, (max-width: 909px) 67vw, (max-width: 984px) 61vw, (max-width: 1362px) 45vw, 600px\" \/><\/a><\/figure>\n<figcaption class=\"blocks-gallery-caption wp-element-caption\"><em>Hombre con perro (Homme avec chien) et Madre e hijo (M\u00e8re et fils) de Fernando Botero.<\/em><\/figcaption><\/figure>\n\n\n\n<p><\/p>\n\n\n\n<p>Fernando Botero, n\u00e9 le 19 avril 1932 \u00e0 Medell\u00edn, est un peintre et sculpteur colombien. Il est r\u00e9put\u00e9 pour ses personnages aux formes rondes et voluptueuses inspir\u00e9s de l&#8217;art pr\u00e9colombien.<\/p>\n\n\n\n<figure class=\"wp-block-gallery has-nested-images columns-default is-cropped wp-block-gallery-36 is-layout-flex wp-block-gallery-is-layout-flex\">\n<figure class=\"wp-block-image size-large\"><a href=\"https:\/\/topette.net\/wp-content\/uploads\/2023\/04\/P1200621Bis-1.jpg\"><img loading=\"lazy\" decoding=\"async\" width=\"768\" height=\"1020\" data-id=\"7498\" src=\"https:\/\/topette.net\/wp-content\/uploads\/2023\/04\/P1200621Bis-1.jpg\" alt=\"\" class=\"wp-image-7498\" srcset=\"https:\/\/topette.net\/wp-content\/uploads\/2023\/04\/P1200621Bis-1.jpg 768w, https:\/\/topette.net\/wp-content\/uploads\/2023\/04\/P1200621Bis-1-226x300.jpg 226w\" sizes=\"auto, (max-width: 709px) 85vw, (max-width: 909px) 67vw, (max-width: 984px) 61vw, (max-width: 1362px) 45vw, 600px\" \/><\/a><\/figure>\n\n\n\n<figure class=\"wp-block-image size-large\"><a href=\"https:\/\/topette.net\/wp-content\/uploads\/2023\/04\/P1200629Bis-1.jpg\"><img loading=\"lazy\" decoding=\"async\" width=\"768\" height=\"970\" data-id=\"7499\" src=\"https:\/\/topette.net\/wp-content\/uploads\/2023\/04\/P1200629Bis-1.jpg\" alt=\"\" class=\"wp-image-7499\" srcset=\"https:\/\/topette.net\/wp-content\/uploads\/2023\/04\/P1200629Bis-1.jpg 768w, https:\/\/topette.net\/wp-content\/uploads\/2023\/04\/P1200629Bis-1-238x300.jpg 238w\" sizes=\"auto, (max-width: 709px) 85vw, (max-width: 909px) 67vw, (max-width: 984px) 61vw, (max-width: 1362px) 45vw, 600px\" \/><\/a><\/figure>\n<figcaption class=\"blocks-gallery-caption wp-element-caption\"><em>Pareja Bailando II (Danse en couple II) et Hombre a caballo (Homme \u00e0 cheval) de Fernando Botero.<\/em><\/figcaption><\/figure>\n\n\n\n<p><\/p>\n\n\n\n<figure class=\"wp-block-gallery has-nested-images columns-default is-cropped wp-block-gallery-37 is-layout-flex wp-block-gallery-is-layout-flex\">\n<figure class=\"wp-block-image size-large\"><a href=\"https:\/\/topette.net\/wp-content\/uploads\/2023\/04\/P1200633Bis-1.jpg\"><img loading=\"lazy\" decoding=\"async\" width=\"768\" height=\"1002\" data-id=\"7501\" src=\"https:\/\/topette.net\/wp-content\/uploads\/2023\/04\/P1200633Bis-1.jpg\" alt=\"\" class=\"wp-image-7501\" srcset=\"https:\/\/topette.net\/wp-content\/uploads\/2023\/04\/P1200633Bis-1.jpg 768w, https:\/\/topette.net\/wp-content\/uploads\/2023\/04\/P1200633Bis-1-230x300.jpg 230w\" sizes=\"auto, (max-width: 709px) 85vw, (max-width: 909px) 67vw, (max-width: 984px) 61vw, (max-width: 1362px) 45vw, 600px\" \/><\/a><\/figure>\n\n\n\n<figure class=\"wp-block-image size-full\"><a href=\"https:\/\/topette.net\/wp-content\/uploads\/2023\/04\/P1200652Bis-1.jpg\"><img loading=\"lazy\" decoding=\"async\" width=\"768\" height=\"867\" data-id=\"7502\" src=\"https:\/\/topette.net\/wp-content\/uploads\/2023\/04\/P1200652Bis-1.jpg\" alt=\"\" class=\"wp-image-7502\" srcset=\"https:\/\/topette.net\/wp-content\/uploads\/2023\/04\/P1200652Bis-1.jpg 768w, https:\/\/topette.net\/wp-content\/uploads\/2023\/04\/P1200652Bis-1-266x300.jpg 266w\" sizes=\"auto, (max-width: 709px) 85vw, (max-width: 909px) 67vw, (max-width: 984px) 61vw, (max-width: 1362px) 45vw, 600px\" \/><\/a><\/figure>\n<figcaption class=\"blocks-gallery-caption wp-element-caption\"><em>Madre superiora (M\u00e8re sup\u00e9rieure) et Mona Lisa (La Joconde) de Fernando Botero.<\/em><\/figcaption><\/figure>\n\n\n\n<p><\/p>\n\n\n\n<p>Il est reconnu pour ce style particulier qui le d\u00e9finit, style connu sous le nom de Boterismo ou Gordismo. Les oeuvres de l&#8217;artiste sont originales par l&#8217;\u00e9paisseur et les grandes proportions des corps qu&#8217;il r\u00e9alise.<\/p>\n\n\n\n<figure class=\"wp-block-gallery has-nested-images columns-default is-cropped wp-block-gallery-38 is-layout-flex wp-block-gallery-is-layout-flex\">\n<figure class=\"wp-block-image size-large\"><a href=\"https:\/\/topette.net\/wp-content\/uploads\/2023\/04\/P1200610-rotated.jpg\"><img loading=\"lazy\" decoding=\"async\" width=\"768\" height=\"1024\" data-id=\"7503\" src=\"https:\/\/topette.net\/wp-content\/uploads\/2023\/04\/P1200610-rotated.jpg\" alt=\"\" class=\"wp-image-7503\" srcset=\"https:\/\/topette.net\/wp-content\/uploads\/2023\/04\/P1200610-rotated.jpg 768w, https:\/\/topette.net\/wp-content\/uploads\/2023\/04\/P1200610-225x300.jpg 225w\" sizes=\"auto, (max-width: 709px) 85vw, (max-width: 909px) 67vw, (max-width: 984px) 61vw, (max-width: 1362px) 45vw, 600px\" \/><\/a><\/figure>\n\n\n\n<figure class=\"wp-block-image size-large\"><a href=\"https:\/\/topette.net\/wp-content\/uploads\/2023\/04\/P1200649-rotated.jpg\"><img loading=\"lazy\" decoding=\"async\" width=\"768\" height=\"1024\" data-id=\"7504\" src=\"https:\/\/topette.net\/wp-content\/uploads\/2023\/04\/P1200649-rotated.jpg\" alt=\"\" class=\"wp-image-7504\" srcset=\"https:\/\/topette.net\/wp-content\/uploads\/2023\/04\/P1200649-rotated.jpg 768w, https:\/\/topette.net\/wp-content\/uploads\/2023\/04\/P1200649-225x300.jpg 225w\" sizes=\"auto, (max-width: 709px) 85vw, (max-width: 909px) 67vw, (max-width: 984px) 61vw, (max-width: 1362px) 45vw, 600px\" \/><\/a><\/figure>\n<figcaption class=\"blocks-gallery-caption wp-element-caption\"><em>Maternidad (Maternit\u00e9) et Mano (Main) de Fernando Botero.<\/em><\/figcaption><\/figure>\n\n\n\n<p><\/p>\n\n\n\n<figure class=\"wp-block-gallery has-nested-images columns-default is-cropped wp-block-gallery-39 is-layout-flex wp-block-gallery-is-layout-flex\">\n<figure class=\"wp-block-image size-large\"><a href=\"https:\/\/topette.net\/wp-content\/uploads\/2023\/04\/P1200608.jpg\"><img loading=\"lazy\" decoding=\"async\" width=\"1024\" height=\"768\" data-id=\"7505\" src=\"https:\/\/topette.net\/wp-content\/uploads\/2023\/04\/P1200608.jpg\" alt=\"\" class=\"wp-image-7505\" srcset=\"https:\/\/topette.net\/wp-content\/uploads\/2023\/04\/P1200608.jpg 1024w, https:\/\/topette.net\/wp-content\/uploads\/2023\/04\/P1200608-300x225.jpg 300w, https:\/\/topette.net\/wp-content\/uploads\/2023\/04\/P1200608-768x576.jpg 768w\" sizes=\"auto, (max-width: 709px) 85vw, (max-width: 909px) 67vw, (max-width: 1362px) 62vw, 840px\" \/><\/a><\/figure>\n\n\n\n<figure class=\"wp-block-image size-large\"><a href=\"https:\/\/topette.net\/wp-content\/uploads\/2023\/04\/P1200628.jpg\"><img loading=\"lazy\" decoding=\"async\" width=\"1024\" height=\"768\" data-id=\"7506\" src=\"https:\/\/topette.net\/wp-content\/uploads\/2023\/04\/P1200628.jpg\" alt=\"\" class=\"wp-image-7506\" srcset=\"https:\/\/topette.net\/wp-content\/uploads\/2023\/04\/P1200628.jpg 1024w, https:\/\/topette.net\/wp-content\/uploads\/2023\/04\/P1200628-300x225.jpg 300w, https:\/\/topette.net\/wp-content\/uploads\/2023\/04\/P1200628-768x576.jpg 768w\" sizes=\"auto, (max-width: 709px) 85vw, (max-width: 909px) 67vw, (max-width: 1362px) 62vw, 840px\" \/><\/a><\/figure>\n<figcaption class=\"blocks-gallery-caption wp-element-caption\">El Gat (Le chat) et Mujer con fruta (Femme avec fruit) de Fernando Botero.<\/figcaption><\/figure>\n\n\n\n<p><\/p>\n\n\n\n<p>Superbe mus\u00e9e qui nous a enchant\u00e9 ! De plus l&#8217;entr\u00e9e \u00e9tait gratuite, c&#8217;est bien quand la culture est ainsi accessible \u00e0 tout le monde.<\/p>\n\n\n\n<p>Par ailleurs, c&#8217;est pas parce qu&#8217;on est loin qu&#8217;on ne soutient pas le combat contre la r\u00e9forme des retraites. Du coup on a fait un tour \u00e0 une manif \u00e0 Bogota, histoire d&#8217;\u00eatre solidaire (c&#8217;\u00e9tait sympa, on pr\u00e9f\u00e8re les faire ici les manifs, tout compte fait).<\/p>\n\n\n\n<figure class=\"wp-block-embed\"><div class=\"wp-block-embed__wrapper\">\n<iframe loading=\"lazy\" title=\"Manif Bogota.mp4\" src=\"https:\/\/player.vimeo.com\/video\/815168173?h=a48e3bf60f&amp;dnt=1&amp;app_id=122963\" width=\"840\" height=\"473\" frameborder=\"0\" allow=\"autoplay; fullscreen; picture-in-picture\" allowfullscreen><\/iframe>\n<\/div><\/figure>\n\n\n\n<p><\/p>\n\n\n\n<p>Bogota est une ville qui nous a beaucoup plu (mis \u00e0 part les temp\u00e9ratures), mais il est temps pour nous de la quitter pour aller plus au sud rejoindre la ville de San Agustin par le bus de 7h30. Le taxi viendra nous prendre \u00e0 6h30 (donc r\u00e9veil 5h30, a\u00efe \u00e7a pique) et dix heures de bus annonc\u00e9es pour faire les 530 kms (en vrai \u00e7a sera 13h30).<\/p>\n\n\n\n<p>Allez, Topette !<\/p>\n\n\n\n<p><\/p>\n\n\n\n<p><\/p>\n","protected":false},"excerpt":{"rendered":"<p>Dans l&#8217;id\u00e9e le trajet Barichara &#8211; Villa de Leyva c&#8217;\u00e9tait 180 km et 4h15 avec un seul changement. En vrai c&#8217;est d\u00e9part du bus de Barichara \u00e0 8h30, arriv\u00e9e \u00e0 San Gil \u00e0 9h30, changement de bus, d\u00e9part 10h00 arriv\u00e9e \u00e0 Tunja 14h45, l\u00e0 le chauffeur nous dit de marcher jusqu&#8217;au rond-point puis de tourner &hellip; <a href=\"https:\/\/topette.net\/?p=7388\" class=\"more-link\">Continuer la lecture<span class=\"screen-reader-text\"> de &laquo;&nbsp;\u00bfC\u00f3mo est\u00e1s ? Colombiades&#8230;&nbsp;&raquo;<\/span><\/a><\/p>\n","protected":false},"author":2,"featured_media":0,"comment_status":"open","ping_status":"closed","sticky":false,"template":"","format":"standard","meta":{"_s2mail":"no","footnotes":""},"categories":[102,112],"tags":[],"class_list":["post-7388","post","type-post","status-publish","format-standard","hentry","category-amerique-centrale-2022-2023","category-colombie"],"_links":{"self":[{"href":"https:\/\/topette.net\/index.php?rest_route=\/wp\/v2\/posts\/7388","targetHints":{"allow":["GET"]}}],"collection":[{"href":"https:\/\/topette.net\/index.php?rest_route=\/wp\/v2\/posts"}],"about":[{"href":"https:\/\/topette.net\/index.php?rest_route=\/wp\/v2\/types\/post"}],"author":[{"embeddable":true,"href":"https:\/\/topette.net\/index.php?rest_route=\/wp\/v2\/users\/2"}],"replies":[{"embeddable":true,"href":"https:\/\/topette.net\/index.php?rest_route=%2Fwp%2Fv2%2Fcomments&post=7388"}],"version-history":[{"count":0,"href":"https:\/\/topette.net\/index.php?rest_route=\/wp\/v2\/posts\/7388\/revisions"}],"wp:attachment":[{"href":"https:\/\/topette.net\/index.php?rest_route=%2Fwp%2Fv2%2Fmedia&parent=7388"}],"wp:term":[{"taxonomy":"category","embeddable":true,"href":"https:\/\/topette.net\/index.php?rest_route=%2Fwp%2Fv2%2Fcategories&post=7388"},{"taxonomy":"post_tag","embeddable":true,"href":"https:\/\/topette.net\/index.php?rest_route=%2Fwp%2Fv2%2Ftags&post=7388"}],"curies":[{"name":"wp","href":"https:\/\/api.w.org\/{rel}","templated":true}]}}