{"id":7527,"date":"2023-04-14T22:07:44","date_gmt":"2023-04-14T20:07:44","guid":{"rendered":"https:\/\/topette.net\/?p=7527"},"modified":"2023-06-14T22:37:51","modified_gmt":"2023-06-14T20:37:51","slug":"colombia-el-riesgo-es-que-te-quieras-quedar","status":"publish","type":"post","link":"https:\/\/topette.net\/?p=7527","title":{"rendered":"Colombia, el riesgo es que te quieras quedar*"},"content":{"rendered":"\n<p>*Colombie, le risque c&#8217;est que tu veuilles rester<\/p>\n\n\n\n<p>C&#8217;est le nouveau slogan de la Colombie qui veut changer son image actuelle \u00e0 l&#8217;\u00e9tranger (Colombie = pays \u00e0 risques) pour pouvoir d\u00e9velopper le tourisme.<\/p>\n\n\n\n<p>L&#8217;id\u00e9al \u00e7a serait qu&#8217;ils en profitent pour am\u00e9liorer le fonctionnement des bus. La preuve pour aller de Bogota \u00e0 San Agust\u00edn, Google maps nous annonce 525 km et 9h46 de trajet, la compagnie de bus annonce 11h15 et dans la vraie vie on a mis 13h30 (il faut dire que le chauffeur s&#8217;est arr\u00eat\u00e9 une premi\u00e8re fois pour acheter des avocats, puis une autre fois pour acheter du poisson, puis pour acheter et manger une glace et enfin, \u00e0 une demi-heure de l&#8217;arriv\u00e9e, pour casser la croute).<\/p>\n\n\n\n<p>Heureusement notre h\u00e9bergement (qualit\u00e9 tr\u00e8s bonne pioche) est \u00e0 100 m\u00e8tres de l&#8217;arr\u00eat de bus et notre logeuse est obligeamment venue nous chercher bien qu&#8217;il soit 21h30 bien sonn\u00e9 \u00e0 l&#8217;\u00e9glise de San Agust\u00edn.<\/p>\n\n\n\n<figure class=\"wp-block-gallery has-nested-images columns-default is-cropped wp-block-gallery-1 is-layout-flex wp-block-gallery-is-layout-flex\">\n<figure class=\"wp-block-image size-large\"><a href=\"https:\/\/topette.net\/wp-content\/uploads\/2023\/04\/P1200943.jpg\"><img loading=\"lazy\" decoding=\"async\" width=\"1024\" height=\"768\" data-id=\"7530\" src=\"https:\/\/topette.net\/wp-content\/uploads\/2023\/04\/P1200943.jpg\" alt=\"\" class=\"wp-image-7530\" srcset=\"https:\/\/topette.net\/wp-content\/uploads\/2023\/04\/P1200943.jpg 1024w, https:\/\/topette.net\/wp-content\/uploads\/2023\/04\/P1200943-300x225.jpg 300w, https:\/\/topette.net\/wp-content\/uploads\/2023\/04\/P1200943-768x576.jpg 768w\" sizes=\"auto, (max-width: 709px) 85vw, (max-width: 909px) 67vw, (max-width: 1362px) 62vw, 840px\" \/><\/a><\/figure>\n<figcaption class=\"blocks-gallery-caption wp-element-caption\"><em>C&#8217;est pratique ces grosses lettres, on sait toujours o\u00f9 on est.<\/em><\/figcaption><\/figure>\n\n\n\n<!--more-->\n\n\n\n<p>Situ\u00e9e \u00e0 une altitude de 1 730 m, San Agust\u00edn est une petite ville de 35000 habitants surtout connue pour son parc arch\u00e9ologique, l&#8217;un des plus importants de Colombie, inscrit sur la liste du patrimoine mondial de l\u2019UNESCO depuis 1995. Comme le lendemain de notre arriv\u00e9e est un vendredi (jour b\u00e9ni) on en profite par aller visiter le site car le vendredi c&#8217;est gratuit (eh oui, il faut penser \u00e0 la petite retraite).<\/p>\n\n\n\n<figure class=\"wp-block-gallery has-nested-images columns-default is-cropped wp-block-gallery-2 is-layout-flex wp-block-gallery-is-layout-flex\">\n<figure class=\"wp-block-image size-large\"><a href=\"https:\/\/topette.net\/wp-content\/uploads\/2023\/04\/P1200784.jpg\"><img loading=\"lazy\" decoding=\"async\" width=\"1024\" height=\"768\" data-id=\"7532\" src=\"https:\/\/topette.net\/wp-content\/uploads\/2023\/04\/P1200784.jpg\" alt=\"\" class=\"wp-image-7532\" srcset=\"https:\/\/topette.net\/wp-content\/uploads\/2023\/04\/P1200784.jpg 1024w, https:\/\/topette.net\/wp-content\/uploads\/2023\/04\/P1200784-300x225.jpg 300w, https:\/\/topette.net\/wp-content\/uploads\/2023\/04\/P1200784-768x576.jpg 768w\" sizes=\"auto, (max-width: 709px) 85vw, (max-width: 909px) 67vw, (max-width: 1362px) 62vw, 840px\" \/><\/a><\/figure>\n<figcaption class=\"blocks-gallery-caption wp-element-caption\"><em>Mus\u00e9e du parc arch\u00e9ologique de San Agust\u00edn.<\/em><\/figcaption><\/figure>\n\n\n\n<p><\/p>\n\n\n\n<p>Situ\u00e9 \u00e0 3 km du centre, dans la for\u00eat, le parc arch\u00e9ologique abrite un mus\u00e9e et plusieurs sites pr\u00e9sentant 300 myst\u00e9rieuses statues et s\u00e9pultures. On peut prendre un guide, mais c&#8217;est inutile car en v\u00e9rit\u00e9 on ne sait rien, aucun \u00e9crit n\u2019ayant \u00e9t\u00e9 retrouv\u00e9 (bon, \u00e7a n&#8217;emp\u00eache pas d&#8217;avoir plein de trucs \u00e0 raconter, au contraire m\u00eame, et je vais vous le prouver).<\/p>\n\n\n\n<figure class=\"wp-block-gallery has-nested-images columns-default is-cropped wp-block-gallery-3 is-layout-flex wp-block-gallery-is-layout-flex\">\n<figure class=\"wp-block-image size-large\"><a href=\"https:\/\/topette.net\/wp-content\/uploads\/2023\/04\/P1200789-rotated.jpg\"><img loading=\"lazy\" decoding=\"async\" width=\"768\" height=\"1024\" data-id=\"7533\" src=\"https:\/\/topette.net\/wp-content\/uploads\/2023\/04\/P1200789-rotated.jpg\" alt=\"\" class=\"wp-image-7533\" srcset=\"https:\/\/topette.net\/wp-content\/uploads\/2023\/04\/P1200789-rotated.jpg 768w, https:\/\/topette.net\/wp-content\/uploads\/2023\/04\/P1200789-225x300.jpg 225w\" sizes=\"auto, (max-width: 709px) 85vw, (max-width: 909px) 67vw, (max-width: 984px) 61vw, (max-width: 1362px) 45vw, 600px\" \/><\/a><\/figure>\n<figcaption class=\"blocks-gallery-caption wp-element-caption\"><em>Statue au Mus\u00e9e du parc arch\u00e9ologique de San Agust\u00edn.<\/em><\/figcaption><\/figure>\n\n\n\n<p><\/p>\n\n\n\n<p>Les \u00e9tudes arch\u00e9ologiques les plus r\u00e9centes datent ces statues de la p\u00e9riode situ\u00e9e entre le I<sup>er<\/sup> et le V<sup>e<\/sup> si\u00e8cle. La plus grande partie du site n&#8217;a toujours pas \u00e9t\u00e9 fouill\u00e9e. Ces statues repr\u00e9sentent en majorit\u00e9 des personnages sexu\u00e9s, on trouve aussi des repr\u00e9sentations d&#8217;animaux, et des formes abstraites. Elles ont \u00e9t\u00e9 sculpt\u00e9es dans le tuf et l\u2019and\u00e9site volcanique. On suppose qu&#8217;elles avaient une fonction fun\u00e9raire et votive (c&#8217;est la f\u00eate).<\/p>\n\n\n\n<figure class=\"wp-block-gallery has-nested-images columns-default is-cropped wp-block-gallery-4 is-layout-flex wp-block-gallery-is-layout-flex\">\n<figure class=\"wp-block-image size-large\"><a href=\"https:\/\/topette.net\/wp-content\/uploads\/2023\/04\/P1200810-rotated.jpg\"><img loading=\"lazy\" decoding=\"async\" width=\"768\" height=\"1024\" data-id=\"7534\" src=\"https:\/\/topette.net\/wp-content\/uploads\/2023\/04\/P1200810-rotated.jpg\" alt=\"\" class=\"wp-image-7534\" srcset=\"https:\/\/topette.net\/wp-content\/uploads\/2023\/04\/P1200810-rotated.jpg 768w, https:\/\/topette.net\/wp-content\/uploads\/2023\/04\/P1200810-225x300.jpg 225w\" sizes=\"auto, (max-width: 709px) 85vw, (max-width: 909px) 67vw, (max-width: 984px) 61vw, (max-width: 1362px) 45vw, 600px\" \/><\/a><\/figure>\n\n\n\n<figure class=\"wp-block-image size-large\"><a href=\"https:\/\/topette.net\/wp-content\/uploads\/2023\/04\/P1200823-rotated.jpg\"><img loading=\"lazy\" decoding=\"async\" width=\"768\" height=\"1024\" data-id=\"7535\" src=\"https:\/\/topette.net\/wp-content\/uploads\/2023\/04\/P1200823-rotated.jpg\" alt=\"\" class=\"wp-image-7535\" srcset=\"https:\/\/topette.net\/wp-content\/uploads\/2023\/04\/P1200823-rotated.jpg 768w, https:\/\/topette.net\/wp-content\/uploads\/2023\/04\/P1200823-225x300.jpg 225w\" sizes=\"auto, (max-width: 709px) 85vw, (max-width: 909px) 67vw, (max-width: 984px) 61vw, (max-width: 1362px) 45vw, 600px\" \/><\/a><\/figure>\n<figcaption class=\"blocks-gallery-caption wp-element-caption\"><em>Parc arch\u00e9ologique de San Agust\u00edn.<\/em><\/figcaption><\/figure>\n\n\n\n<p><\/p>\n\n\n\n<p>On estime que ces sculptures et monuments sont l&#8217;\u0153uvre d\u2019une civilisation ant\u00e9rieure aux incas et c\u2019est \u00e0 peu pr\u00e8s tout ce que l\u2019on sait. Quelle \u00e9tait cette civilisation ? Comment a-t-elle disparu ? Quelle est la signification de ces sculptures ? \u00c9taient-elles destin\u00e9es \u00e0 prot\u00e9ger les morts ou \u00e0 v\u00e9n\u00e9rer des dieux ? Le myst\u00e8re reste entier (il y a un petit c\u00f4t\u00e9 \u00cele de Paques miniature&#8230;).<\/p>\n\n\n\n<figure class=\"wp-block-gallery has-nested-images columns-default is-cropped wp-block-gallery-5 is-layout-flex wp-block-gallery-is-layout-flex\">\n<figure class=\"wp-block-image size-large\"><a href=\"https:\/\/topette.net\/wp-content\/uploads\/2023\/04\/P1200798-rotated.jpg\"><img loading=\"lazy\" decoding=\"async\" width=\"768\" height=\"1024\" data-id=\"7536\" src=\"https:\/\/topette.net\/wp-content\/uploads\/2023\/04\/P1200798-rotated.jpg\" alt=\"\" class=\"wp-image-7536\" srcset=\"https:\/\/topette.net\/wp-content\/uploads\/2023\/04\/P1200798-rotated.jpg 768w, https:\/\/topette.net\/wp-content\/uploads\/2023\/04\/P1200798-225x300.jpg 225w\" sizes=\"auto, (max-width: 709px) 85vw, (max-width: 909px) 67vw, (max-width: 984px) 61vw, (max-width: 1362px) 45vw, 600px\" \/><\/a><\/figure>\n\n\n\n<figure class=\"wp-block-image size-large\"><a href=\"https:\/\/topette.net\/wp-content\/uploads\/2023\/04\/P1200821-rotated.jpg\"><img loading=\"lazy\" decoding=\"async\" width=\"768\" height=\"1024\" data-id=\"7537\" src=\"https:\/\/topette.net\/wp-content\/uploads\/2023\/04\/P1200821-rotated.jpg\" alt=\"\" class=\"wp-image-7537\" srcset=\"https:\/\/topette.net\/wp-content\/uploads\/2023\/04\/P1200821-rotated.jpg 768w, https:\/\/topette.net\/wp-content\/uploads\/2023\/04\/P1200821-225x300.jpg 225w\" sizes=\"auto, (max-width: 709px) 85vw, (max-width: 909px) 67vw, (max-width: 984px) 61vw, (max-width: 1362px) 45vw, 600px\" \/><\/a><\/figure>\n<figcaption class=\"blocks-gallery-caption wp-element-caption\"><em>Parc arch\u00e9ologique de San Agust\u00edn.<\/em><\/figcaption><\/figure>\n\n\n\n<p><\/p>\n\n\n\n<p>On peut voir des s\u00e9pultures entour\u00e9es par des alignements de pierres sculpt\u00e9es recouvertes d\u2019une pierre plate comme des dolmens (du coup, on oublie compl\u00e8tement l&#8217;\u00cele de Paques, cap sur la Bretagne).<\/p>\n\n\n\n<figure class=\"wp-block-gallery has-nested-images columns-2 is-cropped wp-block-gallery-6 is-layout-flex wp-block-gallery-is-layout-flex\">\n<figure class=\"wp-block-image size-large\"><a href=\"https:\/\/topette.net\/wp-content\/uploads\/2023\/04\/P1200824.jpg\"><img loading=\"lazy\" decoding=\"async\" width=\"1024\" height=\"768\" data-id=\"7538\" src=\"https:\/\/topette.net\/wp-content\/uploads\/2023\/04\/P1200824.jpg\" alt=\"\" class=\"wp-image-7538\" srcset=\"https:\/\/topette.net\/wp-content\/uploads\/2023\/04\/P1200824.jpg 1024w, https:\/\/topette.net\/wp-content\/uploads\/2023\/04\/P1200824-300x225.jpg 300w, https:\/\/topette.net\/wp-content\/uploads\/2023\/04\/P1200824-768x576.jpg 768w\" sizes=\"auto, (max-width: 709px) 85vw, (max-width: 909px) 67vw, (max-width: 1362px) 62vw, 840px\" \/><\/a><\/figure>\n\n\n\n<figure class=\"wp-block-image size-large\"><a href=\"https:\/\/topette.net\/wp-content\/uploads\/2023\/04\/P1200827.jpg\"><img loading=\"lazy\" decoding=\"async\" width=\"1024\" height=\"768\" data-id=\"7539\" src=\"https:\/\/topette.net\/wp-content\/uploads\/2023\/04\/P1200827.jpg\" alt=\"\" class=\"wp-image-7539\" srcset=\"https:\/\/topette.net\/wp-content\/uploads\/2023\/04\/P1200827.jpg 1024w, https:\/\/topette.net\/wp-content\/uploads\/2023\/04\/P1200827-300x225.jpg 300w, https:\/\/topette.net\/wp-content\/uploads\/2023\/04\/P1200827-768x576.jpg 768w\" sizes=\"auto, (max-width: 709px) 85vw, (max-width: 909px) 67vw, (max-width: 1362px) 62vw, 840px\" \/><\/a><\/figure>\n\n\n\n<figure class=\"wp-block-image size-large\"><a href=\"https:\/\/topette.net\/wp-content\/uploads\/2023\/04\/P1200832.jpg\"><img loading=\"lazy\" decoding=\"async\" width=\"1024\" height=\"768\" data-id=\"7540\" src=\"https:\/\/topette.net\/wp-content\/uploads\/2023\/04\/P1200832.jpg\" alt=\"\" class=\"wp-image-7540\" srcset=\"https:\/\/topette.net\/wp-content\/uploads\/2023\/04\/P1200832.jpg 1024w, https:\/\/topette.net\/wp-content\/uploads\/2023\/04\/P1200832-300x225.jpg 300w, https:\/\/topette.net\/wp-content\/uploads\/2023\/04\/P1200832-768x576.jpg 768w\" sizes=\"auto, (max-width: 709px) 85vw, (max-width: 909px) 67vw, (max-width: 1362px) 62vw, 840px\" \/><\/a><\/figure>\n\n\n\n<figure class=\"wp-block-image size-large\"><a href=\"https:\/\/topette.net\/wp-content\/uploads\/2023\/04\/P1200836.jpg\"><img loading=\"lazy\" decoding=\"async\" width=\"1024\" height=\"768\" data-id=\"7541\" src=\"https:\/\/topette.net\/wp-content\/uploads\/2023\/04\/P1200836.jpg\" alt=\"\" class=\"wp-image-7541\" srcset=\"https:\/\/topette.net\/wp-content\/uploads\/2023\/04\/P1200836.jpg 1024w, https:\/\/topette.net\/wp-content\/uploads\/2023\/04\/P1200836-300x225.jpg 300w, https:\/\/topette.net\/wp-content\/uploads\/2023\/04\/P1200836-768x576.jpg 768w\" sizes=\"auto, (max-width: 709px) 85vw, (max-width: 909px) 67vw, (max-width: 1362px) 62vw, 840px\" \/><\/a><\/figure>\n\n\n\n<figure class=\"wp-block-image size-large\"><a href=\"https:\/\/topette.net\/wp-content\/uploads\/2023\/04\/P1200830.jpg\"><img loading=\"lazy\" decoding=\"async\" width=\"1024\" height=\"768\" data-id=\"7542\" src=\"https:\/\/topette.net\/wp-content\/uploads\/2023\/04\/P1200830.jpg\" alt=\"\" class=\"wp-image-7542\" srcset=\"https:\/\/topette.net\/wp-content\/uploads\/2023\/04\/P1200830.jpg 1024w, https:\/\/topette.net\/wp-content\/uploads\/2023\/04\/P1200830-300x225.jpg 300w, https:\/\/topette.net\/wp-content\/uploads\/2023\/04\/P1200830-768x576.jpg 768w\" sizes=\"auto, (max-width: 709px) 85vw, (max-width: 909px) 67vw, (max-width: 1362px) 62vw, 840px\" \/><\/a><\/figure>\n<figcaption class=\"blocks-gallery-caption wp-element-caption\"><em>Parc arch\u00e9ologique de San Agust\u00edn.<\/em><\/figcaption><\/figure>\n\n\n\n<p><\/p>\n\n\n\n<p>En continuant le chemin (en descente, on mange notre pain blanc l\u00e0) on croise une statue de grenouille, symbole de f\u00e9condit\u00e9 et de fertilit\u00e9 (car ces petite b\u00eates peuvent pondre jusqu\u2019\u00e0 20 000 \u0153ufs, mine de rien).<\/p>\n\n\n\n<figure class=\"wp-block-gallery has-nested-images columns-default is-cropped wp-block-gallery-7 is-layout-flex wp-block-gallery-is-layout-flex\">\n<figure class=\"wp-block-image size-large\"><a href=\"https:\/\/topette.net\/wp-content\/uploads\/2023\/04\/P1200841.jpg\"><img loading=\"lazy\" decoding=\"async\" width=\"1024\" height=\"768\" data-id=\"7543\" src=\"https:\/\/topette.net\/wp-content\/uploads\/2023\/04\/P1200841.jpg\" alt=\"\" class=\"wp-image-7543\" srcset=\"https:\/\/topette.net\/wp-content\/uploads\/2023\/04\/P1200841.jpg 1024w, https:\/\/topette.net\/wp-content\/uploads\/2023\/04\/P1200841-300x225.jpg 300w, https:\/\/topette.net\/wp-content\/uploads\/2023\/04\/P1200841-768x576.jpg 768w\" sizes=\"auto, (max-width: 709px) 85vw, (max-width: 909px) 67vw, (max-width: 1362px) 62vw, 840px\" \/><\/a><\/figure>\n<figcaption class=\"blocks-gallery-caption wp-element-caption\"><em>Grenouille, parc arch\u00e9ologique de San Agust\u00edn.<\/em><\/figcaption><\/figure>\n\n\n\n<p><\/p>\n\n\n\n<p>Et on arrive \u00e0 la&nbsp;Fuente de Lavapatas, un complexe de canaux et bassins taill\u00e9s par l\u2019homme dans une dalle rocheuse. M\u00eame si l\u2019ensemble a \u00e9t\u00e9 d\u00e9t\u00e9rior\u00e9 au si\u00e8cle dernier par les villageois qui s\u2019en servaient de lavoir (sacr\u00e9e m\u00e8re Denis), on peut y deviner des sculptures d\u2019hommes, de visages humains, de reptiles. Des trous et des rigoles avaient \u00e9galement \u00e9t\u00e9 creus\u00e9s pour acheminer l\u2019eau vers des baignoires et bassins. Ce site aurait vraisemblablement servi \u00e0 des c\u00e9r\u00e9monies et rituels religieux.<\/p>\n\n\n\n<figure class=\"wp-block-gallery has-nested-images columns-1 is-cropped wp-block-gallery-8 is-layout-flex wp-block-gallery-is-layout-flex\">\n<figure class=\"wp-block-image size-large\"><a href=\"https:\/\/topette.net\/wp-content\/uploads\/2023\/04\/P1200845.jpg\"><img loading=\"lazy\" decoding=\"async\" width=\"1024\" height=\"768\" data-id=\"7544\" src=\"https:\/\/topette.net\/wp-content\/uploads\/2023\/04\/P1200845.jpg\" alt=\"\" class=\"wp-image-7544\" srcset=\"https:\/\/topette.net\/wp-content\/uploads\/2023\/04\/P1200845.jpg 1024w, https:\/\/topette.net\/wp-content\/uploads\/2023\/04\/P1200845-300x225.jpg 300w, https:\/\/topette.net\/wp-content\/uploads\/2023\/04\/P1200845-768x576.jpg 768w\" sizes=\"auto, (max-width: 709px) 85vw, (max-width: 909px) 67vw, (max-width: 1362px) 62vw, 840px\" \/><\/a><\/figure>\n\n\n\n<figure class=\"wp-block-image size-large\"><a href=\"https:\/\/topette.net\/wp-content\/uploads\/2023\/04\/P1200846.jpg\"><img loading=\"lazy\" decoding=\"async\" width=\"1024\" height=\"768\" data-id=\"7545\" src=\"https:\/\/topette.net\/wp-content\/uploads\/2023\/04\/P1200846.jpg\" alt=\"\" class=\"wp-image-7545\" srcset=\"https:\/\/topette.net\/wp-content\/uploads\/2023\/04\/P1200846.jpg 1024w, https:\/\/topette.net\/wp-content\/uploads\/2023\/04\/P1200846-300x225.jpg 300w, https:\/\/topette.net\/wp-content\/uploads\/2023\/04\/P1200846-768x576.jpg 768w\" sizes=\"auto, (max-width: 709px) 85vw, (max-width: 909px) 67vw, (max-width: 1362px) 62vw, 840px\" \/><\/a><\/figure>\n<figcaption class=\"blocks-gallery-caption wp-element-caption\"><em>Fuente de Lavapatas, parc arch\u00e9ologique de San Agust\u00edn.<\/em><\/figcaption><\/figure>\n\n\n\n<p><\/p>\n\n\n\n<p>On peut l&#8217;admirer tout \u00e0 notre aise depuis un superbe pont en bambou (non ce n&#8217;est pas celui de la rivi\u00e8re Kwa\u00ef) ce qui nous permet de faire une pause avant d&#8217;attaquer la mont\u00e9e.<\/p>\n\n\n\n<figure class=\"wp-block-gallery has-nested-images columns-1 is-cropped wp-block-gallery-9 is-layout-flex wp-block-gallery-is-layout-flex\">\n<figure class=\"wp-block-image size-large\"><a href=\"https:\/\/topette.net\/wp-content\/uploads\/2023\/04\/P1200842.jpg\"><img loading=\"lazy\" decoding=\"async\" width=\"1024\" height=\"768\" data-id=\"7547\" src=\"https:\/\/topette.net\/wp-content\/uploads\/2023\/04\/P1200842.jpg\" alt=\"\" class=\"wp-image-7547\" srcset=\"https:\/\/topette.net\/wp-content\/uploads\/2023\/04\/P1200842.jpg 1024w, https:\/\/topette.net\/wp-content\/uploads\/2023\/04\/P1200842-300x225.jpg 300w, https:\/\/topette.net\/wp-content\/uploads\/2023\/04\/P1200842-768x576.jpg 768w\" sizes=\"auto, (max-width: 709px) 85vw, (max-width: 909px) 67vw, (max-width: 1362px) 62vw, 840px\" \/><\/a><\/figure>\n\n\n\n<figure class=\"wp-block-image size-large\"><a href=\"https:\/\/topette.net\/wp-content\/uploads\/2023\/04\/P1200852-rotated.jpg\"><img loading=\"lazy\" decoding=\"async\" width=\"768\" height=\"1024\" data-id=\"7546\" src=\"https:\/\/topette.net\/wp-content\/uploads\/2023\/04\/P1200852-rotated.jpg\" alt=\"\" class=\"wp-image-7546\" srcset=\"https:\/\/topette.net\/wp-content\/uploads\/2023\/04\/P1200852-rotated.jpg 768w, https:\/\/topette.net\/wp-content\/uploads\/2023\/04\/P1200852-225x300.jpg 225w\" sizes=\"auto, (max-width: 709px) 85vw, (max-width: 909px) 67vw, (max-width: 984px) 61vw, (max-width: 1362px) 45vw, 600px\" \/><\/a><\/figure>\n<figcaption class=\"blocks-gallery-caption wp-element-caption\"><em>Pont en bambou, parc arch\u00e9ologique de San Agust\u00edn.<\/em><\/figcaption><\/figure>\n\n\n\n<p><\/p>\n\n\n\n<p>D&#8217;ailleurs le bambou est pr\u00e9sent partout dans cette for\u00eat, la construction s&#8217;est faite en circuit court (j&#8217;ai mis ma fine main de pianiste autour d&#8217;une pousse pour vous donner une id\u00e9e de la circonf\u00e9rence).<\/p>\n\n\n\n<figure class=\"wp-block-gallery has-nested-images columns-1 is-cropped wp-block-gallery-10 is-layout-flex wp-block-gallery-is-layout-flex\">\n<figure class=\"wp-block-image size-large\"><a href=\"https:\/\/topette.net\/wp-content\/uploads\/2023\/04\/P1200928-rotated.jpg\"><img loading=\"lazy\" decoding=\"async\" width=\"768\" height=\"1024\" data-id=\"7549\" src=\"https:\/\/topette.net\/wp-content\/uploads\/2023\/04\/P1200928-rotated.jpg\" alt=\"\" class=\"wp-image-7549\" srcset=\"https:\/\/topette.net\/wp-content\/uploads\/2023\/04\/P1200928-rotated.jpg 768w, https:\/\/topette.net\/wp-content\/uploads\/2023\/04\/P1200928-225x300.jpg 225w\" sizes=\"auto, (max-width: 709px) 85vw, (max-width: 909px) 67vw, (max-width: 984px) 61vw, (max-width: 1362px) 45vw, 600px\" \/><\/a><\/figure>\n\n\n\n<figure class=\"wp-block-image size-large\"><a href=\"https:\/\/topette.net\/wp-content\/uploads\/2023\/04\/P1200838.jpg\"><img loading=\"lazy\" decoding=\"async\" width=\"1024\" height=\"768\" data-id=\"7548\" src=\"https:\/\/topette.net\/wp-content\/uploads\/2023\/04\/P1200838.jpg\" alt=\"\" class=\"wp-image-7548\" srcset=\"https:\/\/topette.net\/wp-content\/uploads\/2023\/04\/P1200838.jpg 1024w, https:\/\/topette.net\/wp-content\/uploads\/2023\/04\/P1200838-300x225.jpg 300w, https:\/\/topette.net\/wp-content\/uploads\/2023\/04\/P1200838-768x576.jpg 768w\" sizes=\"auto, (max-width: 709px) 85vw, (max-width: 909px) 67vw, (max-width: 1362px) 62vw, 840px\" \/><\/a><\/figure>\n<figcaption class=\"blocks-gallery-caption wp-element-caption\"><em>Bambous de belle taille.<\/em><\/figcaption><\/figure>\n\n\n\n<p><\/p>\n\n\n\n<p>Il faut gravir la colline pour arriver \u00e0&nbsp;l\u2019Alto de Lavapatas. La mont\u00e9e est tr\u00e8s raide et on arrive \u00e0 une sorte de clairi\u00e8re dans laquelle il y a quelques statues. De l\u00e0, la vue sur les montagnes alentour est splendide.<\/p>\n\n\n\n<figure class=\"wp-block-gallery has-nested-images columns-1 is-cropped wp-block-gallery-11 is-layout-flex wp-block-gallery-is-layout-flex\">\n<figure class=\"wp-block-image size-large\"><a href=\"https:\/\/topette.net\/wp-content\/uploads\/2023\/04\/P1200859-rotated.jpg\"><img loading=\"lazy\" decoding=\"async\" width=\"768\" height=\"1024\" data-id=\"7552\" src=\"https:\/\/topette.net\/wp-content\/uploads\/2023\/04\/P1200859-rotated.jpg\" alt=\"\" class=\"wp-image-7552\" srcset=\"https:\/\/topette.net\/wp-content\/uploads\/2023\/04\/P1200859-rotated.jpg 768w, https:\/\/topette.net\/wp-content\/uploads\/2023\/04\/P1200859-225x300.jpg 225w\" sizes=\"auto, (max-width: 709px) 85vw, (max-width: 909px) 67vw, (max-width: 984px) 61vw, (max-width: 1362px) 45vw, 600px\" \/><\/a><\/figure>\n\n\n\n<figure class=\"wp-block-image size-large\"><a href=\"https:\/\/topette.net\/wp-content\/uploads\/2023\/04\/P1200868.jpg\"><img loading=\"lazy\" decoding=\"async\" width=\"1024\" height=\"768\" data-id=\"7551\" src=\"https:\/\/topette.net\/wp-content\/uploads\/2023\/04\/P1200868.jpg\" alt=\"\" class=\"wp-image-7551\" srcset=\"https:\/\/topette.net\/wp-content\/uploads\/2023\/04\/P1200868.jpg 1024w, https:\/\/topette.net\/wp-content\/uploads\/2023\/04\/P1200868-300x225.jpg 300w, https:\/\/topette.net\/wp-content\/uploads\/2023\/04\/P1200868-768x576.jpg 768w\" sizes=\"auto, (max-width: 709px) 85vw, (max-width: 909px) 67vw, (max-width: 1362px) 62vw, 840px\" \/><\/a><\/figure>\n\n\n\n<figure class=\"wp-block-image size-large\"><a href=\"https:\/\/topette.net\/wp-content\/uploads\/2023\/04\/P1200865.jpg\"><img loading=\"lazy\" decoding=\"async\" width=\"1024\" height=\"768\" data-id=\"7550\" src=\"https:\/\/topette.net\/wp-content\/uploads\/2023\/04\/P1200865.jpg\" alt=\"\" class=\"wp-image-7550\" srcset=\"https:\/\/topette.net\/wp-content\/uploads\/2023\/04\/P1200865.jpg 1024w, https:\/\/topette.net\/wp-content\/uploads\/2023\/04\/P1200865-300x225.jpg 300w, https:\/\/topette.net\/wp-content\/uploads\/2023\/04\/P1200865-768x576.jpg 768w\" sizes=\"auto, (max-width: 709px) 85vw, (max-width: 909px) 67vw, (max-width: 1362px) 62vw, 840px\" \/><\/a><\/figure>\n<figcaption class=\"blocks-gallery-caption wp-element-caption\"><em>Alto de Lavapatas, parc arch\u00e9ologique de San Agust\u00edn.<\/em><\/figcaption><\/figure>\n\n\n\n<p><\/p>\n\n\n\n<p>Le retour se fait d&#8217;abord en descente puis, forc\u00e9ment, en mont\u00e9e. Ce sont les joies de la montagne ! En chemin, nous croisons un mille-pattes (enfin, on ne les a pas compt\u00e9es non plus) et un <strong>b<\/strong>ananier \u00e0 fleurs roses (qui donne donc des petites bananes roses, si si).<\/p>\n\n\n\n<figure class=\"wp-block-gallery has-nested-images columns-1 is-cropped wp-block-gallery-12 is-layout-flex wp-block-gallery-is-layout-flex\">\n<figure class=\"wp-block-image size-large\"><a href=\"https:\/\/topette.net\/wp-content\/uploads\/2023\/04\/P1200926.jpg\"><img loading=\"lazy\" decoding=\"async\" width=\"1024\" height=\"768\" data-id=\"7557\" src=\"https:\/\/topette.net\/wp-content\/uploads\/2023\/04\/P1200926.jpg\" alt=\"\" class=\"wp-image-7557\" srcset=\"https:\/\/topette.net\/wp-content\/uploads\/2023\/04\/P1200926.jpg 1024w, https:\/\/topette.net\/wp-content\/uploads\/2023\/04\/P1200926-300x225.jpg 300w, https:\/\/topette.net\/wp-content\/uploads\/2023\/04\/P1200926-768x576.jpg 768w\" sizes=\"auto, (max-width: 709px) 85vw, (max-width: 909px) 67vw, (max-width: 1362px) 62vw, 840px\" \/><\/a><\/figure>\n\n\n\n<figure class=\"wp-block-image size-large\"><a href=\"https:\/\/topette.net\/wp-content\/uploads\/2023\/04\/P1200853-rotated.jpg\"><img loading=\"lazy\" decoding=\"async\" width=\"768\" height=\"1024\" data-id=\"7556\" src=\"https:\/\/topette.net\/wp-content\/uploads\/2023\/04\/P1200853-rotated.jpg\" alt=\"\" class=\"wp-image-7556\" srcset=\"https:\/\/topette.net\/wp-content\/uploads\/2023\/04\/P1200853-rotated.jpg 768w, https:\/\/topette.net\/wp-content\/uploads\/2023\/04\/P1200853-225x300.jpg 225w\" sizes=\"auto, (max-width: 709px) 85vw, (max-width: 909px) 67vw, (max-width: 984px) 61vw, (max-width: 1362px) 45vw, 600px\" \/><\/a><\/figure>\n<figcaption class=\"blocks-gallery-caption wp-element-caption\"> <em>Mille-pattes et <strong>b<\/strong>ananier \u00e0 fleurs roses.<\/em><\/figcaption><\/figure>\n\n\n\n<p><\/p>\n\n\n\n<p>Et en plus on a la joie d&#8217;observer un Bruant chingolo et un superbe Motmot en plein repas (Clin d&#8217;\u0153il \u00e0 G\u00e9rard, notre ami sp\u00e9cialiste du Motmot).<\/p>\n\n\n\n<figure class=\"wp-block-gallery has-nested-images columns-1 is-cropped wp-block-gallery-13 is-layout-flex wp-block-gallery-is-layout-flex\">\n<figure class=\"wp-block-image size-large\"><a href=\"https:\/\/topette.net\/wp-content\/uploads\/2023\/04\/P1200906.jpg\"><img loading=\"lazy\" decoding=\"async\" width=\"1024\" height=\"768\" data-id=\"7560\" src=\"https:\/\/topette.net\/wp-content\/uploads\/2023\/04\/P1200906.jpg\" alt=\"\" class=\"wp-image-7560\" srcset=\"https:\/\/topette.net\/wp-content\/uploads\/2023\/04\/P1200906.jpg 1024w, https:\/\/topette.net\/wp-content\/uploads\/2023\/04\/P1200906-300x225.jpg 300w, https:\/\/topette.net\/wp-content\/uploads\/2023\/04\/P1200906-768x576.jpg 768w\" sizes=\"auto, (max-width: 709px) 85vw, (max-width: 909px) 67vw, (max-width: 1362px) 62vw, 840px\" \/><\/a><\/figure>\n\n\n\n<figure class=\"wp-block-image size-full\"><a href=\"https:\/\/topette.net\/wp-content\/uploads\/2023\/04\/P1200919-1.jpg\"><img loading=\"lazy\" decoding=\"async\" width=\"1024\" height=\"768\" data-id=\"7677\" src=\"https:\/\/topette.net\/wp-content\/uploads\/2023\/04\/P1200919-1.jpg\" alt=\"\" class=\"wp-image-7677\" srcset=\"https:\/\/topette.net\/wp-content\/uploads\/2023\/04\/P1200919-1.jpg 1024w, https:\/\/topette.net\/wp-content\/uploads\/2023\/04\/P1200919-1-300x225.jpg 300w, https:\/\/topette.net\/wp-content\/uploads\/2023\/04\/P1200919-1-768x576.jpg 768w\" sizes=\"auto, (max-width: 709px) 85vw, (max-width: 909px) 67vw, (max-width: 1362px) 62vw, 840px\" \/><\/a><\/figure>\n\n\n\n<figure class=\"wp-block-image size-full\"><a href=\"https:\/\/topette.net\/wp-content\/uploads\/2023\/04\/P1200917-1-rotated.jpg\"><img loading=\"lazy\" decoding=\"async\" width=\"768\" height=\"1024\" data-id=\"7676\" src=\"https:\/\/topette.net\/wp-content\/uploads\/2023\/04\/P1200917-1-rotated.jpg\" alt=\"\" class=\"wp-image-7676\" srcset=\"https:\/\/topette.net\/wp-content\/uploads\/2023\/04\/P1200917-1-rotated.jpg 768w, https:\/\/topette.net\/wp-content\/uploads\/2023\/04\/P1200917-1-225x300.jpg 225w\" sizes=\"auto, (max-width: 709px) 85vw, (max-width: 909px) 67vw, (max-width: 984px) 61vw, (max-width: 1362px) 45vw, 600px\" \/><\/a><\/figure>\n<figcaption class=\"blocks-gallery-caption wp-element-caption\"><em>Bruant chingolo et superbe Motmot.<\/em><\/figcaption><\/figure>\n\n\n\n<p><\/p>\n\n\n\n<p>Arriv\u00e9s sur le parking devant l&#8217;entr\u00e9e nous avons vu des jeunes filles en costume folklorique et un colombien qui rentrait chez lui \u00e0 cheval. Il y avait aussi deux chivas stationn\u00e9es (je vous vois venir et je pr\u00e9cise de suite que ce ne sont pas deux verres de whisky). Une chiva est un bus typique de la Colombie, tr\u00e8s color\u00e9es, construite \u00e0 partir d&#8217;un ch\u00e2ssis d&#8217;autobus mais avec le compartiment passagers modifi\u00e9 fabriqu\u00e9 en bois ou en m\u00e9tal (les si\u00e8ges aussi) et les fen\u00eatres sur les c\u00f4t\u00e9s \u00e9tant remplac\u00e9es par des acc\u00e8s directs \u00e0 l&#8217;int\u00e9rieur du bus (toujours prendre les places du milieu en cas de pluie impromptue).<\/p>\n\n\n\n<figure class=\"wp-block-gallery has-nested-images columns-2 is-cropped wp-block-gallery-14 is-layout-flex wp-block-gallery-is-layout-flex\">\n<figure class=\"wp-block-image size-large\"><a href=\"https:\/\/topette.net\/wp-content\/uploads\/2023\/04\/P1200937-rotated.jpg\"><img loading=\"lazy\" decoding=\"async\" width=\"768\" height=\"1024\" data-id=\"7561\" src=\"https:\/\/topette.net\/wp-content\/uploads\/2023\/04\/P1200937-rotated.jpg\" alt=\"\" class=\"wp-image-7561\" srcset=\"https:\/\/topette.net\/wp-content\/uploads\/2023\/04\/P1200937-rotated.jpg 768w, https:\/\/topette.net\/wp-content\/uploads\/2023\/04\/P1200937-225x300.jpg 225w\" sizes=\"auto, (max-width: 709px) 85vw, (max-width: 909px) 67vw, (max-width: 984px) 61vw, (max-width: 1362px) 45vw, 600px\" \/><\/a><\/figure>\n\n\n\n<figure class=\"wp-block-image size-large\"><a href=\"https:\/\/topette.net\/wp-content\/uploads\/2023\/04\/P1200942.jpg\"><img loading=\"lazy\" decoding=\"async\" width=\"1024\" height=\"768\" data-id=\"7563\" src=\"https:\/\/topette.net\/wp-content\/uploads\/2023\/04\/P1200942.jpg\" alt=\"\" class=\"wp-image-7563\" srcset=\"https:\/\/topette.net\/wp-content\/uploads\/2023\/04\/P1200942.jpg 1024w, https:\/\/topette.net\/wp-content\/uploads\/2023\/04\/P1200942-300x225.jpg 300w, https:\/\/topette.net\/wp-content\/uploads\/2023\/04\/P1200942-768x576.jpg 768w\" sizes=\"auto, (max-width: 709px) 85vw, (max-width: 909px) 67vw, (max-width: 1362px) 62vw, 840px\" \/><\/a><\/figure>\n\n\n\n<figure class=\"wp-block-image size-large\"><a href=\"https:\/\/topette.net\/wp-content\/uploads\/2023\/04\/P1200762.jpg\"><img loading=\"lazy\" decoding=\"async\" width=\"1024\" height=\"768\" data-id=\"7562\" src=\"https:\/\/topette.net\/wp-content\/uploads\/2023\/04\/P1200762.jpg\" alt=\"\" class=\"wp-image-7562\" srcset=\"https:\/\/topette.net\/wp-content\/uploads\/2023\/04\/P1200762.jpg 1024w, https:\/\/topette.net\/wp-content\/uploads\/2023\/04\/P1200762-300x225.jpg 300w, https:\/\/topette.net\/wp-content\/uploads\/2023\/04\/P1200762-768x576.jpg 768w\" sizes=\"auto, (max-width: 709px) 85vw, (max-width: 909px) 67vw, (max-width: 1362px) 62vw, 840px\" \/><\/a><\/figure>\n<figcaption class=\"blocks-gallery-caption wp-element-caption\"><em>Jeunes filles en costume folklorique, colombien \u00e0 cheval et chivas stationn\u00e9es.<\/em><\/figcaption><\/figure>\n\n\n\n<p><\/p>\n\n\n\n<p>Nous rentrons tranquillement \u00e0 San Agust\u00edn apr\u00e8s avoir h\u00e9l\u00e9 un taxi. M\u00eame si San Agust\u00edn n&#8217;est pas forc\u00e9ment le village le plus joli qu&#8217;on ait visit\u00e9, il a son charme.<\/p>\n\n\n\n<figure class=\"wp-block-gallery has-nested-images columns-2 is-cropped wp-block-gallery-15 is-layout-flex wp-block-gallery-is-layout-flex\">\n<figure class=\"wp-block-image size-large\"><a href=\"https:\/\/topette.net\/wp-content\/uploads\/2023\/04\/P1200960.jpg\"><img loading=\"lazy\" decoding=\"async\" width=\"1024\" height=\"768\" data-id=\"7572\" src=\"https:\/\/topette.net\/wp-content\/uploads\/2023\/04\/P1200960.jpg\" alt=\"\" class=\"wp-image-7572\" srcset=\"https:\/\/topette.net\/wp-content\/uploads\/2023\/04\/P1200960.jpg 1024w, https:\/\/topette.net\/wp-content\/uploads\/2023\/04\/P1200960-300x225.jpg 300w, https:\/\/topette.net\/wp-content\/uploads\/2023\/04\/P1200960-768x576.jpg 768w\" sizes=\"auto, (max-width: 709px) 85vw, (max-width: 909px) 67vw, (max-width: 1362px) 62vw, 840px\" \/><\/a><\/figure>\n\n\n\n<figure class=\"wp-block-image size-large\"><a href=\"https:\/\/topette.net\/wp-content\/uploads\/2023\/04\/P1200961.jpg\"><img loading=\"lazy\" decoding=\"async\" width=\"1024\" height=\"768\" data-id=\"7569\" src=\"https:\/\/topette.net\/wp-content\/uploads\/2023\/04\/P1200961.jpg\" alt=\"\" class=\"wp-image-7569\" srcset=\"https:\/\/topette.net\/wp-content\/uploads\/2023\/04\/P1200961.jpg 1024w, https:\/\/topette.net\/wp-content\/uploads\/2023\/04\/P1200961-300x225.jpg 300w, https:\/\/topette.net\/wp-content\/uploads\/2023\/04\/P1200961-768x576.jpg 768w\" sizes=\"auto, (max-width: 709px) 85vw, (max-width: 909px) 67vw, (max-width: 1362px) 62vw, 840px\" \/><\/a><\/figure>\n\n\n\n<figure class=\"wp-block-image size-large\"><a href=\"https:\/\/topette.net\/wp-content\/uploads\/2023\/04\/P1200967.jpg\"><img loading=\"lazy\" decoding=\"async\" width=\"1024\" height=\"768\" data-id=\"7571\" src=\"https:\/\/topette.net\/wp-content\/uploads\/2023\/04\/P1200967.jpg\" alt=\"\" class=\"wp-image-7571\" srcset=\"https:\/\/topette.net\/wp-content\/uploads\/2023\/04\/P1200967.jpg 1024w, https:\/\/topette.net\/wp-content\/uploads\/2023\/04\/P1200967-300x225.jpg 300w, https:\/\/topette.net\/wp-content\/uploads\/2023\/04\/P1200967-768x576.jpg 768w\" sizes=\"auto, (max-width: 709px) 85vw, (max-width: 909px) 67vw, (max-width: 1362px) 62vw, 840px\" \/><\/a><\/figure>\n\n\n\n<figure class=\"wp-block-image size-large\"><a href=\"https:\/\/topette.net\/wp-content\/uploads\/2023\/04\/P1200999.jpg\"><img loading=\"lazy\" decoding=\"async\" width=\"1024\" height=\"768\" data-id=\"7570\" src=\"https:\/\/topette.net\/wp-content\/uploads\/2023\/04\/P1200999.jpg\" alt=\"\" class=\"wp-image-7570\" srcset=\"https:\/\/topette.net\/wp-content\/uploads\/2023\/04\/P1200999.jpg 1024w, https:\/\/topette.net\/wp-content\/uploads\/2023\/04\/P1200999-300x225.jpg 300w, https:\/\/topette.net\/wp-content\/uploads\/2023\/04\/P1200999-768x576.jpg 768w\" sizes=\"auto, (max-width: 709px) 85vw, (max-width: 909px) 67vw, (max-width: 1362px) 62vw, 840px\" \/><\/a><\/figure>\n<figcaption class=\"blocks-gallery-caption wp-element-caption\"><em>Rues de San Agust\u00edn.<\/em><\/figcaption><\/figure>\n\n\n\n<p><\/p>\n\n\n\n<p>Quelques ruelles avec des maisons coloniales, avec des portes et fen\u00eatres de couleurs vives sur des murs blancs, ou parfois l&#8217;inverse.<\/p>\n\n\n\n<p><\/p>\n\n\n\n<figure class=\"wp-block-gallery has-nested-images columns-default is-cropped wp-block-gallery-16 is-layout-flex wp-block-gallery-is-layout-flex\">\n<figure class=\"wp-block-image size-large\"><a href=\"https:\/\/topette.net\/wp-content\/uploads\/2023\/04\/P1200966-rotated.jpg\"><img loading=\"lazy\" decoding=\"async\" width=\"768\" height=\"1024\" data-id=\"7573\" src=\"https:\/\/topette.net\/wp-content\/uploads\/2023\/04\/P1200966-rotated.jpg\" alt=\"\" class=\"wp-image-7573\" srcset=\"https:\/\/topette.net\/wp-content\/uploads\/2023\/04\/P1200966-rotated.jpg 768w, https:\/\/topette.net\/wp-content\/uploads\/2023\/04\/P1200966-225x300.jpg 225w\" sizes=\"auto, (max-width: 709px) 85vw, (max-width: 909px) 67vw, (max-width: 984px) 61vw, (max-width: 1362px) 45vw, 600px\" \/><\/a><\/figure>\n\n\n\n<figure class=\"wp-block-image size-large\"><a href=\"https:\/\/topette.net\/wp-content\/uploads\/2023\/04\/P1200968-rotated.jpg\"><img loading=\"lazy\" decoding=\"async\" width=\"768\" height=\"1024\" data-id=\"7574\" src=\"https:\/\/topette.net\/wp-content\/uploads\/2023\/04\/P1200968-rotated.jpg\" alt=\"\" class=\"wp-image-7574\" srcset=\"https:\/\/topette.net\/wp-content\/uploads\/2023\/04\/P1200968-rotated.jpg 768w, https:\/\/topette.net\/wp-content\/uploads\/2023\/04\/P1200968-225x300.jpg 225w\" sizes=\"auto, (max-width: 709px) 85vw, (max-width: 909px) 67vw, (max-width: 984px) 61vw, (max-width: 1362px) 45vw, 600px\" \/><\/a><\/figure>\n<figcaption class=\"blocks-gallery-caption wp-element-caption\"><em>Dans les rues de San Agust\u00edn.<\/em><\/figcaption><\/figure>\n\n\n\n<p><\/p>\n\n\n\n<p>Par contre, c&#8217;est souvent bien pentu ! Il y a m\u00eame une rue qui est juste un escalier en fait. (On n&#8217;a pas \u00e9t\u00e9 prendre la photo du haut, seules les contre-marches \u00e9taient peintes, alors&#8230;).<\/p>\n\n\n\n<figure class=\"wp-block-gallery has-nested-images columns-default is-cropped wp-block-gallery-17 is-layout-flex wp-block-gallery-is-layout-flex\">\n<figure class=\"wp-block-image size-large\"><a href=\"https:\/\/topette.net\/wp-content\/uploads\/2023\/04\/P1200964-rotated.jpg\"><img loading=\"lazy\" decoding=\"async\" width=\"768\" height=\"1024\" data-id=\"7576\" src=\"https:\/\/topette.net\/wp-content\/uploads\/2023\/04\/P1200964-rotated.jpg\" alt=\"\" class=\"wp-image-7576\" srcset=\"https:\/\/topette.net\/wp-content\/uploads\/2023\/04\/P1200964-rotated.jpg 768w, https:\/\/topette.net\/wp-content\/uploads\/2023\/04\/P1200964-225x300.jpg 225w\" sizes=\"auto, (max-width: 709px) 85vw, (max-width: 909px) 67vw, (max-width: 984px) 61vw, (max-width: 1362px) 45vw, 600px\" \/><\/a><\/figure>\n\n\n\n<figure class=\"wp-block-image size-large\"><a href=\"https:\/\/topette.net\/wp-content\/uploads\/2023\/04\/P1200998-rotated.jpg\"><img loading=\"lazy\" decoding=\"async\" width=\"768\" height=\"1024\" data-id=\"7575\" src=\"https:\/\/topette.net\/wp-content\/uploads\/2023\/04\/P1200998-rotated.jpg\" alt=\"\" class=\"wp-image-7575\" srcset=\"https:\/\/topette.net\/wp-content\/uploads\/2023\/04\/P1200998-rotated.jpg 768w, https:\/\/topette.net\/wp-content\/uploads\/2023\/04\/P1200998-225x300.jpg 225w\" sizes=\"auto, (max-width: 709px) 85vw, (max-width: 909px) 67vw, (max-width: 984px) 61vw, (max-width: 1362px) 45vw, 600px\" \/><\/a><\/figure>\n<figcaption class=\"blocks-gallery-caption wp-element-caption\"><em>Gravure sur fa\u00e7ade et rue-escalier \u00e0 San Agust\u00edn.<\/em><\/figcaption><\/figure>\n\n\n\n<p><\/p>\n\n\n\n<p>On a fait un petit tour au march\u00e9, histoire de faire quelques courses. Il y a plein de fruits et l\u00e9gumes qu&#8217;on ne connait pas, mais c&#8217;est pas facile de se faire expliquer ce que c&#8217;est (m\u00eame si Martine a l&#8217;oreille espagnole).<\/p>\n\n\n\n<figure class=\"wp-block-gallery has-nested-images columns-2 is-cropped wp-block-gallery-18 is-layout-flex wp-block-gallery-is-layout-flex\">\n<figure class=\"wp-block-image size-large\"><a href=\"https:\/\/topette.net\/wp-content\/uploads\/2023\/04\/P1200979.jpg\"><img loading=\"lazy\" decoding=\"async\" width=\"1024\" height=\"768\" data-id=\"7577\" src=\"https:\/\/topette.net\/wp-content\/uploads\/2023\/04\/P1200979.jpg\" alt=\"\" class=\"wp-image-7577\" srcset=\"https:\/\/topette.net\/wp-content\/uploads\/2023\/04\/P1200979.jpg 1024w, https:\/\/topette.net\/wp-content\/uploads\/2023\/04\/P1200979-300x225.jpg 300w, https:\/\/topette.net\/wp-content\/uploads\/2023\/04\/P1200979-768x576.jpg 768w\" sizes=\"auto, (max-width: 709px) 85vw, (max-width: 909px) 67vw, (max-width: 1362px) 62vw, 840px\" \/><\/a><\/figure>\n\n\n\n<figure class=\"wp-block-image size-large\"><a href=\"https:\/\/topette.net\/wp-content\/uploads\/2023\/04\/P1200982.jpg\"><img loading=\"lazy\" decoding=\"async\" width=\"1024\" height=\"768\" data-id=\"7578\" src=\"https:\/\/topette.net\/wp-content\/uploads\/2023\/04\/P1200982.jpg\" alt=\"\" class=\"wp-image-7578\" srcset=\"https:\/\/topette.net\/wp-content\/uploads\/2023\/04\/P1200982.jpg 1024w, https:\/\/topette.net\/wp-content\/uploads\/2023\/04\/P1200982-300x225.jpg 300w, https:\/\/topette.net\/wp-content\/uploads\/2023\/04\/P1200982-768x576.jpg 768w\" sizes=\"auto, (max-width: 709px) 85vw, (max-width: 909px) 67vw, (max-width: 1362px) 62vw, 840px\" \/><\/a><\/figure>\n\n\n\n<figure class=\"wp-block-image size-large\"><a href=\"https:\/\/topette.net\/wp-content\/uploads\/2023\/04\/P1200980.jpg\"><img loading=\"lazy\" decoding=\"async\" width=\"1024\" height=\"768\" data-id=\"7579\" src=\"https:\/\/topette.net\/wp-content\/uploads\/2023\/04\/P1200980.jpg\" alt=\"\" class=\"wp-image-7579\" srcset=\"https:\/\/topette.net\/wp-content\/uploads\/2023\/04\/P1200980.jpg 1024w, https:\/\/topette.net\/wp-content\/uploads\/2023\/04\/P1200980-300x225.jpg 300w, https:\/\/topette.net\/wp-content\/uploads\/2023\/04\/P1200980-768x576.jpg 768w\" sizes=\"auto, (max-width: 709px) 85vw, (max-width: 909px) 67vw, (max-width: 1362px) 62vw, 840px\" \/><\/a><\/figure>\n<figcaption class=\"blocks-gallery-caption wp-element-caption\"><em>Fruits et l\u00e9gumes du march\u00e9 (miam, les moras&#8230;).<\/em><\/figcaption><\/figure>\n\n\n\n<p><\/p>\n\n\n\n<p>A la fin du march\u00e9, certains rentrent en cariole \u00e0 cheval, d&#8217;autres en bus mais ceux qui ont un chargement fragile pr\u00e9f\u00e8rent un moyen de transport individuel (\u00e7a doit \u00eatre plus s\u00fbr).<\/p>\n\n\n\n<figure class=\"wp-block-gallery has-nested-images columns-2 is-cropped wp-block-gallery-19 is-layout-flex wp-block-gallery-is-layout-flex\">\n<figure class=\"wp-block-image size-large\"><a href=\"https:\/\/topette.net\/wp-content\/uploads\/2023\/04\/P1200973.jpg\"><img loading=\"lazy\" decoding=\"async\" width=\"1024\" height=\"768\" data-id=\"7583\" src=\"https:\/\/topette.net\/wp-content\/uploads\/2023\/04\/P1200973.jpg\" alt=\"\" class=\"wp-image-7583\" srcset=\"https:\/\/topette.net\/wp-content\/uploads\/2023\/04\/P1200973.jpg 1024w, https:\/\/topette.net\/wp-content\/uploads\/2023\/04\/P1200973-300x225.jpg 300w, https:\/\/topette.net\/wp-content\/uploads\/2023\/04\/P1200973-768x576.jpg 768w\" sizes=\"auto, (max-width: 709px) 85vw, (max-width: 909px) 67vw, (max-width: 1362px) 62vw, 840px\" \/><\/a><\/figure>\n\n\n\n<figure class=\"wp-block-image size-large\"><a href=\"https:\/\/topette.net\/wp-content\/uploads\/2023\/04\/P1200984.jpg\"><img loading=\"lazy\" decoding=\"async\" width=\"1024\" height=\"768\" data-id=\"7581\" src=\"https:\/\/topette.net\/wp-content\/uploads\/2023\/04\/P1200984.jpg\" alt=\"\" class=\"wp-image-7581\" srcset=\"https:\/\/topette.net\/wp-content\/uploads\/2023\/04\/P1200984.jpg 1024w, https:\/\/topette.net\/wp-content\/uploads\/2023\/04\/P1200984-300x225.jpg 300w, https:\/\/topette.net\/wp-content\/uploads\/2023\/04\/P1200984-768x576.jpg 768w\" sizes=\"auto, (max-width: 709px) 85vw, (max-width: 909px) 67vw, (max-width: 1362px) 62vw, 840px\" \/><\/a><\/figure>\n\n\n\n<figure class=\"wp-block-image size-large\"><a href=\"https:\/\/topette.net\/wp-content\/uploads\/2023\/04\/P1200983.jpg\"><img loading=\"lazy\" decoding=\"async\" width=\"1024\" height=\"768\" data-id=\"7582\" src=\"https:\/\/topette.net\/wp-content\/uploads\/2023\/04\/P1200983.jpg\" alt=\"\" class=\"wp-image-7582\" srcset=\"https:\/\/topette.net\/wp-content\/uploads\/2023\/04\/P1200983.jpg 1024w, https:\/\/topette.net\/wp-content\/uploads\/2023\/04\/P1200983-300x225.jpg 300w, https:\/\/topette.net\/wp-content\/uploads\/2023\/04\/P1200983-768x576.jpg 768w\" sizes=\"auto, (max-width: 709px) 85vw, (max-width: 909px) 67vw, (max-width: 1362px) 62vw, 840px\" \/><\/a><\/figure>\n<figcaption class=\"blocks-gallery-caption wp-element-caption\"><em>Retour de march\u00e9.<\/em><\/figcaption><\/figure>\n\n\n\n<p><\/p>\n\n\n\n<p>Il n&#8217;y a plus qu&#8217;\u00e0 vous montrer la place centrale avec ses deux tondeuses \u00e0 gazon \u00e9colos et son \u00e9glise Nuestra se\u00f1ora de Lourdes (Notre-Dame de Lourdes) avec une statue du Christ juste devant (\u00e7a fait peur, non ? Du coup, on n&#8217;est pas entr\u00e9).<\/p>\n\n\n\n<figure class=\"wp-block-gallery has-nested-images columns-1 is-cropped wp-block-gallery-20 is-layout-flex wp-block-gallery-is-layout-flex\">\n<figure class=\"wp-block-image size-full\"><a href=\"https:\/\/topette.net\/wp-content\/uploads\/2023\/04\/P1200951Bis.jpg\"><img loading=\"lazy\" decoding=\"async\" width=\"768\" height=\"936\" data-id=\"7586\" src=\"https:\/\/topette.net\/wp-content\/uploads\/2023\/04\/P1200951Bis.jpg\" alt=\"\" class=\"wp-image-7586\" srcset=\"https:\/\/topette.net\/wp-content\/uploads\/2023\/04\/P1200951Bis.jpg 768w, https:\/\/topette.net\/wp-content\/uploads\/2023\/04\/P1200951Bis-246x300.jpg 246w\" sizes=\"auto, (max-width: 709px) 85vw, (max-width: 909px) 67vw, (max-width: 984px) 61vw, (max-width: 1362px) 45vw, 600px\" \/><\/a><\/figure>\n\n\n\n<figure class=\"wp-block-image size-large\"><a href=\"https:\/\/topette.net\/wp-content\/uploads\/2023\/04\/P1200985.jpg\"><img loading=\"lazy\" decoding=\"async\" width=\"1024\" height=\"768\" data-id=\"7584\" src=\"https:\/\/topette.net\/wp-content\/uploads\/2023\/04\/P1200985.jpg\" alt=\"\" class=\"wp-image-7584\" srcset=\"https:\/\/topette.net\/wp-content\/uploads\/2023\/04\/P1200985.jpg 1024w, https:\/\/topette.net\/wp-content\/uploads\/2023\/04\/P1200985-300x225.jpg 300w, https:\/\/topette.net\/wp-content\/uploads\/2023\/04\/P1200985-768x576.jpg 768w\" sizes=\"auto, (max-width: 709px) 85vw, (max-width: 909px) 67vw, (max-width: 1362px) 62vw, 840px\" \/><\/a><\/figure>\n<figcaption class=\"blocks-gallery-caption wp-element-caption\"><em>Place centrale et \u00e9glise Notre-Dame de Lourdes, San Agust\u00edn.<\/em><\/figcaption><\/figure>\n\n\n\n<p><\/p>\n\n\n\n<p>Nous quittons San Agust\u00edn par le bus de 10h00 apr\u00e8s un rapide transfert en taxi (le bus arrive en centre-ville mais il faut aller le prendre 6 km plus bas pour repartir ?) et 4h00 plus tard nous arrivons \u00e0 Popay\u00e1n, notre nouvelle \u00e9tape (il n&#8217;y a que 130 km, mais la moiti\u00e9 n&#8217;est pas goudronn\u00e9e).<\/p>\n\n\n\n<p>Un taxi nous d\u00e9pose \u00e0 notre nouvel h\u00e9bergement dont on esp\u00e9rait beaucoup au vu des trois \u00e9toiles qu&#8217;il affiche fi\u00e8rement. Franchement c&#8217;est surfait, m\u00eame si \u00e7a reste une qualit\u00e9 bonne pioche (eau chaude mais Internet d\u00e9faillant).<\/p>\n\n\n\n<p>Situ\u00e9e \u00e0 1&nbsp;760&nbsp;m&nbsp;d&#8217;altitude, forte d&#8217;environ 300 000 habitants, Popay\u00e1n est surnomm\u00e9e &#8220;la ciudad blanca&#8221; (la ville blanche).<\/p>\n\n\n\n<figure class=\"wp-block-gallery has-nested-images columns-default is-cropped wp-block-gallery-21 is-layout-flex wp-block-gallery-is-layout-flex\">\n<figure class=\"wp-block-image size-large\"><a href=\"https:\/\/topette.net\/wp-content\/uploads\/2023\/04\/P1210148.jpg\"><img loading=\"lazy\" decoding=\"async\" width=\"1024\" height=\"768\" data-id=\"7588\" src=\"https:\/\/topette.net\/wp-content\/uploads\/2023\/04\/P1210148.jpg\" alt=\"\" class=\"wp-image-7588\" srcset=\"https:\/\/topette.net\/wp-content\/uploads\/2023\/04\/P1210148.jpg 1024w, https:\/\/topette.net\/wp-content\/uploads\/2023\/04\/P1210148-300x225.jpg 300w, https:\/\/topette.net\/wp-content\/uploads\/2023\/04\/P1210148-768x576.jpg 768w\" sizes=\"auto, (max-width: 709px) 85vw, (max-width: 909px) 67vw, (max-width: 1362px) 62vw, 840px\" \/><\/a><\/figure>\n<figcaption class=\"blocks-gallery-caption wp-element-caption\"><em>Popay\u00e1n &#8220;la ciudad blanca&#8221;.<\/em><\/figcaption><\/figure>\n\n\n\n<p><\/p>\n\n\n\n<p>Ce surnom lui viendrait d&#8217;une \u00e9pid\u00e9mie de \u201cnigua\u201d (puce tropicale) qui attaquait les pieds des habitants au 19e si\u00e8cle. La mairie d\u00e9cidait de recouvrir les murs de chaux afin d&#8217;essayer de d\u00e9sinfecter la ville. La tradition d&#8217;abord sanitaire est rest\u00e9e et aujourd&#8217;hui les murs de la ville sont repeints en blanc tous les mois de mars avant la semaine sainte (on croyait que c&#8217;\u00e9tait pour notre venue, quelle d\u00e9ception !).<\/p>\n\n\n\n<figure class=\"wp-block-gallery has-nested-images columns-2 is-cropped wp-block-gallery-22 is-layout-flex wp-block-gallery-is-layout-flex\">\n<figure class=\"wp-block-image size-large\"><a href=\"https:\/\/topette.net\/wp-content\/uploads\/2023\/04\/P1210015.jpg\"><img loading=\"lazy\" decoding=\"async\" width=\"1024\" height=\"768\" data-id=\"7593\" src=\"https:\/\/topette.net\/wp-content\/uploads\/2023\/04\/P1210015.jpg\" alt=\"\" class=\"wp-image-7593\" srcset=\"https:\/\/topette.net\/wp-content\/uploads\/2023\/04\/P1210015.jpg 1024w, https:\/\/topette.net\/wp-content\/uploads\/2023\/04\/P1210015-300x225.jpg 300w, https:\/\/topette.net\/wp-content\/uploads\/2023\/04\/P1210015-768x576.jpg 768w\" sizes=\"auto, (max-width: 709px) 85vw, (max-width: 909px) 67vw, (max-width: 1362px) 62vw, 840px\" \/><\/a><\/figure>\n\n\n\n<figure class=\"wp-block-image size-large\"><a href=\"https:\/\/topette.net\/wp-content\/uploads\/2023\/04\/P1210017.jpg\"><img loading=\"lazy\" decoding=\"async\" width=\"1024\" height=\"768\" data-id=\"7591\" src=\"https:\/\/topette.net\/wp-content\/uploads\/2023\/04\/P1210017.jpg\" alt=\"\" class=\"wp-image-7591\" srcset=\"https:\/\/topette.net\/wp-content\/uploads\/2023\/04\/P1210017.jpg 1024w, https:\/\/topette.net\/wp-content\/uploads\/2023\/04\/P1210017-300x225.jpg 300w, https:\/\/topette.net\/wp-content\/uploads\/2023\/04\/P1210017-768x576.jpg 768w\" sizes=\"auto, (max-width: 709px) 85vw, (max-width: 909px) 67vw, (max-width: 1362px) 62vw, 840px\" \/><\/a><\/figure>\n\n\n\n<figure class=\"wp-block-image size-large\"><a href=\"https:\/\/topette.net\/wp-content\/uploads\/2023\/04\/P1210182.jpg\"><img loading=\"lazy\" decoding=\"async\" width=\"1024\" height=\"768\" data-id=\"7590\" src=\"https:\/\/topette.net\/wp-content\/uploads\/2023\/04\/P1210182.jpg\" alt=\"\" class=\"wp-image-7590\" srcset=\"https:\/\/topette.net\/wp-content\/uploads\/2023\/04\/P1210182.jpg 1024w, https:\/\/topette.net\/wp-content\/uploads\/2023\/04\/P1210182-300x225.jpg 300w, https:\/\/topette.net\/wp-content\/uploads\/2023\/04\/P1210182-768x576.jpg 768w\" sizes=\"auto, (max-width: 709px) 85vw, (max-width: 909px) 67vw, (max-width: 1362px) 62vw, 840px\" \/><\/a><\/figure>\n\n\n\n<figure class=\"wp-block-image size-large\"><a href=\"https:\/\/topette.net\/wp-content\/uploads\/2023\/04\/P1210209.jpg\"><img loading=\"lazy\" decoding=\"async\" width=\"1024\" height=\"768\" data-id=\"7592\" src=\"https:\/\/topette.net\/wp-content\/uploads\/2023\/04\/P1210209.jpg\" alt=\"\" class=\"wp-image-7592\" srcset=\"https:\/\/topette.net\/wp-content\/uploads\/2023\/04\/P1210209.jpg 1024w, https:\/\/topette.net\/wp-content\/uploads\/2023\/04\/P1210209-300x225.jpg 300w, https:\/\/topette.net\/wp-content\/uploads\/2023\/04\/P1210209-768x576.jpg 768w\" sizes=\"auto, (max-width: 709px) 85vw, (max-width: 909px) 67vw, (max-width: 1362px) 62vw, 840px\" \/><\/a><\/figure>\n<figcaption class=\"blocks-gallery-caption wp-element-caption\"><em>Le Parque Caldas, et le centre historique de Popay\u00e1n.<\/em><\/figcaption><\/figure>\n\n\n\n<p><\/p>\n\n\n\n<p>Popay\u00e1n fut fond\u00e9e le 13 janvier 1537 par le conquistador Sebasti\u00e1n de Belalc\u00e1zar. Tr\u00e8s rapidement, la ville prit une grande importance sur les plans politique, culturel et religieux. Plus de pr\u00e9sidents colombiens viennent de Popay\u00e1n (17 en tout) que de toute autre ville de Colombie, ainsi que de nombreux po\u00e8tes, peintres et compositeurs.<\/p>\n\n\n\n<figure class=\"wp-block-gallery has-nested-images columns-2 is-cropped wp-block-gallery-23 is-layout-flex wp-block-gallery-is-layout-flex\">\n<figure class=\"wp-block-image size-large\"><a href=\"https:\/\/topette.net\/wp-content\/uploads\/2023\/04\/P1210188-rotated.jpg\"><img loading=\"lazy\" decoding=\"async\" width=\"768\" height=\"1024\" data-id=\"7594\" src=\"https:\/\/topette.net\/wp-content\/uploads\/2023\/04\/P1210188-rotated.jpg\" alt=\"\" class=\"wp-image-7594\" srcset=\"https:\/\/topette.net\/wp-content\/uploads\/2023\/04\/P1210188-rotated.jpg 768w, https:\/\/topette.net\/wp-content\/uploads\/2023\/04\/P1210188-225x300.jpg 225w\" sizes=\"auto, (max-width: 709px) 85vw, (max-width: 909px) 67vw, (max-width: 984px) 61vw, (max-width: 1362px) 45vw, 600px\" \/><\/a><\/figure>\n\n\n\n<figure class=\"wp-block-image size-large\"><a href=\"https:\/\/topette.net\/wp-content\/uploads\/2023\/04\/P1210189-rotated.jpg\"><img loading=\"lazy\" decoding=\"async\" width=\"768\" height=\"1024\" data-id=\"7596\" src=\"https:\/\/topette.net\/wp-content\/uploads\/2023\/04\/P1210189-rotated.jpg\" alt=\"\" class=\"wp-image-7596\" srcset=\"https:\/\/topette.net\/wp-content\/uploads\/2023\/04\/P1210189-rotated.jpg 768w, https:\/\/topette.net\/wp-content\/uploads\/2023\/04\/P1210189-225x300.jpg 225w\" sizes=\"auto, (max-width: 709px) 85vw, (max-width: 909px) 67vw, (max-width: 984px) 61vw, (max-width: 1362px) 45vw, 600px\" \/><\/a><\/figure>\n\n\n\n<figure class=\"wp-block-image size-large\"><a href=\"https:\/\/topette.net\/wp-content\/uploads\/2023\/04\/P1210199-rotated.jpg\"><img loading=\"lazy\" decoding=\"async\" width=\"768\" height=\"1024\" data-id=\"7597\" src=\"https:\/\/topette.net\/wp-content\/uploads\/2023\/04\/P1210199-rotated.jpg\" alt=\"\" class=\"wp-image-7597\" srcset=\"https:\/\/topette.net\/wp-content\/uploads\/2023\/04\/P1210199-rotated.jpg 768w, https:\/\/topette.net\/wp-content\/uploads\/2023\/04\/P1210199-225x300.jpg 225w\" sizes=\"auto, (max-width: 709px) 85vw, (max-width: 909px) 67vw, (max-width: 984px) 61vw, (max-width: 1362px) 45vw, 600px\" \/><\/a><\/figure>\n\n\n\n<figure class=\"wp-block-image size-large\"><a href=\"https:\/\/topette.net\/wp-content\/uploads\/2023\/04\/P1210207-rotated.jpg\"><img loading=\"lazy\" decoding=\"async\" width=\"768\" height=\"1024\" data-id=\"7595\" src=\"https:\/\/topette.net\/wp-content\/uploads\/2023\/04\/P1210207-rotated.jpg\" alt=\"\" class=\"wp-image-7595\" srcset=\"https:\/\/topette.net\/wp-content\/uploads\/2023\/04\/P1210207-rotated.jpg 768w, https:\/\/topette.net\/wp-content\/uploads\/2023\/04\/P1210207-225x300.jpg 225w\" sizes=\"auto, (max-width: 709px) 85vw, (max-width: 909px) 67vw, (max-width: 984px) 61vw, (max-width: 1362px) 45vw, 600px\" \/><\/a><\/figure>\n<figcaption class=\"blocks-gallery-caption wp-element-caption\"><em> Le centre historique de Popay\u00e1n.<\/em><\/figcaption><\/figure>\n\n\n\n<p><\/p>\n\n\n\n<p>Popay\u00e1n abrite l&#8217;Universit\u00e9 du Cauca (fond\u00e9e en 1827), l&#8217;une des plus anciennes de la Colombie et des plus distingu\u00e9es des institutions d&#8217;enseignement sup\u00e9rieur. Le seul b\u00e2timent color\u00e9 du centre historique est le Th\u00e9\u00e2tre Municipal Guillermo Valencia inaugur\u00e9 le 22 d\u00e9cembre 1927 et reconstruit apr\u00e8s le violent s\u00e9isme du 31 mars 1983 lors duquel la ville et de nombreux monuments furent tr\u00e8s endommag\u00e9s.<\/p>\n\n\n\n<figure class=\"wp-block-gallery has-nested-images columns-default is-cropped wp-block-gallery-24 is-layout-flex wp-block-gallery-is-layout-flex\">\n<figure class=\"wp-block-image size-large\"><a href=\"https:\/\/topette.net\/wp-content\/uploads\/2023\/04\/P1210145.jpg\"><img loading=\"lazy\" decoding=\"async\" width=\"1024\" height=\"768\" data-id=\"7598\" src=\"https:\/\/topette.net\/wp-content\/uploads\/2023\/04\/P1210145.jpg\" alt=\"\" class=\"wp-image-7598\" srcset=\"https:\/\/topette.net\/wp-content\/uploads\/2023\/04\/P1210145.jpg 1024w, https:\/\/topette.net\/wp-content\/uploads\/2023\/04\/P1210145-300x225.jpg 300w, https:\/\/topette.net\/wp-content\/uploads\/2023\/04\/P1210145-768x576.jpg 768w\" sizes=\"auto, (max-width: 709px) 85vw, (max-width: 909px) 67vw, (max-width: 1362px) 62vw, 840px\" \/><\/a><\/figure>\n<figcaption class=\"blocks-gallery-caption wp-element-caption\"><em>Th\u00e9\u00e2tre Municipal Guillermo Valencia.<\/em><\/figcaption><\/figure>\n\n\n\n<p><\/p>\n\n\n\n<p>Un des sites embl\u00e9matiques de Popay\u00e1n est le Puente del Humilladero (pont de l&#8217;humilit\u00e9 ?) qui \u00e9tait autrefois l&#8217;entr\u00e9e principale de la ville. Construit sur 12 arches, en plus de traverser la rivi\u00e8re Molino, il servait \u00e0 \u00e9viter la pente pi\u00e9tonne de la Calle del Humilladero, une rue qui \u00e9tait si raide qu&#8217;on ne pouvait la gravir sans incliner la t\u00eate, d&#8217;o\u00f9 son nom d&#8217;Humilladero. Il a \u00e9t\u00e9 mis en service le 31 juillet 1873.<\/p>\n\n\n\n<figure class=\"wp-block-gallery has-nested-images columns-default is-cropped wp-block-gallery-25 is-layout-flex wp-block-gallery-is-layout-flex\">\n<figure class=\"wp-block-image size-large\"><a href=\"https:\/\/topette.net\/wp-content\/uploads\/2023\/04\/P1210037.jpg\"><img loading=\"lazy\" decoding=\"async\" width=\"1024\" height=\"768\" data-id=\"7604\" src=\"https:\/\/topette.net\/wp-content\/uploads\/2023\/04\/P1210037.jpg\" alt=\"\" class=\"wp-image-7604\" srcset=\"https:\/\/topette.net\/wp-content\/uploads\/2023\/04\/P1210037.jpg 1024w, https:\/\/topette.net\/wp-content\/uploads\/2023\/04\/P1210037-300x225.jpg 300w, https:\/\/topette.net\/wp-content\/uploads\/2023\/04\/P1210037-768x576.jpg 768w\" sizes=\"auto, (max-width: 709px) 85vw, (max-width: 909px) 67vw, (max-width: 1362px) 62vw, 840px\" \/><\/a><\/figure>\n<figcaption class=\"blocks-gallery-caption wp-element-caption\"><em>Le Puente del Humilladero.<\/em><\/figcaption><\/figure>\n\n\n\n<p><\/p>\n\n\n\n<p>Non loin de l\u00e0 se trouve le Patio del Seminario de San Jos\u00e9 dans lequel nous sommes all\u00e9s voir une exposition d&#8217;artisanat local (y compris de bonnes glaces artisanales&#8230;).<\/p>\n\n\n\n<figure class=\"wp-block-gallery has-nested-images columns-default is-cropped wp-block-gallery-26 is-layout-flex wp-block-gallery-is-layout-flex\">\n<figure class=\"wp-block-image size-large\"><a href=\"https:\/\/topette.net\/wp-content\/uploads\/2023\/04\/P1210154.jpg\"><img loading=\"lazy\" decoding=\"async\" width=\"1024\" height=\"768\" data-id=\"7606\" src=\"https:\/\/topette.net\/wp-content\/uploads\/2023\/04\/P1210154.jpg\" alt=\"\" class=\"wp-image-7606\" srcset=\"https:\/\/topette.net\/wp-content\/uploads\/2023\/04\/P1210154.jpg 1024w, https:\/\/topette.net\/wp-content\/uploads\/2023\/04\/P1210154-300x225.jpg 300w, https:\/\/topette.net\/wp-content\/uploads\/2023\/04\/P1210154-768x576.jpg 768w\" sizes=\"auto, (max-width: 709px) 85vw, (max-width: 909px) 67vw, (max-width: 1362px) 62vw, 840px\" \/><\/a><\/figure>\n\n\n\n<figure class=\"wp-block-image size-large\"><a href=\"https:\/\/topette.net\/wp-content\/uploads\/2023\/04\/P1210156.jpg\"><img loading=\"lazy\" decoding=\"async\" width=\"1024\" height=\"768\" data-id=\"7607\" src=\"https:\/\/topette.net\/wp-content\/uploads\/2023\/04\/P1210156.jpg\" alt=\"\" class=\"wp-image-7607\" srcset=\"https:\/\/topette.net\/wp-content\/uploads\/2023\/04\/P1210156.jpg 1024w, https:\/\/topette.net\/wp-content\/uploads\/2023\/04\/P1210156-300x225.jpg 300w, https:\/\/topette.net\/wp-content\/uploads\/2023\/04\/P1210156-768x576.jpg 768w\" sizes=\"auto, (max-width: 709px) 85vw, (max-width: 909px) 67vw, (max-width: 1362px) 62vw, 840px\" \/><\/a><\/figure>\n<figcaption class=\"blocks-gallery-caption wp-element-caption\"><em>le Patio del Seminario de San Jos\u00e9.<\/em><\/figcaption><\/figure>\n\n\n\n<p><\/p>\n\n\n\n<p>A propos de bonnes choses \u00e0 manger, on ne saurait trop vous conseiller les empanaditas de Pipi\u00e1n (minis chaussons frits, \u00e0 la pomme de terre et \u00e0 la cacahu\u00e8te). Si vous passez dans le coin, on a une excellente adresse !<\/p>\n\n\n\n<figure class=\"wp-block-gallery has-nested-images columns-default is-cropped wp-block-gallery-27 is-layout-flex wp-block-gallery-is-layout-flex\">\n<figure class=\"wp-block-image size-large\"><a href=\"https:\/\/topette.net\/wp-content\/uploads\/2023\/04\/P1210212.jpg\"><img loading=\"lazy\" decoding=\"async\" width=\"1024\" height=\"768\" data-id=\"7608\" src=\"https:\/\/topette.net\/wp-content\/uploads\/2023\/04\/P1210212.jpg\" alt=\"\" class=\"wp-image-7608\" srcset=\"https:\/\/topette.net\/wp-content\/uploads\/2023\/04\/P1210212.jpg 1024w, https:\/\/topette.net\/wp-content\/uploads\/2023\/04\/P1210212-300x225.jpg 300w, https:\/\/topette.net\/wp-content\/uploads\/2023\/04\/P1210212-768x576.jpg 768w\" sizes=\"auto, (max-width: 709px) 85vw, (max-width: 909px) 67vw, (max-width: 1362px) 62vw, 840px\" \/><\/a><\/figure>\n<figcaption class=\"blocks-gallery-caption wp-element-caption\"><em>Empanaditas de Pipi\u00e1n, une tuerie !<\/em><\/figcaption><\/figure>\n\n\n\n<p><\/p>\n\n\n\n<p>Apr\u00e8s \u00e7a, deux-trois mandarines et au lit !<\/p>\n\n\n\n<figure class=\"wp-block-gallery has-nested-images columns-default is-cropped wp-block-gallery-28 is-layout-flex wp-block-gallery-is-layout-flex\">\n<figure class=\"wp-block-image size-large\"><a href=\"https:\/\/topette.net\/wp-content\/uploads\/2023\/04\/P1210159.jpg\"><img loading=\"lazy\" decoding=\"async\" width=\"1024\" height=\"768\" data-id=\"7609\" src=\"https:\/\/topette.net\/wp-content\/uploads\/2023\/04\/P1210159.jpg\" alt=\"\" class=\"wp-image-7609\" srcset=\"https:\/\/topette.net\/wp-content\/uploads\/2023\/04\/P1210159.jpg 1024w, https:\/\/topette.net\/wp-content\/uploads\/2023\/04\/P1210159-300x225.jpg 300w, https:\/\/topette.net\/wp-content\/uploads\/2023\/04\/P1210159-768x576.jpg 768w\" sizes=\"auto, (max-width: 709px) 85vw, (max-width: 909px) 67vw, (max-width: 1362px) 62vw, 840px\" \/><\/a><\/figure>\n<figcaption class=\"blocks-gallery-caption wp-element-caption\"><em>Dodo, l&#8217;enfant do.<\/em><\/figcaption><\/figure>\n\n\n\n<p><\/p>\n\n\n\n<p>Autrement, sans surprise Popay\u00e1n, qu&#8217;on appelle parfois  la J\u00e9rusalem de l&#8217;Am\u00e9rique Latine, est dot\u00e9e de nombreuses \u00e9glises. Tout d&#8217;abord la Cath\u00e9drale Notre Dame de l\u2019Ascension construite \u00e0 l\u2019origine en adobe, mais d\u00e9truite en 1566. Elle a maintenant une fa\u00e7ade n\u00e9oclassique.<\/p>\n\n\n\n<figure class=\"wp-block-gallery has-nested-images columns-2 is-cropped wp-block-gallery-29 is-layout-flex wp-block-gallery-is-layout-flex\">\n<figure class=\"wp-block-image size-large\"><a href=\"https:\/\/topette.net\/wp-content\/uploads\/2023\/04\/P1210011.jpg\"><img loading=\"lazy\" decoding=\"async\" width=\"1024\" height=\"768\" data-id=\"7611\" src=\"https:\/\/topette.net\/wp-content\/uploads\/2023\/04\/P1210011.jpg\" alt=\"\" class=\"wp-image-7611\" srcset=\"https:\/\/topette.net\/wp-content\/uploads\/2023\/04\/P1210011.jpg 1024w, https:\/\/topette.net\/wp-content\/uploads\/2023\/04\/P1210011-300x225.jpg 300w, https:\/\/topette.net\/wp-content\/uploads\/2023\/04\/P1210011-768x576.jpg 768w\" sizes=\"auto, (max-width: 709px) 85vw, (max-width: 909px) 67vw, (max-width: 1362px) 62vw, 840px\" \/><\/a><\/figure>\n\n\n\n<figure class=\"wp-block-image size-large\"><a href=\"https:\/\/topette.net\/wp-content\/uploads\/2023\/04\/P1210014.jpg\"><img loading=\"lazy\" decoding=\"async\" width=\"1024\" height=\"768\" data-id=\"7610\" src=\"https:\/\/topette.net\/wp-content\/uploads\/2023\/04\/P1210014.jpg\" alt=\"\" class=\"wp-image-7610\" srcset=\"https:\/\/topette.net\/wp-content\/uploads\/2023\/04\/P1210014.jpg 1024w, https:\/\/topette.net\/wp-content\/uploads\/2023\/04\/P1210014-300x225.jpg 300w, https:\/\/topette.net\/wp-content\/uploads\/2023\/04\/P1210014-768x576.jpg 768w\" sizes=\"auto, (max-width: 709px) 85vw, (max-width: 909px) 67vw, (max-width: 1362px) 62vw, 840px\" \/><\/a><\/figure>\n\n\n\n<figure class=\"wp-block-image size-large\"><a href=\"https:\/\/topette.net\/wp-content\/uploads\/2023\/04\/P1210183-rotated.jpg\"><img loading=\"lazy\" decoding=\"async\" width=\"768\" height=\"1024\" data-id=\"7612\" src=\"https:\/\/topette.net\/wp-content\/uploads\/2023\/04\/P1210183-rotated.jpg\" alt=\"\" class=\"wp-image-7612\" srcset=\"https:\/\/topette.net\/wp-content\/uploads\/2023\/04\/P1210183-rotated.jpg 768w, https:\/\/topette.net\/wp-content\/uploads\/2023\/04\/P1210183-225x300.jpg 225w\" sizes=\"auto, (max-width: 709px) 85vw, (max-width: 909px) 67vw, (max-width: 984px) 61vw, (max-width: 1362px) 45vw, 600px\" \/><\/a><\/figure>\n<figcaption class=\"blocks-gallery-caption wp-element-caption\"> <em>La Cath\u00e9drale Notre Dame de l\u2019Ascension.<\/em><\/figcaption><\/figure>\n\n\n\n<p><\/p>\n\n\n\n<p>Le Claustro De Santo Domingo (clo\u00eetre de saint Domingue) devenu l&#8217;universit\u00e9 r\u00e9gionale depuis 1932.<\/p>\n\n\n\n<figure class=\"wp-block-gallery has-nested-images columns-default is-cropped wp-block-gallery-30 is-layout-flex wp-block-gallery-is-layout-flex\">\n<figure class=\"wp-block-image size-large\"><a href=\"https:\/\/topette.net\/wp-content\/uploads\/2023\/04\/P1210026-Copie-rotated.jpg\"><img loading=\"lazy\" decoding=\"async\" width=\"768\" height=\"1024\" data-id=\"7613\" src=\"https:\/\/topette.net\/wp-content\/uploads\/2023\/04\/P1210026-Copie-rotated.jpg\" alt=\"\" class=\"wp-image-7613\" srcset=\"https:\/\/topette.net\/wp-content\/uploads\/2023\/04\/P1210026-Copie-rotated.jpg 768w, https:\/\/topette.net\/wp-content\/uploads\/2023\/04\/P1210026-Copie-225x300.jpg 225w\" sizes=\"auto, (max-width: 709px) 85vw, (max-width: 909px) 67vw, (max-width: 984px) 61vw, (max-width: 1362px) 45vw, 600px\" \/><\/a><\/figure>\n<figcaption class=\"blocks-gallery-caption wp-element-caption\"><em>Le Claustro De Santo Domingo.<\/em><\/figcaption><\/figure>\n\n\n\n<p><\/p>\n\n\n\n<p>L&#8217;Iglesia de San Francisco (\u00e9glise Saint-Fran\u00e7ois) est l&#8217;une des plus importantes de Colombie en raison de son style n\u00e9o-baroque tardif de Grenade. Dans son clocher, se trouve l&#8217;une des plus grandes cloches d&#8217;Am\u00e9rique appel\u00e9e la cloche de San Antonio, coul\u00e9e en or et en bronze (mais on ne peut pas aller la voir). Elle poss\u00e8de une chaire de style plateresque (on ne savait m\u00eame pas que \u00e7a existait ce style), consid\u00e9r\u00e9e comme la meilleure de Colombie.<\/p>\n\n\n\n<figure class=\"wp-block-gallery has-nested-images columns-default is-cropped wp-block-gallery-31 is-layout-flex wp-block-gallery-is-layout-flex\">\n<figure class=\"wp-block-image size-large\"><a href=\"https:\/\/topette.net\/wp-content\/uploads\/2023\/04\/P1210170-rotated.jpg\"><img loading=\"lazy\" decoding=\"async\" width=\"768\" height=\"1024\" data-id=\"7617\" src=\"https:\/\/topette.net\/wp-content\/uploads\/2023\/04\/P1210170-rotated.jpg\" alt=\"\" class=\"wp-image-7617\" srcset=\"https:\/\/topette.net\/wp-content\/uploads\/2023\/04\/P1210170-rotated.jpg 768w, https:\/\/topette.net\/wp-content\/uploads\/2023\/04\/P1210170-225x300.jpg 225w\" sizes=\"auto, (max-width: 709px) 85vw, (max-width: 909px) 67vw, (max-width: 984px) 61vw, (max-width: 1362px) 45vw, 600px\" \/><\/a><\/figure>\n\n\n\n<figure class=\"wp-block-image size-large\"><a href=\"https:\/\/topette.net\/wp-content\/uploads\/2023\/04\/P1210171-rotated.jpg\"><img loading=\"lazy\" decoding=\"async\" width=\"768\" height=\"1024\" data-id=\"7615\" src=\"https:\/\/topette.net\/wp-content\/uploads\/2023\/04\/P1210171-rotated.jpg\" alt=\"\" class=\"wp-image-7615\" srcset=\"https:\/\/topette.net\/wp-content\/uploads\/2023\/04\/P1210171-rotated.jpg 768w, https:\/\/topette.net\/wp-content\/uploads\/2023\/04\/P1210171-225x300.jpg 225w\" sizes=\"auto, (max-width: 709px) 85vw, (max-width: 909px) 67vw, (max-width: 984px) 61vw, (max-width: 1362px) 45vw, 600px\" \/><\/a><\/figure>\n\n\n\n<figure class=\"wp-block-image size-large\"><a href=\"https:\/\/topette.net\/wp-content\/uploads\/2023\/04\/P1210172-rotated.jpg\"><img loading=\"lazy\" decoding=\"async\" width=\"768\" height=\"1024\" data-id=\"7616\" src=\"https:\/\/topette.net\/wp-content\/uploads\/2023\/04\/P1210172-rotated.jpg\" alt=\"\" class=\"wp-image-7616\" srcset=\"https:\/\/topette.net\/wp-content\/uploads\/2023\/04\/P1210172-rotated.jpg 768w, https:\/\/topette.net\/wp-content\/uploads\/2023\/04\/P1210172-225x300.jpg 225w\" sizes=\"auto, (max-width: 709px) 85vw, (max-width: 909px) 67vw, (max-width: 984px) 61vw, (max-width: 1362px) 45vw, 600px\" \/><\/a><\/figure>\n\n\n\n<figure class=\"wp-block-image size-large\"><a href=\"https:\/\/topette.net\/wp-content\/uploads\/2023\/04\/P1210164.jpg\"><img loading=\"lazy\" decoding=\"async\" width=\"1024\" height=\"768\" data-id=\"7614\" src=\"https:\/\/topette.net\/wp-content\/uploads\/2023\/04\/P1210164.jpg\" alt=\"\" class=\"wp-image-7614\" srcset=\"https:\/\/topette.net\/wp-content\/uploads\/2023\/04\/P1210164.jpg 1024w, https:\/\/topette.net\/wp-content\/uploads\/2023\/04\/P1210164-300x225.jpg 300w, https:\/\/topette.net\/wp-content\/uploads\/2023\/04\/P1210164-768x576.jpg 768w\" sizes=\"auto, (max-width: 709px) 85vw, (max-width: 909px) 67vw, (max-width: 1362px) 62vw, 840px\" \/><\/a><\/figure>\n<figcaption class=\"blocks-gallery-caption wp-element-caption\"><em>L&#8217;Iglesia de San Francisco.<\/em><\/figcaption><\/figure>\n\n\n\n<p><\/p>\n\n\n\n<p>Et enfin le Templo de la Encarnaci\u00f3n (l&#8217;\u00e9glise de l&#8217;Incarnation) dont l&#8217;int\u00e9rieur est tr\u00e8s beau et notamment son r\u00e9seau de vo\u00fbtes nervur\u00e9es d&#8217;influence byzantine.<\/p>\n\n\n\n<figure class=\"wp-block-gallery has-nested-images columns-1 is-cropped wp-block-gallery-32 is-layout-flex wp-block-gallery-is-layout-flex\">\n<figure class=\"wp-block-image size-large\"><a href=\"https:\/\/topette.net\/wp-content\/uploads\/2023\/04\/P1210190-rotated.jpg\"><img loading=\"lazy\" decoding=\"async\" width=\"768\" height=\"1024\" data-id=\"7619\" src=\"https:\/\/topette.net\/wp-content\/uploads\/2023\/04\/P1210190-rotated.jpg\" alt=\"\" class=\"wp-image-7619\" srcset=\"https:\/\/topette.net\/wp-content\/uploads\/2023\/04\/P1210190-rotated.jpg 768w, https:\/\/topette.net\/wp-content\/uploads\/2023\/04\/P1210190-225x300.jpg 225w\" sizes=\"auto, (max-width: 709px) 85vw, (max-width: 909px) 67vw, (max-width: 984px) 61vw, (max-width: 1362px) 45vw, 600px\" \/><\/a><\/figure>\n\n\n\n<figure class=\"wp-block-image size-large\"><a href=\"https:\/\/topette.net\/wp-content\/uploads\/2023\/04\/P1210193.jpg\"><img loading=\"lazy\" decoding=\"async\" width=\"1024\" height=\"768\" data-id=\"7618\" src=\"https:\/\/topette.net\/wp-content\/uploads\/2023\/04\/P1210193.jpg\" alt=\"\" class=\"wp-image-7618\" srcset=\"https:\/\/topette.net\/wp-content\/uploads\/2023\/04\/P1210193.jpg 1024w, https:\/\/topette.net\/wp-content\/uploads\/2023\/04\/P1210193-300x225.jpg 300w, https:\/\/topette.net\/wp-content\/uploads\/2023\/04\/P1210193-768x576.jpg 768w\" sizes=\"auto, (max-width: 709px) 85vw, (max-width: 909px) 67vw, (max-width: 1362px) 62vw, 840px\" \/><\/a><\/figure>\n<figcaption class=\"blocks-gallery-caption wp-element-caption\"><em>Le Templo de la Encarnaci\u00f3n.<\/em><\/figcaption><\/figure>\n\n\n\n<p><\/p>\n\n\n\n<p>Et dans toutes ces \u00e9glises, \u00e7a s&#8217;active pour pr\u00e9parer la grande affaire de cette semaine sainte (la semaine qui pr\u00e9c\u00e8de Paques, pour ceux qui l&#8217;ignorent) que sont les processions. Les processions de la Semaine sainte \u00e0 Popay\u00e1n, d\u00e9clar\u00e9es par l\u2019UNESCO Patrimoine Culturel et Immat\u00e9riel de l\u2019Humanit\u00e9 depuis 2009, sont tr\u00e8s r\u00e9put\u00e9es (troisi\u00e8me ville mondiale pour la Semaine sainte, apr\u00e8s le Vatican et S\u00e9ville).<\/p>\n\n\n\n<figure class=\"wp-block-gallery has-nested-images columns-2 is-cropped wp-block-gallery-33 is-layout-flex wp-block-gallery-is-layout-flex\">\n<figure class=\"wp-block-image size-large\"><a href=\"https:\/\/topette.net\/wp-content\/uploads\/2023\/04\/P1210027.jpg\"><img loading=\"lazy\" decoding=\"async\" width=\"1024\" height=\"768\" data-id=\"7620\" src=\"https:\/\/topette.net\/wp-content\/uploads\/2023\/04\/P1210027.jpg\" alt=\"\" class=\"wp-image-7620\" srcset=\"https:\/\/topette.net\/wp-content\/uploads\/2023\/04\/P1210027.jpg 1024w, https:\/\/topette.net\/wp-content\/uploads\/2023\/04\/P1210027-300x225.jpg 300w, https:\/\/topette.net\/wp-content\/uploads\/2023\/04\/P1210027-768x576.jpg 768w\" sizes=\"auto, (max-width: 709px) 85vw, (max-width: 909px) 67vw, (max-width: 1362px) 62vw, 840px\" \/><\/a><\/figure>\n\n\n\n<figure class=\"wp-block-image size-large\"><a href=\"https:\/\/topette.net\/wp-content\/uploads\/2023\/04\/P1210204.jpg\"><img loading=\"lazy\" decoding=\"async\" width=\"1024\" height=\"768\" data-id=\"7621\" src=\"https:\/\/topette.net\/wp-content\/uploads\/2023\/04\/P1210204.jpg\" alt=\"\" class=\"wp-image-7621\" srcset=\"https:\/\/topette.net\/wp-content\/uploads\/2023\/04\/P1210204.jpg 1024w, https:\/\/topette.net\/wp-content\/uploads\/2023\/04\/P1210204-300x225.jpg 300w, https:\/\/topette.net\/wp-content\/uploads\/2023\/04\/P1210204-768x576.jpg 768w\" sizes=\"auto, (max-width: 709px) 85vw, (max-width: 909px) 67vw, (max-width: 1362px) 62vw, 840px\" \/><\/a><\/figure>\n\n\n\n<figure class=\"wp-block-image size-large\"><a href=\"https:\/\/topette.net\/wp-content\/uploads\/2023\/04\/P1210203-rotated.jpg\"><img loading=\"lazy\" decoding=\"async\" width=\"768\" height=\"1024\" data-id=\"7622\" src=\"https:\/\/topette.net\/wp-content\/uploads\/2023\/04\/P1210203-rotated.jpg\" alt=\"\" class=\"wp-image-7622\" srcset=\"https:\/\/topette.net\/wp-content\/uploads\/2023\/04\/P1210203-rotated.jpg 768w, https:\/\/topette.net\/wp-content\/uploads\/2023\/04\/P1210203-225x300.jpg 225w\" sizes=\"auto, (max-width: 709px) 85vw, (max-width: 909px) 67vw, (max-width: 984px) 61vw, (max-width: 1362px) 45vw, 600px\" \/><\/a><\/figure>\n<figcaption class=\"blocks-gallery-caption wp-element-caption\"><em>Pr\u00e9paratifs avant les processions de la Semaine Sainte.<\/em><\/figcaption><\/figure>\n\n\n\n<p><\/p>\n\n\n\n<p>Ces processions se d\u00e9roulent imperturbablement chaque ann\u00e9e depuis 1566. Tous les jours, entre 20 et 23 heures, se tient une s\u00e9rie de processions consacr\u00e9es respectivement \u00e0 Marie, J\u00e9sus, la Croix, la mise au tombeau et la R\u00e9surrection. Ces cinq processions suivent un parcours de deux kilom\u00e8tres dans le centre de la ville. Des visiteurs viennent du monde entier, voir les croyants qui portent sur des \u00ab Pasos \u00bb des statues qui symbolisent la passion du Christ (il faut vraiment \u00eatre motiv\u00e9, parce que m\u00eame \u00e0 huit, \u00e7a \u00e0 l&#8217;air de peser tr\u00e8s tr\u00e8s lourd).<\/p>\n\n\n\n<figure class=\"wp-block-gallery has-nested-images columns-2 is-cropped wp-block-gallery-34 is-layout-flex wp-block-gallery-is-layout-flex\">\n<figure class=\"wp-block-image size-large\"><a href=\"https:\/\/topette.net\/wp-content\/uploads\/2023\/04\/P1210214-rotated.jpg\"><img loading=\"lazy\" decoding=\"async\" width=\"768\" height=\"1024\" data-id=\"7623\" src=\"https:\/\/topette.net\/wp-content\/uploads\/2023\/04\/P1210214-rotated.jpg\" alt=\"\" class=\"wp-image-7623\" srcset=\"https:\/\/topette.net\/wp-content\/uploads\/2023\/04\/P1210214-rotated.jpg 768w, https:\/\/topette.net\/wp-content\/uploads\/2023\/04\/P1210214-225x300.jpg 225w\" sizes=\"auto, (max-width: 709px) 85vw, (max-width: 909px) 67vw, (max-width: 984px) 61vw, (max-width: 1362px) 45vw, 600px\" \/><\/a><\/figure>\n\n\n\n<figure class=\"wp-block-image size-large\"><a href=\"https:\/\/topette.net\/wp-content\/uploads\/2023\/04\/P1210220-rotated.jpg\"><img loading=\"lazy\" decoding=\"async\" width=\"768\" height=\"1024\" data-id=\"7625\" src=\"https:\/\/topette.net\/wp-content\/uploads\/2023\/04\/P1210220-rotated.jpg\" alt=\"\" class=\"wp-image-7625\" srcset=\"https:\/\/topette.net\/wp-content\/uploads\/2023\/04\/P1210220-rotated.jpg 768w, https:\/\/topette.net\/wp-content\/uploads\/2023\/04\/P1210220-225x300.jpg 225w\" sizes=\"auto, (max-width: 709px) 85vw, (max-width: 909px) 67vw, (max-width: 984px) 61vw, (max-width: 1362px) 45vw, 600px\" \/><\/a><\/figure>\n\n\n\n<figure class=\"wp-block-image size-large\"><a href=\"https:\/\/topette.net\/wp-content\/uploads\/2023\/04\/P1210215.jpg\"><img loading=\"lazy\" decoding=\"async\" width=\"1024\" height=\"768\" data-id=\"7624\" src=\"https:\/\/topette.net\/wp-content\/uploads\/2023\/04\/P1210215.jpg\" alt=\"\" class=\"wp-image-7624\" srcset=\"https:\/\/topette.net\/wp-content\/uploads\/2023\/04\/P1210215.jpg 1024w, https:\/\/topette.net\/wp-content\/uploads\/2023\/04\/P1210215-300x225.jpg 300w, https:\/\/topette.net\/wp-content\/uploads\/2023\/04\/P1210215-768x576.jpg 768w\" sizes=\"auto, (max-width: 709px) 85vw, (max-width: 909px) 67vw, (max-width: 1362px) 62vw, 840px\" \/><\/a><\/figure>\n<figcaption class=\"blocks-gallery-caption wp-element-caption\"><em>Procession de la Semaine Sainte.<\/em><\/figcaption><\/figure>\n\n\n\n<p><\/p>\n\n\n\n<p>A 1h30 de bus de Popay\u00e1n (une cinquantaine de kilom\u00e8tres, \u00e7a roule plut\u00f4t bien) se trouve Silvia. Nich\u00e9s \u00e0 2800 m\u00e8tres d&#8217;altitude ses 35000 habitants, dont 80 % de la population est indig\u00e8ne, avec une forte communaut\u00e9 Misak (ou Guambianos), se retrouvent \u00e0 l&#8217;occasion du march\u00e9 qui a lieu le mardi.<\/p>\n\n\n\n<figure class=\"wp-block-gallery has-nested-images columns-default is-cropped wp-block-gallery-35 is-layout-flex wp-block-gallery-is-layout-flex\">\n<figure class=\"wp-block-image size-large\"><a href=\"https:\/\/topette.net\/wp-content\/uploads\/2023\/04\/P1210042.jpg\"><img loading=\"lazy\" decoding=\"async\" width=\"768\" height=\"1024\" data-id=\"7630\" src=\"https:\/\/topette.net\/wp-content\/uploads\/2023\/04\/P1210042-768x1024.jpg\" alt=\"\" class=\"wp-image-7630\" srcset=\"https:\/\/topette.net\/wp-content\/uploads\/2023\/04\/P1210042-768x1024.jpg 768w, https:\/\/topette.net\/wp-content\/uploads\/2023\/04\/P1210042-225x300.jpg 225w, https:\/\/topette.net\/wp-content\/uploads\/2023\/04\/P1210042.jpg 900w\" sizes=\"auto, (max-width: 709px) 85vw, (max-width: 909px) 67vw, (max-width: 984px) 61vw, (max-width: 1362px) 45vw, 600px\" \/><\/a><\/figure>\n<figcaption class=\"blocks-gallery-caption wp-element-caption\"><em>Silvia, le jour du march\u00e9.<\/em><\/figcaption><\/figure>\n\n\n\n<p><\/p>\n\n\n\n<p>Les Guambianos sont r\u00e9put\u00e9s pour leurs comp\u00e9tences en tissage et leurs produits tiss\u00e9s sont la principale source de revenus de la communaut\u00e9, chaque famille poss\u00e8de un m\u00e9tier \u00e0 tisser qui est utilis\u00e9 par les femmes pour fabriquer la plupart de leurs v\u00eatements, ainsi que les sacs \u00e0 dos qu&#8217;ils utilisent. Tr\u00e8s attach\u00e9s \u00e0 leurs traditions et coutumes, ils sont reconnaissables par leur tenue traditionnelle : chapeau trilby, jupe bleue et ch\u00e2le noir frang\u00e9 de rose pour les hommes et jupe noire et ch\u00e2le bleu frang\u00e9 de rose pour les femmes.<\/p>\n\n\n\n<figure class=\"wp-block-gallery has-nested-images columns-default is-cropped wp-block-gallery-36 is-layout-flex wp-block-gallery-is-layout-flex\">\n<figure class=\"wp-block-image size-large\"><a href=\"https:\/\/topette.net\/wp-content\/uploads\/2023\/04\/P1210090.jpg\"><img loading=\"lazy\" decoding=\"async\" width=\"768\" height=\"1024\" data-id=\"7631\" src=\"https:\/\/topette.net\/wp-content\/uploads\/2023\/04\/P1210090-768x1024.jpg\" alt=\"\" class=\"wp-image-7631\" srcset=\"https:\/\/topette.net\/wp-content\/uploads\/2023\/04\/P1210090-768x1024.jpg 768w, https:\/\/topette.net\/wp-content\/uploads\/2023\/04\/P1210090-225x300.jpg 225w, https:\/\/topette.net\/wp-content\/uploads\/2023\/04\/P1210090.jpg 900w\" sizes=\"auto, (max-width: 709px) 85vw, (max-width: 909px) 67vw, (max-width: 984px) 61vw, (max-width: 1362px) 45vw, 600px\" \/><\/a><\/figure>\n<figcaption class=\"blocks-gallery-caption wp-element-caption\"><em>Indiens Gambianos, les couleurs du costume sont invers\u00e9es entre les hommes et les femmes.<\/em><\/figcaption><\/figure>\n\n\n\n<p><\/p>\n\n\n\n<p>De plus cette communaut\u00e9 parle sa propre langue, le paez, ou \u2018nasa yuwe\u2019 en langue indienne (pour nous \u00e7a ne change pas grand-chose, vu qu&#8217;on a beaucoup de mal avec l&#8217;espagnol colombien). Du coup \u00e7a nous fait un march\u00e9 haut en couleur.<\/p>\n\n\n\n<figure class=\"wp-block-gallery has-nested-images columns-1 is-cropped wp-block-gallery-37 is-layout-flex wp-block-gallery-is-layout-flex\">\n<figure class=\"wp-block-image size-large\"><a href=\"https:\/\/topette.net\/wp-content\/uploads\/2023\/04\/P1210063.jpg\"><img loading=\"lazy\" decoding=\"async\" width=\"1024\" height=\"768\" data-id=\"7632\" src=\"https:\/\/topette.net\/wp-content\/uploads\/2023\/04\/P1210063-1024x768.jpg\" alt=\"\" class=\"wp-image-7632\" srcset=\"https:\/\/topette.net\/wp-content\/uploads\/2023\/04\/P1210063-1024x768.jpg 1024w, https:\/\/topette.net\/wp-content\/uploads\/2023\/04\/P1210063-300x225.jpg 300w, https:\/\/topette.net\/wp-content\/uploads\/2023\/04\/P1210063-768x576.jpg 768w, https:\/\/topette.net\/wp-content\/uploads\/2023\/04\/P1210063.jpg 1200w\" sizes=\"auto, (max-width: 709px) 85vw, (max-width: 909px) 67vw, (max-width: 1362px) 62vw, 840px\" \/><\/a><\/figure>\n\n\n\n<figure class=\"wp-block-image size-large\"><a href=\"https:\/\/topette.net\/wp-content\/uploads\/2023\/04\/P1210071.jpg\"><img loading=\"lazy\" decoding=\"async\" width=\"1024\" height=\"768\" data-id=\"7633\" src=\"https:\/\/topette.net\/wp-content\/uploads\/2023\/04\/P1210071-1024x768.jpg\" alt=\"\" class=\"wp-image-7633\" srcset=\"https:\/\/topette.net\/wp-content\/uploads\/2023\/04\/P1210071-1024x768.jpg 1024w, https:\/\/topette.net\/wp-content\/uploads\/2023\/04\/P1210071-300x225.jpg 300w, https:\/\/topette.net\/wp-content\/uploads\/2023\/04\/P1210071-768x576.jpg 768w, https:\/\/topette.net\/wp-content\/uploads\/2023\/04\/P1210071.jpg 1200w\" sizes=\"auto, (max-width: 709px) 85vw, (max-width: 909px) 67vw, (max-width: 1362px) 62vw, 840px\" \/><\/a><\/figure>\n<figcaption class=\"blocks-gallery-caption wp-element-caption\"><em>March\u00e9 de Silvia.<\/em><\/figcaption><\/figure>\n\n\n\n<p><\/p>\n\n\n\n<p>A l&#8217;abri d&#8217;une halle, le march\u00e9 est divis\u00e9 en diff\u00e9rentes zones. Les fruits, les l\u00e9gumes, les sucreries, l&#8217;artisanat, la quincaillerie, la viande, les visc\u00e8res (on a regard\u00e9 que le panneau). Et puis surtout, toutes sortes de patates et aussi la Panela. On en voit un peu partout ; en gros c&#8217;est du jus de canne \u00e0 sucre solidifi\u00e9.<\/p>\n\n\n\n<figure class=\"wp-block-gallery has-nested-images columns-default is-cropped wp-block-gallery-38 is-layout-flex wp-block-gallery-is-layout-flex\">\n<figure class=\"wp-block-image size-large\"><a href=\"https:\/\/topette.net\/wp-content\/uploads\/2023\/04\/P1210074.jpg\"><img loading=\"lazy\" decoding=\"async\" width=\"1024\" height=\"768\" data-id=\"7634\" src=\"https:\/\/topette.net\/wp-content\/uploads\/2023\/04\/P1210074-1024x768.jpg\" alt=\"\" class=\"wp-image-7634\" srcset=\"https:\/\/topette.net\/wp-content\/uploads\/2023\/04\/P1210074-1024x768.jpg 1024w, https:\/\/topette.net\/wp-content\/uploads\/2023\/04\/P1210074-300x225.jpg 300w, https:\/\/topette.net\/wp-content\/uploads\/2023\/04\/P1210074-768x576.jpg 768w, https:\/\/topette.net\/wp-content\/uploads\/2023\/04\/P1210074.jpg 1200w\" sizes=\"auto, (max-width: 709px) 85vw, (max-width: 909px) 67vw, (max-width: 1362px) 62vw, 840px\" \/><\/a><\/figure>\n<figcaption class=\"blocks-gallery-caption wp-element-caption\"><em>La Panela.<\/em><\/figcaption><\/figure>\n\n\n\n<p><\/p>\n\n\n\n<p>On vous met quelques photos des indiens Guambianos faisant leur march\u00e9 ou attendant le bus (ou la jeep) pour rentrer chez eux. On les trouve superbes dans leur costume traditionnel. <\/p>\n\n\n\n<figure class=\"wp-block-gallery has-nested-images columns-2 is-cropped wp-block-gallery-39 is-layout-flex wp-block-gallery-is-layout-flex\">\n<figure class=\"wp-block-image size-large\"><a href=\"https:\/\/topette.net\/wp-content\/uploads\/2023\/04\/P1210076.jpg\"><img loading=\"lazy\" decoding=\"async\" width=\"768\" height=\"1024\" data-id=\"7635\" src=\"https:\/\/topette.net\/wp-content\/uploads\/2023\/04\/P1210076-768x1024.jpg\" alt=\"\" class=\"wp-image-7635\" srcset=\"https:\/\/topette.net\/wp-content\/uploads\/2023\/04\/P1210076-768x1024.jpg 768w, https:\/\/topette.net\/wp-content\/uploads\/2023\/04\/P1210076-225x300.jpg 225w, https:\/\/topette.net\/wp-content\/uploads\/2023\/04\/P1210076.jpg 900w\" sizes=\"auto, (max-width: 709px) 85vw, (max-width: 909px) 67vw, (max-width: 984px) 61vw, (max-width: 1362px) 45vw, 600px\" \/><\/a><\/figure>\n\n\n\n<figure class=\"wp-block-image size-large\"><a href=\"https:\/\/topette.net\/wp-content\/uploads\/2023\/04\/P1210082.jpg\"><img loading=\"lazy\" decoding=\"async\" width=\"768\" height=\"1024\" data-id=\"7636\" src=\"https:\/\/topette.net\/wp-content\/uploads\/2023\/04\/P1210082-768x1024.jpg\" alt=\"\" class=\"wp-image-7636\" srcset=\"https:\/\/topette.net\/wp-content\/uploads\/2023\/04\/P1210082-768x1024.jpg 768w, https:\/\/topette.net\/wp-content\/uploads\/2023\/04\/P1210082-225x300.jpg 225w, https:\/\/topette.net\/wp-content\/uploads\/2023\/04\/P1210082.jpg 900w\" sizes=\"auto, (max-width: 709px) 85vw, (max-width: 909px) 67vw, (max-width: 984px) 61vw, (max-width: 1362px) 45vw, 600px\" \/><\/a><\/figure>\n\n\n\n<figure class=\"wp-block-image size-large\"><a href=\"https:\/\/topette.net\/wp-content\/uploads\/2023\/04\/P1210102.jpg\"><img loading=\"lazy\" decoding=\"async\" width=\"768\" height=\"1024\" data-id=\"7637\" src=\"https:\/\/topette.net\/wp-content\/uploads\/2023\/04\/P1210102-768x1024.jpg\" alt=\"\" class=\"wp-image-7637\" srcset=\"https:\/\/topette.net\/wp-content\/uploads\/2023\/04\/P1210102-768x1024.jpg 768w, https:\/\/topette.net\/wp-content\/uploads\/2023\/04\/P1210102-225x300.jpg 225w, https:\/\/topette.net\/wp-content\/uploads\/2023\/04\/P1210102.jpg 900w\" sizes=\"auto, (max-width: 709px) 85vw, (max-width: 909px) 67vw, (max-width: 984px) 61vw, (max-width: 1362px) 45vw, 600px\" \/><\/a><\/figure>\n\n\n\n<figure class=\"wp-block-image size-large\"><a href=\"https:\/\/topette.net\/wp-content\/uploads\/2023\/04\/P1210114.jpg\"><img loading=\"lazy\" decoding=\"async\" width=\"768\" height=\"1024\" data-id=\"7638\" src=\"https:\/\/topette.net\/wp-content\/uploads\/2023\/04\/P1210114-768x1024.jpg\" alt=\"\" class=\"wp-image-7638\" srcset=\"https:\/\/topette.net\/wp-content\/uploads\/2023\/04\/P1210114-768x1024.jpg 768w, https:\/\/topette.net\/wp-content\/uploads\/2023\/04\/P1210114-225x300.jpg 225w, https:\/\/topette.net\/wp-content\/uploads\/2023\/04\/P1210114.jpg 900w\" sizes=\"auto, (max-width: 709px) 85vw, (max-width: 909px) 67vw, (max-width: 984px) 61vw, (max-width: 1362px) 45vw, 600px\" \/><\/a><\/figure>\n\n\n\n<figure class=\"wp-block-image size-large\"><a href=\"https:\/\/topette.net\/wp-content\/uploads\/2023\/04\/P1210083.jpg\"><img loading=\"lazy\" decoding=\"async\" width=\"1024\" height=\"768\" data-id=\"7642\" src=\"https:\/\/topette.net\/wp-content\/uploads\/2023\/04\/P1210083-1024x768.jpg\" alt=\"\" class=\"wp-image-7642\" srcset=\"https:\/\/topette.net\/wp-content\/uploads\/2023\/04\/P1210083-1024x768.jpg 1024w, https:\/\/topette.net\/wp-content\/uploads\/2023\/04\/P1210083-300x225.jpg 300w, https:\/\/topette.net\/wp-content\/uploads\/2023\/04\/P1210083-768x576.jpg 768w, https:\/\/topette.net\/wp-content\/uploads\/2023\/04\/P1210083.jpg 1200w\" sizes=\"auto, (max-width: 709px) 85vw, (max-width: 909px) 67vw, (max-width: 1362px) 62vw, 840px\" \/><\/a><\/figure>\n<figcaption class=\"blocks-gallery-caption wp-element-caption\"><em>Indiens Guambianos au march\u00e9 de Silvia.<\/em><\/figcaption><\/figure>\n\n\n\n<p><\/p>\n\n\n\n<figure class=\"wp-block-gallery has-nested-images columns-2 is-cropped wp-block-gallery-40 is-layout-flex wp-block-gallery-is-layout-flex\">\n<figure class=\"wp-block-image size-large\"><a href=\"https:\/\/topette.net\/wp-content\/uploads\/2023\/04\/P1210044.jpg\"><img loading=\"lazy\" decoding=\"async\" width=\"1024\" height=\"768\" data-id=\"7639\" src=\"https:\/\/topette.net\/wp-content\/uploads\/2023\/04\/P1210044-1024x768.jpg\" alt=\"\" class=\"wp-image-7639\" srcset=\"https:\/\/topette.net\/wp-content\/uploads\/2023\/04\/P1210044-1024x768.jpg 1024w, https:\/\/topette.net\/wp-content\/uploads\/2023\/04\/P1210044-300x225.jpg 300w, https:\/\/topette.net\/wp-content\/uploads\/2023\/04\/P1210044-768x576.jpg 768w, https:\/\/topette.net\/wp-content\/uploads\/2023\/04\/P1210044.jpg 1200w\" sizes=\"auto, (max-width: 709px) 85vw, (max-width: 909px) 67vw, (max-width: 1362px) 62vw, 840px\" \/><\/a><\/figure>\n\n\n\n<figure class=\"wp-block-image size-large\"><a href=\"https:\/\/topette.net\/wp-content\/uploads\/2023\/04\/P1210088.jpg\"><img loading=\"lazy\" decoding=\"async\" width=\"1024\" height=\"768\" data-id=\"7640\" src=\"https:\/\/topette.net\/wp-content\/uploads\/2023\/04\/P1210088-1024x768.jpg\" alt=\"\" class=\"wp-image-7640\" srcset=\"https:\/\/topette.net\/wp-content\/uploads\/2023\/04\/P1210088-1024x768.jpg 1024w, https:\/\/topette.net\/wp-content\/uploads\/2023\/04\/P1210088-300x225.jpg 300w, https:\/\/topette.net\/wp-content\/uploads\/2023\/04\/P1210088-768x576.jpg 768w, https:\/\/topette.net\/wp-content\/uploads\/2023\/04\/P1210088.jpg 1200w\" sizes=\"auto, (max-width: 709px) 85vw, (max-width: 909px) 67vw, (max-width: 1362px) 62vw, 840px\" \/><\/a><\/figure>\n\n\n\n<figure class=\"wp-block-image size-large\"><a href=\"https:\/\/topette.net\/wp-content\/uploads\/2023\/04\/P1210116.jpg\"><img loading=\"lazy\" decoding=\"async\" width=\"1024\" height=\"768\" data-id=\"7641\" src=\"https:\/\/topette.net\/wp-content\/uploads\/2023\/04\/P1210116-1024x768.jpg\" alt=\"\" class=\"wp-image-7641\" srcset=\"https:\/\/topette.net\/wp-content\/uploads\/2023\/04\/P1210116-1024x768.jpg 1024w, https:\/\/topette.net\/wp-content\/uploads\/2023\/04\/P1210116-300x225.jpg 300w, https:\/\/topette.net\/wp-content\/uploads\/2023\/04\/P1210116-768x576.jpg 768w, https:\/\/topette.net\/wp-content\/uploads\/2023\/04\/P1210116.jpg 1200w\" sizes=\"auto, (max-width: 709px) 85vw, (max-width: 909px) 67vw, (max-width: 1362px) 62vw, 840px\" \/><\/a><\/figure>\n<figcaption class=\"blocks-gallery-caption wp-element-caption\"><em>En attendant les bus, qui vont \u00eatre bien charg\u00e9s !<\/em><\/figcaption><\/figure>\n\n\n\n<p><\/p>\n\n\n\n<p>On a fait comme eux, on a pris le bus, mais on est rentr\u00e9 \u00e0 Popay\u00e1n. Le lendemain nous gagnons le terminal de bus avec un faux-Uber (un copain de la r\u00e9ceptionniste qui a une voiture quoi) et nous prenons le bus qui part \u00e0 10h24 et nous d\u00e9pose \u00e0 14h45 \u00e0 Cali. Taxi (un vrai, donc qui ne connait pas la route) jusqu&#8217;\u00e0 notre h\u00e9bergement qualit\u00e9 plut\u00f4t bonne pioche (surtout pour les espaces communs, les chambres bof-bof).<\/p>\n\n\n\n<figure class=\"wp-block-gallery has-nested-images columns-default is-cropped wp-block-gallery-41 is-layout-flex wp-block-gallery-is-layout-flex\">\n<figure class=\"wp-block-image size-large\"><a href=\"https:\/\/topette.net\/wp-content\/uploads\/2023\/04\/P1210233.jpg\"><img loading=\"lazy\" decoding=\"async\" width=\"1024\" height=\"768\" data-id=\"7645\" src=\"https:\/\/topette.net\/wp-content\/uploads\/2023\/04\/P1210233-1024x768.jpg\" alt=\"\" class=\"wp-image-7645\" srcset=\"https:\/\/topette.net\/wp-content\/uploads\/2023\/04\/P1210233-1024x768.jpg 1024w, https:\/\/topette.net\/wp-content\/uploads\/2023\/04\/P1210233-300x225.jpg 300w, https:\/\/topette.net\/wp-content\/uploads\/2023\/04\/P1210233-768x576.jpg 768w, https:\/\/topette.net\/wp-content\/uploads\/2023\/04\/P1210233.jpg 1200w\" sizes=\"auto, (max-width: 709px) 85vw, (max-width: 909px) 67vw, (max-width: 1362px) 62vw, 840px\" \/><\/a><\/figure>\n<figcaption class=\"blocks-gallery-caption wp-element-caption\"><em>Cali.<\/em><\/figcaption><\/figure>\n\n\n\n<p><\/p>\n\n\n\n<p>A part le petit restaurant sympa qu&#8217;on s&#8217;est d\u00e9gott\u00e9 tout pr\u00e8s de notre h\u00e9bergement, Cali ne nous laissera pas de souvenir imp\u00e9rissable (en m\u00eame temps on n&#8217;a fait qu&#8217;y passer deux nuits). Fond\u00e9e en 1536, son nom complet est Santiago de Cali et avec ses 2 500 000 habitants c&#8217;est la troisi\u00e8me ville la plus peupl\u00e9e de Colombie.<\/p>\n\n\n\n<figure class=\"wp-block-gallery has-nested-images columns-default is-cropped wp-block-gallery-42 is-layout-flex wp-block-gallery-is-layout-flex\">\n<figure class=\"wp-block-image size-large\"><a href=\"https:\/\/topette.net\/wp-content\/uploads\/2023\/04\/P1210245.jpg\"><img loading=\"lazy\" decoding=\"async\" width=\"768\" height=\"1024\" data-id=\"7647\" src=\"https:\/\/topette.net\/wp-content\/uploads\/2023\/04\/P1210245-768x1024.jpg\" alt=\"\" class=\"wp-image-7647\" srcset=\"https:\/\/topette.net\/wp-content\/uploads\/2023\/04\/P1210245-768x1024.jpg 768w, https:\/\/topette.net\/wp-content\/uploads\/2023\/04\/P1210245-225x300.jpg 225w, https:\/\/topette.net\/wp-content\/uploads\/2023\/04\/P1210245.jpg 900w\" sizes=\"auto, (max-width: 709px) 85vw, (max-width: 909px) 67vw, (max-width: 984px) 61vw, (max-width: 1362px) 45vw, 600px\" \/><\/a><\/figure>\n\n\n\n<figure class=\"wp-block-image size-large\"><a href=\"https:\/\/topette.net\/wp-content\/uploads\/2023\/04\/P1210249.jpg\"><img loading=\"lazy\" decoding=\"async\" width=\"768\" height=\"1024\" data-id=\"7648\" src=\"https:\/\/topette.net\/wp-content\/uploads\/2023\/04\/P1210249-768x1024.jpg\" alt=\"\" class=\"wp-image-7648\" srcset=\"https:\/\/topette.net\/wp-content\/uploads\/2023\/04\/P1210249-768x1024.jpg 768w, https:\/\/topette.net\/wp-content\/uploads\/2023\/04\/P1210249-225x300.jpg 225w, https:\/\/topette.net\/wp-content\/uploads\/2023\/04\/P1210249.jpg 900w\" sizes=\"auto, (max-width: 709px) 85vw, (max-width: 909px) 67vw, (max-width: 984px) 61vw, (max-width: 1362px) 45vw, 600px\" \/><\/a><\/figure>\n<figcaption class=\"blocks-gallery-caption wp-element-caption\"><em>Maisons color\u00e9es \u00e0 Cali.<\/em><\/figcaption><\/figure>\n\n\n\n<p><\/p>\n\n\n\n<p>Domin\u00e9 par la chapelle et le parc dont il a h\u00e9rit\u00e9 le nom, le quartier de San Antonio o\u00f9 nous logeons est l\u2019un des plus vieux quartiers de Cali. C&#8217;est un m\u00e9lange entre street art, maisons color\u00e9es, caf\u00e9s et restaurants charmants.<\/p>\n\n\n\n<figure class=\"wp-block-gallery has-nested-images columns-2 is-cropped wp-block-gallery-43 is-layout-flex wp-block-gallery-is-layout-flex\">\n<figure class=\"wp-block-image size-large\"><a href=\"https:\/\/topette.net\/wp-content\/uploads\/2023\/04\/P1210235.jpg\"><img loading=\"lazy\" decoding=\"async\" width=\"1024\" height=\"768\" data-id=\"7649\" src=\"https:\/\/topette.net\/wp-content\/uploads\/2023\/04\/P1210235-1024x768.jpg\" alt=\"\" class=\"wp-image-7649\" srcset=\"https:\/\/topette.net\/wp-content\/uploads\/2023\/04\/P1210235-1024x768.jpg 1024w, https:\/\/topette.net\/wp-content\/uploads\/2023\/04\/P1210235-300x225.jpg 300w, https:\/\/topette.net\/wp-content\/uploads\/2023\/04\/P1210235-768x576.jpg 768w, https:\/\/topette.net\/wp-content\/uploads\/2023\/04\/P1210235.jpg 1200w\" sizes=\"auto, (max-width: 709px) 85vw, (max-width: 909px) 67vw, (max-width: 1362px) 62vw, 840px\" \/><\/a><\/figure>\n\n\n\n<figure class=\"wp-block-image size-large\"><a href=\"https:\/\/topette.net\/wp-content\/uploads\/2023\/04\/P1210240.jpg\"><img loading=\"lazy\" decoding=\"async\" width=\"1024\" height=\"768\" data-id=\"7650\" src=\"https:\/\/topette.net\/wp-content\/uploads\/2023\/04\/P1210240-1024x768.jpg\" alt=\"\" class=\"wp-image-7650\" srcset=\"https:\/\/topette.net\/wp-content\/uploads\/2023\/04\/P1210240-1024x768.jpg 1024w, https:\/\/topette.net\/wp-content\/uploads\/2023\/04\/P1210240-300x225.jpg 300w, https:\/\/topette.net\/wp-content\/uploads\/2023\/04\/P1210240-768x576.jpg 768w, https:\/\/topette.net\/wp-content\/uploads\/2023\/04\/P1210240.jpg 1200w\" sizes=\"auto, (max-width: 709px) 85vw, (max-width: 909px) 67vw, (max-width: 1362px) 62vw, 840px\" \/><\/a><\/figure>\n\n\n\n<figure class=\"wp-block-image size-large\"><a href=\"https:\/\/topette.net\/wp-content\/uploads\/2023\/04\/P1210247.jpg\"><img loading=\"lazy\" decoding=\"async\" width=\"1024\" height=\"768\" data-id=\"7651\" src=\"https:\/\/topette.net\/wp-content\/uploads\/2023\/04\/P1210247-1024x768.jpg\" alt=\"\" class=\"wp-image-7651\" srcset=\"https:\/\/topette.net\/wp-content\/uploads\/2023\/04\/P1210247-1024x768.jpg 1024w, https:\/\/topette.net\/wp-content\/uploads\/2023\/04\/P1210247-300x225.jpg 300w, https:\/\/topette.net\/wp-content\/uploads\/2023\/04\/P1210247-768x576.jpg 768w, https:\/\/topette.net\/wp-content\/uploads\/2023\/04\/P1210247.jpg 1200w\" sizes=\"auto, (max-width: 709px) 85vw, (max-width: 909px) 67vw, (max-width: 1362px) 62vw, 840px\" \/><\/a><\/figure>\n\n\n\n<figure class=\"wp-block-image size-large\"><a href=\"https:\/\/topette.net\/wp-content\/uploads\/2023\/04\/P1210272-1.jpg\"><img loading=\"lazy\" decoding=\"async\" width=\"1024\" height=\"768\" data-id=\"7652\" src=\"https:\/\/topette.net\/wp-content\/uploads\/2023\/04\/P1210272-1-1024x768.jpg\" alt=\"\" class=\"wp-image-7652\" srcset=\"https:\/\/topette.net\/wp-content\/uploads\/2023\/04\/P1210272-1-1024x768.jpg 1024w, https:\/\/topette.net\/wp-content\/uploads\/2023\/04\/P1210272-1-300x225.jpg 300w, https:\/\/topette.net\/wp-content\/uploads\/2023\/04\/P1210272-1-768x576.jpg 768w, https:\/\/topette.net\/wp-content\/uploads\/2023\/04\/P1210272-1.jpg 1200w\" sizes=\"auto, (max-width: 709px) 85vw, (max-width: 909px) 67vw, (max-width: 1362px) 62vw, 840px\" \/><\/a><\/figure>\n<figcaption class=\"blocks-gallery-caption wp-element-caption\"><em>Le quartier San Antonio et son \u00e9glise.<\/em><\/figcaption><\/figure>\n\n\n\n<p><\/p>\n\n\n\n<p>Cali est la capitale mondiale de la Salsa. L\u2019une des \u00e9coles de salsa la plus r\u00e9put\u00e9e \u00e0 Cali est Salsa pura, justement situ\u00e9e dans le quartier de San Antonio. On est pass\u00e9 devant mais manque de chance, elle \u00e9tait ferm\u00e9e&#8230;<\/p>\n\n\n\n<figure class=\"wp-block-gallery has-nested-images columns-2 is-cropped wp-block-gallery-44 is-layout-flex wp-block-gallery-is-layout-flex\">\n<figure class=\"wp-block-image size-large\"><a href=\"https:\/\/topette.net\/wp-content\/uploads\/2023\/04\/P1210242.jpg\"><img loading=\"lazy\" decoding=\"async\" width=\"768\" height=\"1024\" data-id=\"7654\" src=\"https:\/\/topette.net\/wp-content\/uploads\/2023\/04\/P1210242-768x1024.jpg\" alt=\"\" class=\"wp-image-7654\" srcset=\"https:\/\/topette.net\/wp-content\/uploads\/2023\/04\/P1210242-768x1024.jpg 768w, https:\/\/topette.net\/wp-content\/uploads\/2023\/04\/P1210242-225x300.jpg 225w, https:\/\/topette.net\/wp-content\/uploads\/2023\/04\/P1210242.jpg 900w\" sizes=\"auto, (max-width: 709px) 85vw, (max-width: 909px) 67vw, (max-width: 984px) 61vw, (max-width: 1362px) 45vw, 600px\" \/><\/a><\/figure>\n\n\n\n<figure class=\"wp-block-image size-large\"><a href=\"https:\/\/topette.net\/wp-content\/uploads\/2023\/04\/P1210228.jpg\"><img loading=\"lazy\" decoding=\"async\" width=\"768\" height=\"1024\" data-id=\"7653\" src=\"https:\/\/topette.net\/wp-content\/uploads\/2023\/04\/P1210228-768x1024.jpg\" alt=\"\" class=\"wp-image-7653\" srcset=\"https:\/\/topette.net\/wp-content\/uploads\/2023\/04\/P1210228-768x1024.jpg 768w, https:\/\/topette.net\/wp-content\/uploads\/2023\/04\/P1210228-225x300.jpg 225w, https:\/\/topette.net\/wp-content\/uploads\/2023\/04\/P1210228.jpg 900w\" sizes=\"auto, (max-width: 709px) 85vw, (max-width: 909px) 67vw, (max-width: 984px) 61vw, (max-width: 1362px) 45vw, 600px\" \/><\/a><\/figure>\n\n\n\n<figure class=\"wp-block-image size-large\"><a href=\"https:\/\/topette.net\/wp-content\/uploads\/2023\/04\/P1210250.jpg\"><img loading=\"lazy\" decoding=\"async\" width=\"768\" height=\"1024\" data-id=\"7657\" src=\"https:\/\/topette.net\/wp-content\/uploads\/2023\/04\/P1210250-768x1024.jpg\" alt=\"\" class=\"wp-image-7657\" srcset=\"https:\/\/topette.net\/wp-content\/uploads\/2023\/04\/P1210250-768x1024.jpg 768w, https:\/\/topette.net\/wp-content\/uploads\/2023\/04\/P1210250-225x300.jpg 225w, https:\/\/topette.net\/wp-content\/uploads\/2023\/04\/P1210250.jpg 900w\" sizes=\"auto, (max-width: 709px) 85vw, (max-width: 909px) 67vw, (max-width: 984px) 61vw, (max-width: 1362px) 45vw, 600px\" \/><\/a><\/figure>\n\n\n\n<figure class=\"wp-block-image size-large\"><a href=\"https:\/\/topette.net\/wp-content\/uploads\/2023\/04\/P1210270.jpg\"><img loading=\"lazy\" decoding=\"async\" width=\"768\" height=\"1024\" data-id=\"7658\" src=\"https:\/\/topette.net\/wp-content\/uploads\/2023\/04\/P1210270-768x1024.jpg\" alt=\"\" class=\"wp-image-7658\" srcset=\"https:\/\/topette.net\/wp-content\/uploads\/2023\/04\/P1210270-768x1024.jpg 768w, https:\/\/topette.net\/wp-content\/uploads\/2023\/04\/P1210270-225x300.jpg 225w, https:\/\/topette.net\/wp-content\/uploads\/2023\/04\/P1210270.jpg 900w\" sizes=\"auto, (max-width: 709px) 85vw, (max-width: 909px) 67vw, (max-width: 984px) 61vw, (max-width: 1362px) 45vw, 600px\" \/><\/a><\/figure>\n\n\n\n<figure class=\"wp-block-image size-large\"><a href=\"https:\/\/topette.net\/wp-content\/uploads\/2023\/04\/P1210268.jpg\"><img loading=\"lazy\" decoding=\"async\" width=\"768\" height=\"1024\" data-id=\"7655\" src=\"https:\/\/topette.net\/wp-content\/uploads\/2023\/04\/P1210268-768x1024.jpg\" alt=\"\" class=\"wp-image-7655\" srcset=\"https:\/\/topette.net\/wp-content\/uploads\/2023\/04\/P1210268-768x1024.jpg 768w, https:\/\/topette.net\/wp-content\/uploads\/2023\/04\/P1210268-225x300.jpg 225w, https:\/\/topette.net\/wp-content\/uploads\/2023\/04\/P1210268.jpg 900w\" sizes=\"auto, (max-width: 709px) 85vw, (max-width: 909px) 67vw, (max-width: 984px) 61vw, (max-width: 1362px) 45vw, 600px\" \/><\/a><\/figure>\n\n\n\n<figure class=\"wp-block-image size-large\"><a href=\"https:\/\/topette.net\/wp-content\/uploads\/2023\/04\/P1210266.jpg\"><img loading=\"lazy\" decoding=\"async\" width=\"768\" height=\"1024\" data-id=\"7656\" src=\"https:\/\/topette.net\/wp-content\/uploads\/2023\/04\/P1210266-768x1024.jpg\" alt=\"\" class=\"wp-image-7656\" srcset=\"https:\/\/topette.net\/wp-content\/uploads\/2023\/04\/P1210266-768x1024.jpg 768w, https:\/\/topette.net\/wp-content\/uploads\/2023\/04\/P1210266-225x300.jpg 225w, https:\/\/topette.net\/wp-content\/uploads\/2023\/04\/P1210266.jpg 900w\" sizes=\"auto, (max-width: 709px) 85vw, (max-width: 909px) 67vw, (max-width: 984px) 61vw, (max-width: 1362px) 45vw, 600px\" \/><\/a><\/figure>\n<figcaption class=\"blocks-gallery-caption wp-element-caption\"><em>Le quartier San Antonio \u00e0 Cali.<\/em><\/figcaption><\/figure>\n\n\n\n<p><\/p>\n\n\n\n<p>Au d\u00e9tour d&#8217;une petite rue, on est tomb\u00e9 sur la Linterna. C\u2019est la derni\u00e8re imprimerie artisanale de Colombie. Elle a \u00e9t\u00e9 inaugur\u00e9e en 1934 et ne cesse de fonctionner depuis avec des machines anciennes et authentiques, dont une Fran\u00e7aise datant de 1870. Pas de chance c&#8217;\u00e9tait aussi ferm\u00e9, on a d\u00fb se contenter d&#8217;admirer la fa\u00e7ade faite d&#8217;une multitude d&#8217;affiches.<\/p>\n\n\n\n<figure class=\"wp-block-gallery has-nested-images columns-1 is-cropped wp-block-gallery-45 is-layout-flex wp-block-gallery-is-layout-flex\">\n<figure class=\"wp-block-image size-large\"><a href=\"https:\/\/topette.net\/wp-content\/uploads\/2023\/04\/P1210253.jpg\"><img loading=\"lazy\" decoding=\"async\" width=\"1024\" height=\"768\" data-id=\"7659\" src=\"https:\/\/topette.net\/wp-content\/uploads\/2023\/04\/P1210253-1024x768.jpg\" alt=\"\" class=\"wp-image-7659\" srcset=\"https:\/\/topette.net\/wp-content\/uploads\/2023\/04\/P1210253-1024x768.jpg 1024w, https:\/\/topette.net\/wp-content\/uploads\/2023\/04\/P1210253-300x225.jpg 300w, https:\/\/topette.net\/wp-content\/uploads\/2023\/04\/P1210253-768x576.jpg 768w, https:\/\/topette.net\/wp-content\/uploads\/2023\/04\/P1210253.jpg 1200w\" sizes=\"auto, (max-width: 709px) 85vw, (max-width: 909px) 67vw, (max-width: 1362px) 62vw, 840px\" \/><\/a><\/figure>\n\n\n\n<figure class=\"wp-block-image size-large\"><a href=\"https:\/\/topette.net\/wp-content\/uploads\/2023\/04\/P1210254.jpg\"><img loading=\"lazy\" decoding=\"async\" width=\"768\" height=\"1024\" data-id=\"7660\" src=\"https:\/\/topette.net\/wp-content\/uploads\/2023\/04\/P1210254-768x1024.jpg\" alt=\"\" class=\"wp-image-7660\" srcset=\"https:\/\/topette.net\/wp-content\/uploads\/2023\/04\/P1210254-768x1024.jpg 768w, https:\/\/topette.net\/wp-content\/uploads\/2023\/04\/P1210254-225x300.jpg 225w, https:\/\/topette.net\/wp-content\/uploads\/2023\/04\/P1210254.jpg 900w\" sizes=\"auto, (max-width: 709px) 85vw, (max-width: 909px) 67vw, (max-width: 984px) 61vw, (max-width: 1362px) 45vw, 600px\" \/><\/a><\/figure>\n<figcaption class=\"blocks-gallery-caption wp-element-caption\"><em>La fa\u00e7ade de la Linterna.<\/em><\/figcaption><\/figure>\n\n\n\n<p><\/p>\n\n\n\n<p>L&#8217;une d&#8217;elle nous a particuli\u00e8rement tap\u00e9e dans l&#8217;\u0153il, celle de la tourn\u00e9e Cargo 92 de la Mano Negra ! Cette tourn\u00e9e avait \u00e9t\u00e9 mise sur pied \u00e0 l&#8217;occasion du 500e anniversaire de la d\u00e9couverte de l&#8217;Am\u00e9rique par Christophe Colomb. La compagnie Royal de luxe, la Mano Negra, Philippe Genty et Philippe D\u00e9coufl\u00e9 d\u00e9cident de refaire le voyage \u00e0 bord d&#8217;un vieux cargo, achet\u00e9 et retap\u00e9 pour l&#8217;occasion, le Melquiad\u00e8s.<\/p>\n\n\n\n<figure class=\"wp-block-gallery has-nested-images columns-default is-cropped wp-block-gallery-46 is-layout-flex wp-block-gallery-is-layout-flex\">\n<figure class=\"wp-block-image size-large\"><a href=\"https:\/\/topette.net\/wp-content\/uploads\/2023\/04\/P1210255.jpg\"><img loading=\"lazy\" decoding=\"async\" width=\"768\" height=\"1024\" data-id=\"7661\" src=\"https:\/\/topette.net\/wp-content\/uploads\/2023\/04\/P1210255-768x1024.jpg\" alt=\"\" class=\"wp-image-7661\" srcset=\"https:\/\/topette.net\/wp-content\/uploads\/2023\/04\/P1210255-768x1024.jpg 768w, https:\/\/topette.net\/wp-content\/uploads\/2023\/04\/P1210255-225x300.jpg 225w, https:\/\/topette.net\/wp-content\/uploads\/2023\/04\/P1210255.jpg 900w\" sizes=\"auto, (max-width: 709px) 85vw, (max-width: 909px) 67vw, (max-width: 984px) 61vw, (max-width: 1362px) 45vw, 600px\" \/><\/a><\/figure>\n<figcaption class=\"blocks-gallery-caption wp-element-caption\"><em>Une affiche du tour Cargo 92 de la Mano Negra.<\/em><\/figcaption><\/figure>\n\n\n\n<p><\/p>\n\n\n\n<p>Une rue de Nantes avait \u00e9t\u00e9 reproduite \u00e0 l\u2019identique dans la cale du cargo. Dans 7 ports et 6 pays de la fa\u00e7ade Atlantique d\u2019Am\u00e9rique latine, Royal de Luxe pr\u00e9sente &#8220;La v\u00e9ritable histoire de France&#8221; et la Mano Negra assure des concerts. L&#8217;ann\u00e9e suivante la Mano Negra repartait pour une tourn\u00e9e en Colombie, mais en train cette fois !<\/p>\n\n\n\n<p>Souvenir, souvenir, on monte le son, c&#8217;est du soleil plein les oreilles !!!<\/p>\n\n\n\n<figure class=\"wp-block-video\"><video height=\"720\" style=\"aspect-ratio: 1280 \/ 720;\" width=\"1280\" controls src=\"https:\/\/topette.net\/wp-content\/uploads\/2023\/04\/Mano-Negra-Mala-Vida-Official-Music-Video.mp4\"><\/video><\/figure>\n\n\n\n<p><\/p>\n\n\n\n<p>Profitez bien, nous on reprend la route en direction de la zone cafetera. On vous racontera \u00e7a dans le prochain (et peut-\u00eatre dernier ?) article.<\/p>\n\n\n\n<p>Allez, Topette !<\/p>\n\n\n\n<p><\/p>\n","protected":false},"excerpt":{"rendered":"<p>*Colombie, le risque c&#8217;est que tu veuilles rester C&#8217;est le nouveau slogan de la Colombie qui veut changer son image actuelle \u00e0 l&#8217;\u00e9tranger (Colombie = pays \u00e0 risques) pour pouvoir d\u00e9velopper le tourisme. L&#8217;id\u00e9al \u00e7a serait qu&#8217;ils en profitent pour am\u00e9liorer le fonctionnement des bus. La preuve pour aller de Bogota \u00e0 San Agust\u00edn, Google &hellip; <a href=\"https:\/\/topette.net\/?p=7527\" class=\"more-link\">Continuer la lecture<span class=\"screen-reader-text\"> de &laquo;&nbsp;Colombia, el riesgo es que te quieras quedar*&nbsp;&raquo;<\/span><\/a><\/p>\n","protected":false},"author":2,"featured_media":0,"comment_status":"open","ping_status":"closed","sticky":false,"template":"","format":"standard","meta":{"_s2mail":"","footnotes":""},"categories":[102,112],"tags":[],"class_list":["post-7527","post","type-post","status-publish","format-standard","hentry","category-amerique-centrale-2022-2023","category-colombie"],"_links":{"self":[{"href":"https:\/\/topette.net\/index.php?rest_route=\/wp\/v2\/posts\/7527","targetHints":{"allow":["GET"]}}],"collection":[{"href":"https:\/\/topette.net\/index.php?rest_route=\/wp\/v2\/posts"}],"about":[{"href":"https:\/\/topette.net\/index.php?rest_route=\/wp\/v2\/types\/post"}],"author":[{"embeddable":true,"href":"https:\/\/topette.net\/index.php?rest_route=\/wp\/v2\/users\/2"}],"replies":[{"embeddable":true,"href":"https:\/\/topette.net\/index.php?rest_route=%2Fwp%2Fv2%2Fcomments&post=7527"}],"version-history":[{"count":0,"href":"https:\/\/topette.net\/index.php?rest_route=\/wp\/v2\/posts\/7527\/revisions"}],"wp:attachment":[{"href":"https:\/\/topette.net\/index.php?rest_route=%2Fwp%2Fv2%2Fmedia&parent=7527"}],"wp:term":[{"taxonomy":"category","embeddable":true,"href":"https:\/\/topette.net\/index.php?rest_route=%2Fwp%2Fv2%2Fcategories&post=7527"},{"taxonomy":"post_tag","embeddable":true,"href":"https:\/\/topette.net\/index.php?rest_route=%2Fwp%2Fv2%2Ftags&post=7527"}],"curies":[{"name":"wp","href":"https:\/\/api.w.org\/{rel}","templated":true}]}}