{"id":764,"date":"2014-07-01T22:21:12","date_gmt":"2014-07-01T20:21:12","guid":{"rendered":"https:\/\/topette.net\/?p=764"},"modified":"2023-10-23T12:13:05","modified_gmt":"2023-10-23T10:13:05","slug":"cest-la-fin-du-perou","status":"publish","type":"post","link":"https:\/\/topette.net\/?p=764","title":{"rendered":"C&#8217;est la fin du P\u00e9rou !"},"content":{"rendered":"\n<p>Eh oui, le P\u00e9rou se termine pour nous. Avant de quitter Cuzco, nous sommes all\u00e9s visiter deux lieux int\u00e9ressants : les Salinas de Maras et le site arch\u00e9ologique de Moray.<\/p>\n\n\n\n<p>Sur la route des Salinas de Maras, nous avons fait une pause dans une coop\u00e9rative de fileuses de laine o\u00f9 nous avons pu voir une d\u00e9monstration de teinture de laine d&#8217;alpaga (alpaca en queschua).<\/p>\n\n\n\n<figure class=\"wp-block-image size-large\"><a href=\"https:\/\/topette.net\/wp-content\/uploads\/2014\/07\/collageLaine.jpg\"><img loading=\"lazy\" decoding=\"async\" width=\"1024\" height=\"512\" src=\"https:\/\/topette.net\/wp-content\/uploads\/2014\/07\/collageLaine-1024x512.jpg\" alt=\"\" class=\"wp-image-765\" srcset=\"https:\/\/topette.net\/wp-content\/uploads\/2014\/07\/collageLaine-1024x512.jpg 1024w, https:\/\/topette.net\/wp-content\/uploads\/2014\/07\/collageLaine-300x150.jpg 300w, https:\/\/topette.net\/wp-content\/uploads\/2014\/07\/collageLaine-624x312.jpg 624w, https:\/\/topette.net\/wp-content\/uploads\/2014\/07\/collageLaine.jpg 1200w\" sizes=\"auto, (max-width: 709px) 85vw, (max-width: 909px) 67vw, (max-width: 1362px) 62vw, 840px\" \/><\/a><\/figure>\n\n\n\n<p><\/p>\n\n\n\n<!--more-->\n\n\n\n<p>Au milieu d&#8217;un (encore !) magnifique paysage de montagnes, nous avons d\u00e9couvert un site pour le moins original et exceptionnel : les Salinas de Maras !<\/p>\n\n\n\n<figure class=\"wp-block-image size-full\"><a href=\"https:\/\/topette.net\/wp-content\/uploads\/2014\/07\/Salinas1.jpg\"><img loading=\"lazy\" decoding=\"async\" width=\"700\" height=\"933\" src=\"https:\/\/topette.net\/wp-content\/uploads\/2014\/07\/Salinas1.jpg\" alt=\"\" class=\"wp-image-766\" srcset=\"https:\/\/topette.net\/wp-content\/uploads\/2014\/07\/Salinas1.jpg 700w, https:\/\/topette.net\/wp-content\/uploads\/2014\/07\/Salinas1-225x300.jpg 225w, https:\/\/topette.net\/wp-content\/uploads\/2014\/07\/Salinas1-624x831.jpg 624w\" sizes=\"auto, (max-width: 709px) 85vw, (max-width: 909px) 67vw, (max-width: 984px) 61vw, (max-width: 1362px) 45vw, 600px\" \/><\/a><\/figure>\n\n\n\n<p><\/p>\n\n\n\n<p>Des salines en pleine cordill\u00e8re des Andes, avec\u00a0plus de 4000 bassins\u00a0dans un vallon \u00e0 flancs de montagnes\u00a0(on n&#8217;a pas compt\u00e9&#8230;), les premiers datant des Incas !<\/p>\n\n\n\n<figure class=\"wp-block-image size-large\"><a href=\"https:\/\/topette.net\/wp-content\/uploads\/2014\/07\/collageSalinas.jpg\"><img loading=\"lazy\" decoding=\"async\" width=\"1024\" height=\"1024\" src=\"https:\/\/topette.net\/wp-content\/uploads\/2014\/07\/collageSalinas-1024x1024.jpg\" alt=\"\" class=\"wp-image-767\" srcset=\"https:\/\/topette.net\/wp-content\/uploads\/2014\/07\/collageSalinas-1024x1024.jpg 1024w, https:\/\/topette.net\/wp-content\/uploads\/2014\/07\/collageSalinas-150x150.jpg 150w, https:\/\/topette.net\/wp-content\/uploads\/2014\/07\/collageSalinas-300x300.jpg 300w, https:\/\/topette.net\/wp-content\/uploads\/2014\/07\/collageSalinas-624x624.jpg 624w, https:\/\/topette.net\/wp-content\/uploads\/2014\/07\/collageSalinas.jpg 1200w\" sizes=\"auto, (max-width: 709px) 85vw, (max-width: 909px) 67vw, (max-width: 1362px) 62vw, 840px\" \/><\/a><\/figure>\n\n\n\n<p><\/p>\n\n\n\n<p>Une rivi\u00e8re sal\u00e9e coule de la montagne et le traitement est le m\u00eame que celui du sel \u00e0 Gu\u00e9rande sauf que celui de Maras n&#8217;est pas iod\u00e9 !<\/p>\n\n\n\n<p>Site impressionnant vu de haut !<\/p>\n\n\n\n<figure class=\"wp-block-image size-full\"><a href=\"https:\/\/topette.net\/wp-content\/uploads\/2014\/07\/salinas2.jpg\"><img loading=\"lazy\" decoding=\"async\" width=\"700\" height=\"525\" src=\"https:\/\/topette.net\/wp-content\/uploads\/2014\/07\/salinas2.jpg\" alt=\"\" class=\"wp-image-768\" srcset=\"https:\/\/topette.net\/wp-content\/uploads\/2014\/07\/salinas2.jpg 700w, https:\/\/topette.net\/wp-content\/uploads\/2014\/07\/salinas2-300x225.jpg 300w, https:\/\/topette.net\/wp-content\/uploads\/2014\/07\/salinas2-624x468.jpg 624w\" sizes=\"auto, (max-width: 709px) 85vw, (max-width: 909px) 67vw, (max-width: 984px) 61vw, (max-width: 1362px) 45vw, 600px\" \/><\/a><\/figure>\n\n\n\n<p><\/p>\n\n\n\n<p>Nous poursuivons notre route jusqu&#8217;au site de Moray pour admirer un ing\u00e9nieux syst\u00e8me de cultures en terrasses invent\u00e9 par les Incas !<\/p>\n\n\n\n<figure class=\"wp-block-image size-full\"><a href=\"https:\/\/topette.net\/wp-content\/uploads\/2014\/07\/Moray1.jpg\"><img loading=\"lazy\" decoding=\"async\" width=\"700\" height=\"525\" src=\"https:\/\/topette.net\/wp-content\/uploads\/2014\/07\/Moray1.jpg\" alt=\"\" class=\"wp-image-769\" srcset=\"https:\/\/topette.net\/wp-content\/uploads\/2014\/07\/Moray1.jpg 700w, https:\/\/topette.net\/wp-content\/uploads\/2014\/07\/Moray1-300x225.jpg 300w, https:\/\/topette.net\/wp-content\/uploads\/2014\/07\/Moray1-624x468.jpg 624w\" sizes=\"auto, (max-width: 709px) 85vw, (max-width: 909px) 67vw, (max-width: 984px) 61vw, (max-width: 1362px) 45vw, 600px\" \/><\/a><\/figure>\n\n\n\n<p><\/p>\n\n\n\n<p>Ils ont fait des essais de cultures (de pommes de terre au d\u00e9but) en recr\u00e9ant artificiellement des climats diff\u00e9rents suivant la profondeur des espaliers. La diff\u00e9rence de temp\u00e9rature est importante : 20\u00b0 entre le bas (le plus chaud) et le haut.<\/p>\n\n\n\n<p>Ils ont construit 3 cirques qui \u00e9quivalaient aux 3 principaux climats de leur empire pour adapter les cultures aux diff\u00e9rentes r\u00e9gions de celui-ci. Malins les Incas !<\/p>\n\n\n\n<figure class=\"wp-block-image size-large\"><a href=\"https:\/\/topette.net\/wp-content\/uploads\/2014\/07\/collageMoray.jpg\"><img loading=\"lazy\" decoding=\"async\" width=\"1024\" height=\"1024\" src=\"https:\/\/topette.net\/wp-content\/uploads\/2014\/07\/collageMoray-1024x1024.jpg\" alt=\"\" class=\"wp-image-770\" srcset=\"https:\/\/topette.net\/wp-content\/uploads\/2014\/07\/collageMoray-1024x1024.jpg 1024w, https:\/\/topette.net\/wp-content\/uploads\/2014\/07\/collageMoray-150x150.jpg 150w, https:\/\/topette.net\/wp-content\/uploads\/2014\/07\/collageMoray-300x300.jpg 300w, https:\/\/topette.net\/wp-content\/uploads\/2014\/07\/collageMoray-624x624.jpg 624w, https:\/\/topette.net\/wp-content\/uploads\/2014\/07\/collageMoray.jpg 1200w\" sizes=\"auto, (max-width: 709px) 85vw, (max-width: 909px) 67vw, (max-width: 1362px) 62vw, 840px\" \/><\/a><\/figure>\n\n\n\n<p><\/p>\n\n\n\n<p>Un autre nom mondialement connu nous a attir\u00e9 au P\u00e9rou, nom qui a fait rire des g\u00e9n\u00e9rations d&#8217;\u00e9coliers : le lac Titicaca, le lac\u00a0navigable le plus haut du monde \u00e0 3810 m\u00a0d&#8217;altitude\u00a0!<\/p>\n\n\n\n<p>Nous avons donc repris la route vers Puno, petite ville surplombant le lac et port d&#8217;embarquement pour&nbsp;les \u00eeles Uros.<\/p>\n\n\n\n<figure class=\"wp-block-image size-large\"><a href=\"https:\/\/topette.net\/wp-content\/uploads\/2014\/07\/collagePuno2.jpg\"><img loading=\"lazy\" decoding=\"async\" width=\"1024\" height=\"512\" src=\"https:\/\/topette.net\/wp-content\/uploads\/2014\/07\/collagePuno2-1024x512.jpg\" alt=\"\" class=\"wp-image-773\" srcset=\"https:\/\/topette.net\/wp-content\/uploads\/2014\/07\/collagePuno2-1024x512.jpg 1024w, https:\/\/topette.net\/wp-content\/uploads\/2014\/07\/collagePuno2-300x150.jpg 300w, https:\/\/topette.net\/wp-content\/uploads\/2014\/07\/collagePuno2-624x312.jpg 624w, https:\/\/topette.net\/wp-content\/uploads\/2014\/07\/collagePuno2.jpg 1200w\" sizes=\"auto, (max-width: 709px) 85vw, (max-width: 909px) 67vw, (max-width: 1362px) 62vw, 840px\" \/><\/a><\/figure>\n\n\n\n<p><\/p>\n\n\n\n<p>Les \u00eeles Uros sont\u00a0des \u00eeles flottantes qui\u00a0ont cette particularit\u00e9 d&#8217;\u00eatre enti\u00e8rement\u00a0constitu\u00e9es d&#8217;une couche compacte de roseaux de 3m d&#8217;\u00e9paisseur.<\/p>\n\n\n\n<figure class=\"wp-block-image size-full\"><a href=\"https:\/\/topette.net\/wp-content\/uploads\/2014\/07\/Uros1.jpg\"><img loading=\"lazy\" decoding=\"async\" width=\"700\" height=\"297\" src=\"https:\/\/topette.net\/wp-content\/uploads\/2014\/07\/Uros1.jpg\" alt=\"\" class=\"wp-image-771\" srcset=\"https:\/\/topette.net\/wp-content\/uploads\/2014\/07\/Uros1.jpg 700w, https:\/\/topette.net\/wp-content\/uploads\/2014\/07\/Uros1-300x127.jpg 300w, https:\/\/topette.net\/wp-content\/uploads\/2014\/07\/Uros1-624x264.jpg 624w\" sizes=\"auto, (max-width: 709px) 85vw, (max-width: 909px) 67vw, (max-width: 984px) 61vw, (max-width: 1362px) 45vw, 600px\" \/><\/a><\/figure>\n\n\n\n<p><\/p>\n\n\n\n<p>Tout sur ces \u00eeles est r\u00e9alis\u00e9 en roseau (ou totora)\u00a0: maisonnettes, meubles et barques&#8230; ils en mangent aussi !<\/p>\n\n\n\n<figure class=\"wp-block-image size-large\"><a href=\"https:\/\/topette.net\/wp-content\/uploads\/2014\/07\/collageUros.jpg\"><img loading=\"lazy\" decoding=\"async\" width=\"1024\" height=\"870\" src=\"https:\/\/topette.net\/wp-content\/uploads\/2014\/07\/collageUros-1024x870.jpg\" alt=\"\" class=\"wp-image-772\" srcset=\"https:\/\/topette.net\/wp-content\/uploads\/2014\/07\/collageUros-1024x870.jpg 1024w, https:\/\/topette.net\/wp-content\/uploads\/2014\/07\/collageUros-300x255.jpg 300w, https:\/\/topette.net\/wp-content\/uploads\/2014\/07\/collageUros-624x530.jpg 624w, https:\/\/topette.net\/wp-content\/uploads\/2014\/07\/collageUros.jpg 1200w\" sizes=\"auto, (max-width: 709px) 85vw, (max-width: 909px) 67vw, (max-width: 1362px) 62vw, 840px\" \/><\/a><\/figure>\n\n\n\n<p><\/p>\n\n\n\n<p>Apr\u00e8s cette ballade sur le lac Titicaca et avant de passer la fronti\u00e8re bolivienne, nous nous sommes promen\u00e9s dans la petite ville de Puno.<\/p>\n\n\n\n<p>Quelques instantan\u00e9s&#8230;<\/p>\n\n\n\n<figure class=\"wp-block-image size-large\"><a href=\"https:\/\/topette.net\/wp-content\/uploads\/2014\/07\/collagePuno.jpg\"><img loading=\"lazy\" decoding=\"async\" width=\"921\" height=\"1024\" src=\"https:\/\/topette.net\/wp-content\/uploads\/2014\/07\/collagePuno-921x1024.jpg\" alt=\"\" class=\"wp-image-774\" srcset=\"https:\/\/topette.net\/wp-content\/uploads\/2014\/07\/collagePuno-921x1024.jpg 921w, https:\/\/topette.net\/wp-content\/uploads\/2014\/07\/collagePuno-270x300.jpg 270w, https:\/\/topette.net\/wp-content\/uploads\/2014\/07\/collagePuno-624x693.jpg 624w, https:\/\/topette.net\/wp-content\/uploads\/2014\/07\/collagePuno.jpg 1080w\" sizes=\"auto, (max-width: 709px) 85vw, (max-width: 909px) 67vw, (max-width: 1362px) 62vw, 840px\" \/><\/a><\/figure>\n\n\n\n<p><\/p>\n\n\n\n<p>On en sait un peu plus sur les talents de constructeurs et d&#8217;agriculteurs des Incas (ils \u00e9taient bien aid\u00e9s par le soleil et la coca\u00a0quand m\u00eame !!! ) mais on ne comprend toujours pas que des gens aussi intelligents n&#8217;aient pas invent\u00e9 le chauffage central !<\/p>\n\n\n\n<p>Voil\u00e0, le P\u00e9rou c&#8217;est fini, maintenant on est en Bolivie et on esp\u00e8re encore avoir de gros coups de c\u0153ur \u00e0 vous faire partager !<\/p>\n\n\n\n<p>Allez, Topette !<\/p>\n","protected":false},"excerpt":{"rendered":"<p>Eh oui, le P\u00e9rou se termine pour nous. Avant de quitter Cuzco, nous sommes all\u00e9s visiter deux lieux int\u00e9ressants : les Salinas de Maras et le site arch\u00e9ologique de Moray. Sur la route des Salinas de Maras, nous avons fait une pause dans une coop\u00e9rative de fileuses de laine o\u00f9 nous avons pu voir une &hellip; <a href=\"https:\/\/topette.net\/?p=764\" class=\"more-link\">Continuer la lecture<span class=\"screen-reader-text\"> de &laquo;&nbsp;C&#8217;est la fin du P\u00e9rou !&nbsp;&raquo;<\/span><\/a><\/p>\n","protected":false},"author":2,"featured_media":0,"comment_status":"open","ping_status":"closed","sticky":false,"template":"","format":"standard","meta":{"_s2mail":"yes","footnotes":""},"categories":[37,82],"tags":[],"class_list":["post-764","post","type-post","status-publish","format-standard","hentry","category-carnet_de_route_perou","category-tour-du-monde"],"_links":{"self":[{"href":"https:\/\/topette.net\/index.php?rest_route=\/wp\/v2\/posts\/764","targetHints":{"allow":["GET"]}}],"collection":[{"href":"https:\/\/topette.net\/index.php?rest_route=\/wp\/v2\/posts"}],"about":[{"href":"https:\/\/topette.net\/index.php?rest_route=\/wp\/v2\/types\/post"}],"author":[{"embeddable":true,"href":"https:\/\/topette.net\/index.php?rest_route=\/wp\/v2\/users\/2"}],"replies":[{"embeddable":true,"href":"https:\/\/topette.net\/index.php?rest_route=%2Fwp%2Fv2%2Fcomments&post=764"}],"version-history":[{"count":0,"href":"https:\/\/topette.net\/index.php?rest_route=\/wp\/v2\/posts\/764\/revisions"}],"wp:attachment":[{"href":"https:\/\/topette.net\/index.php?rest_route=%2Fwp%2Fv2%2Fmedia&parent=764"}],"wp:term":[{"taxonomy":"category","embeddable":true,"href":"https:\/\/topette.net\/index.php?rest_route=%2Fwp%2Fv2%2Fcategories&post=764"},{"taxonomy":"post_tag","embeddable":true,"href":"https:\/\/topette.net\/index.php?rest_route=%2Fwp%2Fv2%2Ftags&post=764"}],"curies":[{"name":"wp","href":"https:\/\/api.w.org\/{rel}","templated":true}]}}