{"id":793,"date":"2014-07-05T00:01:29","date_gmt":"2014-07-04T22:01:29","guid":{"rendered":"https:\/\/topette.net\/?p=793"},"modified":"2023-10-23T12:01:22","modified_gmt":"2023-10-23T10:01:22","slug":"la-bolivie-cest-par-ici","status":"publish","type":"post","link":"https:\/\/topette.net\/?p=793","title":{"rendered":"La Bolivie, c&#8217;est par ici !"},"content":{"rendered":"\n<p>Comme pr\u00e9vu, apr\u00e8s le P\u00e9rou, nous voici arriv\u00e9s en Bolivie depuis le 28 juin. Nous avons d&#8217;abord fait une \u00e9tape de 2 jours \u00e0 La Paz, la capitale la plus haute du monde \u00e0 plus de 3600 m d&#8217;altitude. Elle est seulement la capitale administrative, le gouvernement y si\u00e8ge aussi mais Sucre est bien la capitale officielle puisque constitutionnelle.<\/p>\n\n\n\n<p>Quand on arrive \u00e0 La Paz, que ce soit en avion ou par la route, on commence par dominer la ville&#8230; et, encore une fois, c&#8217;est vertigineux !<\/p>\n\n\n\n<figure class=\"wp-block-image size-full\"><a href=\"https:\/\/topette.net\/wp-content\/uploads\/2014\/07\/La-paz-2.jpg\"><img loading=\"lazy\" decoding=\"async\" width=\"700\" height=\"525\" src=\"https:\/\/topette.net\/wp-content\/uploads\/2014\/07\/La-paz-2.jpg\" alt=\"\" class=\"wp-image-794\" srcset=\"https:\/\/topette.net\/wp-content\/uploads\/2014\/07\/La-paz-2.jpg 700w, https:\/\/topette.net\/wp-content\/uploads\/2014\/07\/La-paz-2-300x225.jpg 300w, https:\/\/topette.net\/wp-content\/uploads\/2014\/07\/La-paz-2-624x468.jpg 624w\" sizes=\"auto, (max-width: 709px) 85vw, (max-width: 909px) 67vw, (max-width: 984px) 61vw, (max-width: 1362px) 45vw, 600px\" \/><\/a><\/figure>\n\n\n\n<p><\/p>\n\n\n\n<!--more-->\n\n\n\n<p>On ne se rend pas bien compte sur la photo mais la ville est immense, toute en briques rouges, et tr\u00e8s pentue. On \u00e9tait log\u00e9 dans un h\u00f4tel dans le centre ancien et on \u00e9tait entour\u00e9s de pentes essoufflantes !!<\/p>\n\n\n\n<p>Alors on est all\u00e9 \u00e0 petits pas visiter notre premi\u00e8re ville bolivienne&#8230;<\/p>\n\n\n\n<figure class=\"wp-block-image size-large\"><a href=\"https:\/\/topette.net\/wp-content\/uploads\/2014\/07\/La-paz-3.jpg\"><img loading=\"lazy\" decoding=\"async\" width=\"829\" height=\"1024\" src=\"https:\/\/topette.net\/wp-content\/uploads\/2014\/07\/La-paz-3-829x1024.jpg\" alt=\"\" class=\"wp-image-795\" srcset=\"https:\/\/topette.net\/wp-content\/uploads\/2014\/07\/La-paz-3-829x1024.jpg 829w, https:\/\/topette.net\/wp-content\/uploads\/2014\/07\/La-paz-3-243x300.jpg 243w, https:\/\/topette.net\/wp-content\/uploads\/2014\/07\/La-paz-3-624x770.jpg 624w, https:\/\/topette.net\/wp-content\/uploads\/2014\/07\/La-paz-3.jpg 972w\" sizes=\"auto, (max-width: 709px) 85vw, (max-width: 909px) 67vw, (max-width: 984px) 61vw, (max-width: 1362px) 45vw, 600px\" \/><\/a><\/figure>\n\n\n\n<p><\/p>\n\n\n\n<p>Si les b\u00e2timents officiels ou eccl\u00e9siastiques sont\u00a0entretenus, on voit bien que la population ne doit pas \u00eatre bien riche. On trouve toujours des marchandises \u00e0 m\u00eame la chauss\u00e9e ou des petits magasins qui vendent de tout et de rien et qui permettent de gagner (peu sans doute) sa vie.<\/p>\n\n\n\n<figure class=\"wp-block-image size-large\"><a href=\"https:\/\/topette.net\/wp-content\/uploads\/2014\/07\/la-Paz.jpg\"><img loading=\"lazy\" decoding=\"async\" width=\"1024\" height=\"1024\" src=\"https:\/\/topette.net\/wp-content\/uploads\/2014\/07\/la-Paz-1024x1024.jpg\" alt=\"\" class=\"wp-image-796\" srcset=\"https:\/\/topette.net\/wp-content\/uploads\/2014\/07\/la-Paz-1024x1024.jpg 1024w, https:\/\/topette.net\/wp-content\/uploads\/2014\/07\/la-Paz-150x150.jpg 150w, https:\/\/topette.net\/wp-content\/uploads\/2014\/07\/la-Paz-300x300.jpg 300w, https:\/\/topette.net\/wp-content\/uploads\/2014\/07\/la-Paz-624x624.jpg 624w, https:\/\/topette.net\/wp-content\/uploads\/2014\/07\/la-Paz.jpg 1200w\" sizes=\"auto, (max-width: 709px) 85vw, (max-width: 909px) 67vw, (max-width: 1362px) 62vw, 840px\" \/><\/a><\/figure>\n\n\n\n<p><\/p>\n\n\n\n<p>Un peu partout, dans les magasins ou restaurants on cherche du personnel, mais il semblerait qu&#8217;il devienne indispensable que la Bolivie trouve de bons \u00e9lectriciens pour d\u00e9m\u00ealer tous ces fils !<\/p>\n\n\n\n<p>Apr\u00e8s cette balade (et apr\u00e8s le premier but fran\u00e7ais contre le Nig\u00e9ria&nbsp;!) nous avons quitt\u00e9 La Paz le lundi 30 juin pour rejoindre Sucre. Nous avions choisi de faire une entorse \u00e0 nos habitudes en prenant un avion pour 40 mn au lieu d&#8217;un bus de 13 heures ! Choix qui s&#8217;est r\u00e9v\u00e9l\u00e9 \u00eatre fort judicieux car Georges n&#8217;\u00e9tait pas tr\u00e8s en forme (un coup de froid ? un probl\u00e8me d&#8217;altitude ? une vilaine bact\u00e9rie intestinale ?) et qu&#8217;on a pu s&#8217;installer \u00e0 notre nouvel h\u00f4tel tr\u00e8s rapidement.<\/p>\n\n\n\n<p>Sucre (prononcer Sucr\u00e9) est une ville tr\u00e8s tranquille, tr\u00e8s propre, au milieu des montagnes mais quand m\u00eame bien moins \u00e9lev\u00e9e que La Paz (seulement 2700 m).<\/p>\n\n\n\n<figure class=\"wp-block-image size-full\"><a href=\"https:\/\/topette.net\/wp-content\/uploads\/2014\/07\/Sucre1.jpg\"><img loading=\"lazy\" decoding=\"async\" width=\"700\" height=\"933\" src=\"https:\/\/topette.net\/wp-content\/uploads\/2014\/07\/Sucre1.jpg\" alt=\"\" class=\"wp-image-797\" srcset=\"https:\/\/topette.net\/wp-content\/uploads\/2014\/07\/Sucre1.jpg 700w, https:\/\/topette.net\/wp-content\/uploads\/2014\/07\/Sucre1-225x300.jpg 225w, https:\/\/topette.net\/wp-content\/uploads\/2014\/07\/Sucre1-624x831.jpg 624w\" sizes=\"auto, (max-width: 709px) 85vw, (max-width: 909px) 67vw, (max-width: 984px) 61vw, (max-width: 1362px) 45vw, 600px\" \/><\/a><\/figure>\n\n\n\n<p><\/p>\n\n\n\n<p>Une ville toute blanche avec ses beaux b\u00e2timents coloniaux bien conserv\u00e9s.<\/p>\n\n\n\n<figure class=\"wp-block-image size-large\"><a href=\"https:\/\/topette.net\/wp-content\/uploads\/2014\/07\/sucre2.jpg\"><img loading=\"lazy\" decoding=\"async\" width=\"1024\" height=\"808\" src=\"https:\/\/topette.net\/wp-content\/uploads\/2014\/07\/sucre2-1024x808.jpg\" alt=\"\" class=\"wp-image-798\" srcset=\"https:\/\/topette.net\/wp-content\/uploads\/2014\/07\/sucre2-1024x808.jpg 1024w, https:\/\/topette.net\/wp-content\/uploads\/2014\/07\/sucre2-300x237.jpg 300w, https:\/\/topette.net\/wp-content\/uploads\/2014\/07\/sucre2-624x492.jpg 624w, https:\/\/topette.net\/wp-content\/uploads\/2014\/07\/sucre2.jpg 1200w\" sizes=\"auto, (max-width: 709px) 85vw, (max-width: 909px) 67vw, (max-width: 1362px) 62vw, 840px\" \/><\/a><\/figure>\n\n\n\n<p><\/p>\n\n\n\n<p>On en profite pour faire une premi\u00e8re pause dans ce tour du monde et pour visiter tranquillement sans contraintes horaires&#8230; en vacances en fait !<\/p>\n\n\n\n<figure class=\"wp-block-image size-full\"><a href=\"https:\/\/topette.net\/wp-content\/uploads\/2014\/07\/Sucre3.jpg\"><img loading=\"lazy\" decoding=\"async\" width=\"700\" height=\"232\" src=\"https:\/\/topette.net\/wp-content\/uploads\/2014\/07\/Sucre3.jpg\" alt=\"\" class=\"wp-image-800\" srcset=\"https:\/\/topette.net\/wp-content\/uploads\/2014\/07\/Sucre3.jpg 700w, https:\/\/topette.net\/wp-content\/uploads\/2014\/07\/Sucre3-300x99.jpg 300w, https:\/\/topette.net\/wp-content\/uploads\/2014\/07\/Sucre3-624x206.jpg 624w\" sizes=\"auto, (max-width: 709px) 85vw, (max-width: 909px) 67vw, (max-width: 984px) 61vw, (max-width: 1362px) 45vw, 600px\" \/><\/a><\/figure>\n\n\n\n<p><\/p>\n\n\n\n<p>Un beau ciel bleu, de la chaleur sous le soleil (on a sorti les tongs, ce qu&#8217;on n&#8217;avait pas fait depuis les Gal\u00e1pagos !), du repos (et des grasses matin\u00e9es, ce qui nous change des levers \u00e0 4, 5 ou\u00a06 heures du matin) qui vont nous permettre de nous remettre en forme.<\/p>\n\n\n\n<p>Et nous en profitons aussi pour pr\u00e9parer la suite, ce qui n&#8217;est pas toujours simple car en Bolivie les transports sont assez mal organis\u00e9s et nous sommes contraints par les jours, les heures, les dur\u00e9es des voyages en train ou en bus. Notre projet est de partir visiter le Salar d&#8217;Uyuni pendant une journ\u00e9e et de poursuivre directement en train jusqu&#8217;\u00e0 la fronti\u00e8re Argentine. Le seul train possible ne partant que le mardi&nbsp;soir d&#8217;Uyuni, nous voici heureux de nous pr\u00e9lasser dans notre h\u00f4tel de Sucre jusqu&#8217;\u00e0 lundi matin ! Et on va pouvoir en profiter, dimanche, pour aller visiter le&nbsp; march\u00e9 le plus r\u00e9put\u00e9 de Bolivie, celui de&nbsp;Tarabuco.<\/p>\n\n\n\n<p>Et tout ce bleu du ciel nous donnerait bien envie de batifoler comme les pigeons !<\/p>\n\n\n\n<figure class=\"wp-block-image size-full\"><a href=\"https:\/\/topette.net\/wp-content\/uploads\/2014\/07\/Sucre4.jpg\"><img loading=\"lazy\" decoding=\"async\" width=\"700\" height=\"525\" src=\"https:\/\/topette.net\/wp-content\/uploads\/2014\/07\/Sucre4.jpg\" alt=\"\" class=\"wp-image-799\" srcset=\"https:\/\/topette.net\/wp-content\/uploads\/2014\/07\/Sucre4.jpg 700w, https:\/\/topette.net\/wp-content\/uploads\/2014\/07\/Sucre4-300x225.jpg 300w, https:\/\/topette.net\/wp-content\/uploads\/2014\/07\/Sucre4-624x468.jpg 624w\" sizes=\"auto, (max-width: 709px) 85vw, (max-width: 909px) 67vw, (max-width: 984px) 61vw, (max-width: 1362px) 45vw, 600px\" \/><\/a><\/figure>\n\n\n\n<p><\/p>\n\n\n\n<p>Peut-\u00eatre verra-t-on l&#8217;Argentine en finale si elle r\u00e9ussit \u00e0 se qualifier (on vient de voir le coup rat\u00e9 de la France !) en mangeant un bon steak au milieu des afficionados argentins&#8230; Affaire \u00e0 suivre&#8230;<\/p>\n\n\n\n<p>Allez, Topette !<\/p>\n","protected":false},"excerpt":{"rendered":"<p>Comme pr\u00e9vu, apr\u00e8s le P\u00e9rou, nous voici arriv\u00e9s en Bolivie depuis le 28 juin. Nous avons d&#8217;abord fait une \u00e9tape de 2 jours \u00e0 La Paz, la capitale la plus haute du monde \u00e0 plus de 3600 m d&#8217;altitude. Elle est seulement la capitale administrative, le gouvernement y si\u00e8ge aussi mais Sucre est bien la &hellip; <a href=\"https:\/\/topette.net\/?p=793\" class=\"more-link\">Continuer la lecture<span class=\"screen-reader-text\"> de &laquo;&nbsp;La Bolivie, c&#8217;est par ici !&nbsp;&raquo;<\/span><\/a><\/p>\n","protected":false},"author":2,"featured_media":0,"comment_status":"open","ping_status":"closed","sticky":false,"template":"","format":"standard","meta":{"_s2mail":"yes","footnotes":""},"categories":[39,82],"tags":[],"class_list":["post-793","post","type-post","status-publish","format-standard","hentry","category-carnet_de_route_bolivie","category-tour-du-monde"],"_links":{"self":[{"href":"https:\/\/topette.net\/index.php?rest_route=\/wp\/v2\/posts\/793","targetHints":{"allow":["GET"]}}],"collection":[{"href":"https:\/\/topette.net\/index.php?rest_route=\/wp\/v2\/posts"}],"about":[{"href":"https:\/\/topette.net\/index.php?rest_route=\/wp\/v2\/types\/post"}],"author":[{"embeddable":true,"href":"https:\/\/topette.net\/index.php?rest_route=\/wp\/v2\/users\/2"}],"replies":[{"embeddable":true,"href":"https:\/\/topette.net\/index.php?rest_route=%2Fwp%2Fv2%2Fcomments&post=793"}],"version-history":[{"count":0,"href":"https:\/\/topette.net\/index.php?rest_route=\/wp\/v2\/posts\/793\/revisions"}],"wp:attachment":[{"href":"https:\/\/topette.net\/index.php?rest_route=%2Fwp%2Fv2%2Fmedia&parent=793"}],"wp:term":[{"taxonomy":"category","embeddable":true,"href":"https:\/\/topette.net\/index.php?rest_route=%2Fwp%2Fv2%2Fcategories&post=793"},{"taxonomy":"post_tag","embeddable":true,"href":"https:\/\/topette.net\/index.php?rest_route=%2Fwp%2Fv2%2Ftags&post=793"}],"curies":[{"name":"wp","href":"https:\/\/api.w.org\/{rel}","templated":true}]}}