{"id":846,"date":"2014-07-22T04:15:37","date_gmt":"2014-07-22T02:15:37","guid":{"rendered":"https:\/\/topette.net\/?p=846"},"modified":"2023-10-23T11:18:22","modified_gmt":"2023-10-23T09:18:22","slug":"vacances-a-buenos-aires","status":"publish","type":"post","link":"https:\/\/topette.net\/?p=846","title":{"rendered":"Vacances \u00e0 Buenos Aires"},"content":{"rendered":"\n<p>Apr\u00e8s deux mois de dur voyage il est temps pour nous de prendre de petites vacances. Nous avons pos\u00e9 nos valises dans notre&nbsp;nouveau pied \u00e0 terre de Buenos Aires. En effet nous avons lou\u00e9 2 appartements pour les 15 jours qui viennent (non pas 1 chacun mais 1 par semaine !). Nous voici donc un peu chez nous&nbsp;dans la capitale argentine, que nous trouvons pleine de charme avec ses quartiers (ou barrios) bien typ\u00e9s.<\/p>\n\n\n\n<p>Notre home sweet home est un studio de 35 m2 bien ensoleill\u00e9&#8230;<\/p>\n\n\n\n<figure class=\"wp-block-image size-large\"><a href=\"https:\/\/topette.net\/wp-content\/uploads\/2014\/07\/appart.jpg\"><img loading=\"lazy\" decoding=\"async\" width=\"1024\" height=\"942\" src=\"https:\/\/topette.net\/wp-content\/uploads\/2014\/07\/appart-1024x942.jpg\" alt=\"\" class=\"wp-image-847\" srcset=\"https:\/\/topette.net\/wp-content\/uploads\/2014\/07\/appart-1024x942.jpg 1024w, https:\/\/topette.net\/wp-content\/uploads\/2014\/07\/appart-300x276.jpg 300w, https:\/\/topette.net\/wp-content\/uploads\/2014\/07\/appart-624x574.jpg 624w, https:\/\/topette.net\/wp-content\/uploads\/2014\/07\/appart.jpg 1200w\" sizes=\"auto, (max-width: 709px) 85vw, (max-width: 909px) 67vw, (max-width: 1362px) 62vw, 840px\" \/><\/a><\/figure>\n\n\n\n<p><\/p>\n\n\n\n<!--more-->\n\n\n\n<p>Sympa la terrasse pour boire le caf\u00e9&#8230; et on retrouve le plaisir d&#8217;un repas tout simple pr\u00e9par\u00e9 \u00e0 la maison apr\u00e8s 69 nuits dans 27 h\u00f4tels diff\u00e9rents,\u00a05 nuits dans les bus et une dans\u00a0le train !<\/p>\n\n\n\n<p>Nous avons profit\u00e9 de notre dimanche pour aller fl\u00e2ner dans le quartier San Telmo qui ce jour l\u00e0 est envahi par les brocanteurs autour de la place Dorego.<\/p>\n\n\n\n<figure class=\"wp-block-image size-large\"><a href=\"https:\/\/topette.net\/wp-content\/uploads\/2014\/07\/collage-1.jpg\"><img loading=\"lazy\" decoding=\"async\" width=\"1024\" height=\"829\" src=\"https:\/\/topette.net\/wp-content\/uploads\/2014\/07\/collage-1-1024x829.jpg\" alt=\"\" class=\"wp-image-849\" srcset=\"https:\/\/topette.net\/wp-content\/uploads\/2014\/07\/collage-1-1024x829.jpg 1024w, https:\/\/topette.net\/wp-content\/uploads\/2014\/07\/collage-1-300x243.jpg 300w, https:\/\/topette.net\/wp-content\/uploads\/2014\/07\/collage-1-624x505.jpg 624w, https:\/\/topette.net\/wp-content\/uploads\/2014\/07\/collage-1.jpg 1200w\" sizes=\"auto, (max-width: 709px) 85vw, (max-width: 909px) 67vw, (max-width: 1362px) 62vw, 840px\" \/><\/a><\/figure>\n\n\n\n<p><\/p>\n\n\n\n<p>De beaux objets nous font envie mais on a un probl\u00e8me de transport !<\/p>\n\n\n\n<figure class=\"wp-block-image size-large\"><a href=\"https:\/\/topette.net\/wp-content\/uploads\/2014\/07\/disques.jpg\"><img loading=\"lazy\" decoding=\"async\" width=\"1024\" height=\"337\" src=\"https:\/\/topette.net\/wp-content\/uploads\/2014\/07\/disques-1024x337.jpg\" alt=\"\" class=\"wp-image-850\" srcset=\"https:\/\/topette.net\/wp-content\/uploads\/2014\/07\/disques-1024x337.jpg 1024w, https:\/\/topette.net\/wp-content\/uploads\/2014\/07\/disques-300x99.jpg 300w, https:\/\/topette.net\/wp-content\/uploads\/2014\/07\/disques-624x205.jpg 624w, https:\/\/topette.net\/wp-content\/uploads\/2014\/07\/disques.jpg 1200w\" sizes=\"auto, (max-width: 709px) 85vw, (max-width: 909px) 67vw, (max-width: 1362px) 62vw, 840px\" \/><\/a><\/figure>\n\n\n\n<p><\/p>\n\n\n\n<p>Un march\u00e9 compl\u00e8tement diff\u00e9rent de ceux qu&#8217;on a pu voir dans les autres pays sud am\u00e9ricains visit\u00e9s. Buenos Aires offre par moments une atmosph\u00e8re parisienne&#8230;<\/p>\n\n\n\n<figure class=\"wp-block-image size-large\"><a href=\"https:\/\/topette.net\/wp-content\/uploads\/2014\/07\/collage-21.jpg\"><img loading=\"lazy\" decoding=\"async\" width=\"1024\" height=\"491\" src=\"https:\/\/topette.net\/wp-content\/uploads\/2014\/07\/collage-21-1024x491.jpg\" alt=\"\" class=\"wp-image-857\" srcset=\"https:\/\/topette.net\/wp-content\/uploads\/2014\/07\/collage-21-1024x491.jpg 1024w, https:\/\/topette.net\/wp-content\/uploads\/2014\/07\/collage-21-300x144.jpg 300w, https:\/\/topette.net\/wp-content\/uploads\/2014\/07\/collage-21-624x299.jpg 624w, https:\/\/topette.net\/wp-content\/uploads\/2014\/07\/collage-21.jpg 1200w\" sizes=\"auto, (max-width: 709px) 85vw, (max-width: 909px) 67vw, (max-width: 1362px) 62vw, 840px\" \/><\/a><\/figure>\n\n\n\n<p><\/p>\n\n\n\n<p>et de l&#8217;originalit\u00e9 !<\/p>\n\n\n\n<figure class=\"wp-block-image size-full\"><a href=\"https:\/\/topette.net\/wp-content\/uploads\/2014\/07\/t\u00eate.jpg\"><img loading=\"lazy\" decoding=\"async\" width=\"700\" height=\"933\" src=\"https:\/\/topette.net\/wp-content\/uploads\/2014\/07\/t\u00eate.jpg\" alt=\"\" class=\"wp-image-856\" srcset=\"https:\/\/topette.net\/wp-content\/uploads\/2014\/07\/t\u00eate.jpg 700w, https:\/\/topette.net\/wp-content\/uploads\/2014\/07\/t\u00eate-225x300.jpg 225w, https:\/\/topette.net\/wp-content\/uploads\/2014\/07\/t\u00eate-624x831.jpg 624w\" sizes=\"auto, (max-width: 709px) 85vw, (max-width: 909px) 67vw, (max-width: 984px) 61vw, (max-width: 1362px) 45vw, 600px\" \/><\/a><\/figure>\n\n\n\n<p><\/p>\n\n\n\n<p>Mais la grande diff\u00e9rence avec tout autre pays c&#8217;est le tango, omnipr\u00e9sent \u00e0 tous les coins de rues.<\/p>\n\n\n\n<figure class=\"wp-block-image size-large\"><a href=\"https:\/\/topette.net\/wp-content\/uploads\/2014\/07\/tango.jpg\"><img loading=\"lazy\" decoding=\"async\" width=\"890\" height=\"1024\" src=\"https:\/\/topette.net\/wp-content\/uploads\/2014\/07\/tango-890x1024.jpg\" alt=\"\" class=\"wp-image-855\" srcset=\"https:\/\/topette.net\/wp-content\/uploads\/2014\/07\/tango-890x1024.jpg 890w, https:\/\/topette.net\/wp-content\/uploads\/2014\/07\/tango-261x300.jpg 261w, https:\/\/topette.net\/wp-content\/uploads\/2014\/07\/tango-624x717.jpg 624w, https:\/\/topette.net\/wp-content\/uploads\/2014\/07\/tango.jpg 1044w\" sizes=\"auto, (max-width: 709px) 85vw, (max-width: 909px) 67vw, (max-width: 1362px) 62vw, 840px\" \/><\/a><\/figure>\n\n\n\n<p><\/p>\n\n\n\n<p>Superbe \u00e0 regarder et \u00e0 \u00e9couter mais nous n&#8217;aurons pas assez de temps pour nous inscrire dans un des nombreux cours. Dommage, \u00e7a nous d\u00e9mangeait !<\/p>\n\n\n\n<p>Le midi, arr\u00eat obligatoire \u00e0 la petite parilla locale pour s&#8217;acheter un savoureux choripan.<\/p>\n\n\n\n<figure class=\"wp-block-image size-large\"><a href=\"https:\/\/topette.net\/wp-content\/uploads\/2014\/07\/choripan.jpg\"><img loading=\"lazy\" decoding=\"async\" width=\"1024\" height=\"512\" src=\"https:\/\/topette.net\/wp-content\/uploads\/2014\/07\/choripan-1024x512.jpg\" alt=\"\" class=\"wp-image-848\" srcset=\"https:\/\/topette.net\/wp-content\/uploads\/2014\/07\/choripan-1024x512.jpg 1024w, https:\/\/topette.net\/wp-content\/uploads\/2014\/07\/choripan-300x150.jpg 300w, https:\/\/topette.net\/wp-content\/uploads\/2014\/07\/choripan-624x312.jpg 624w, https:\/\/topette.net\/wp-content\/uploads\/2014\/07\/choripan.jpg 1200w\" sizes=\"auto, (max-width: 709px) 85vw, (max-width: 909px) 67vw, (max-width: 1362px) 62vw, 840px\" \/><\/a><\/figure>\n\n\n\n<p><\/p>\n\n\n\n<p>C&#8217;est juste une grosse saucisse dans du pain mais \u00e7a nous a bien requinqu\u00e9 !<\/p>\n\n\n\n<p>Comme dans toute l&#8217;Am\u00e9rique du Sud la musique est tr\u00e8s pr\u00e9sente. On a m\u00eame vu un Carlos Gardel au coin d&#8217;une rue&#8230; on le croyait pourtant mort depuis 1935 !<\/p>\n\n\n\n<figure class=\"wp-block-image size-large\"><a href=\"https:\/\/topette.net\/wp-content\/uploads\/2014\/07\/music.jpg\"><img loading=\"lazy\" decoding=\"async\" width=\"1024\" height=\"1024\" src=\"https:\/\/topette.net\/wp-content\/uploads\/2014\/07\/music-1024x1024.jpg\" alt=\"\" class=\"wp-image-854\" srcset=\"https:\/\/topette.net\/wp-content\/uploads\/2014\/07\/music-1024x1024.jpg 1024w, https:\/\/topette.net\/wp-content\/uploads\/2014\/07\/music-150x150.jpg 150w, https:\/\/topette.net\/wp-content\/uploads\/2014\/07\/music-300x300.jpg 300w, https:\/\/topette.net\/wp-content\/uploads\/2014\/07\/music-624x624.jpg 624w, https:\/\/topette.net\/wp-content\/uploads\/2014\/07\/music.jpg 1200w\" sizes=\"auto, (max-width: 709px) 85vw, (max-width: 909px) 67vw, (max-width: 1362px) 62vw, 840px\" \/><\/a><\/figure>\n\n\n\n<p><\/p>\n\n\n\n<p>Le rock est partout et n&#8217;a pas d&#8217;\u00e2ge ! la preuve&#8230;<\/p>\n\n\n\n<figure class=\"wp-block-image size-large\"><a href=\"https:\/\/topette.net\/wp-content\/uploads\/2014\/07\/mamie.jpg\"><img loading=\"lazy\" decoding=\"async\" width=\"1024\" height=\"768\" src=\"https:\/\/topette.net\/wp-content\/uploads\/2014\/07\/mamie-1024x768.jpg\" alt=\"\" class=\"wp-image-852\" srcset=\"https:\/\/topette.net\/wp-content\/uploads\/2014\/07\/mamie-1024x768.jpg 1024w, https:\/\/topette.net\/wp-content\/uploads\/2014\/07\/mamie-300x225.jpg 300w, https:\/\/topette.net\/wp-content\/uploads\/2014\/07\/mamie-624x468.jpg 624w, https:\/\/topette.net\/wp-content\/uploads\/2014\/07\/mamie.jpg 1200w\" sizes=\"auto, (max-width: 709px) 85vw, (max-width: 909px) 67vw, (max-width: 1362px) 62vw, 840px\" \/><\/a><\/figure>\n\n\n\n<p><\/p>\n\n\n\n<p>Des couleurs sous le soleil de l&#8217;hiver austral&#8230;<\/p>\n\n\n\n<figure class=\"wp-block-image size-large\"><a href=\"https:\/\/topette.net\/wp-content\/uploads\/2014\/07\/syphons.jpg\"><img loading=\"lazy\" decoding=\"async\" width=\"1024\" height=\"675\" src=\"https:\/\/topette.net\/wp-content\/uploads\/2014\/07\/syphons-1024x675.jpg\" alt=\"\" class=\"wp-image-853\" srcset=\"https:\/\/topette.net\/wp-content\/uploads\/2014\/07\/syphons-1024x675.jpg 1024w, https:\/\/topette.net\/wp-content\/uploads\/2014\/07\/syphons-300x198.jpg 300w, https:\/\/topette.net\/wp-content\/uploads\/2014\/07\/syphons-624x411.jpg 624w, https:\/\/topette.net\/wp-content\/uploads\/2014\/07\/syphons.jpg 1200w\" sizes=\"auto, (max-width: 709px) 85vw, (max-width: 909px) 67vw, (max-width: 1362px) 62vw, 840px\" \/><\/a><\/figure>\n\n\n\n<p><\/p>\n\n\n\n<p>&#8230; car si \u00e0 Buenos Aires ce sont, tout le mois de juillet, les vacances d&#8217;hiver, nous \u00e9tions quand m\u00eame en tongs et Tee shirt pour arpenter les rues anim\u00e9es de San Telmo.<\/p>\n\n\n\n<p>Une petite derni\u00e8re pour tous les amateurs de bande dessin\u00e9e, comme ils&nbsp;le savent, Bruxelles a Tintin et Buenos Aires a Mafalda&#8230;<\/p>\n\n\n\n<figure class=\"wp-block-image size-large\"><a href=\"https:\/\/topette.net\/wp-content\/uploads\/2014\/07\/mafalda.jpg\"><img loading=\"lazy\" decoding=\"async\" width=\"1024\" height=\"708\" src=\"https:\/\/topette.net\/wp-content\/uploads\/2014\/07\/mafalda-1024x708.jpg\" alt=\"\" class=\"wp-image-851\" srcset=\"https:\/\/topette.net\/wp-content\/uploads\/2014\/07\/mafalda-1024x708.jpg 1024w, https:\/\/topette.net\/wp-content\/uploads\/2014\/07\/mafalda-300x207.jpg 300w, https:\/\/topette.net\/wp-content\/uploads\/2014\/07\/mafalda-624x431.jpg 624w, https:\/\/topette.net\/wp-content\/uploads\/2014\/07\/mafalda.jpg 1200w\" sizes=\"auto, (max-width: 709px) 85vw, (max-width: 909px) 67vw, (max-width: 1362px) 62vw, 840px\" \/><\/a><\/figure>\n\n\n\n<p><\/p>\n\n\n\n<p>Pas d&#8217;inqui\u00e9tude, contrairement \u00e0 ce que laisse penser la photo, elle n&#8217;est jamais bien longtemps seule sur son banc !<\/p>\n\n\n\n<p>Nous voici donc de nouveau en forme car le fait d&#8217;\u00eatre redescendu au niveau de la mer nous a fait gagner de nombreux degr\u00e9s depuis Uyuni ! Et on a beau dire, la haute montagne \u00e7a fatigue ! On esp\u00e8re que les photos de nos ballades dans la ville vous plairont autant qu&#8217;on a de plaisir \u00e0 les prendre !<\/p>\n\n\n\n<p>On souhaite de bonnes vacances \u00e0 tous ceux qui y sont ou qui vont partir&#8230; Profitez en bien, \u00e7a passe trop vite !!!<\/p>\n\n\n\n<p>Allez, Topette !<\/p>\n","protected":false},"excerpt":{"rendered":"<p>Apr\u00e8s deux mois de dur voyage il est temps pour nous de prendre de petites vacances. Nous avons pos\u00e9 nos valises dans notre&nbsp;nouveau pied \u00e0 terre de Buenos Aires. En effet nous avons lou\u00e9 2 appartements pour les 15 jours qui viennent (non pas 1 chacun mais 1 par semaine !). Nous voici donc un &hellip; <a href=\"https:\/\/topette.net\/?p=846\" class=\"more-link\">Continuer la lecture<span class=\"screen-reader-text\"> de &laquo;&nbsp;Vacances \u00e0 Buenos Aires&nbsp;&raquo;<\/span><\/a><\/p>\n","protected":false},"author":2,"featured_media":0,"comment_status":"open","ping_status":"closed","sticky":false,"template":"","format":"standard","meta":{"_s2mail":"yes","footnotes":""},"categories":[41,82],"tags":[],"class_list":["post-846","post","type-post","status-publish","format-standard","hentry","category-carnet_de_route_argentine","category-tour-du-monde"],"_links":{"self":[{"href":"https:\/\/topette.net\/index.php?rest_route=\/wp\/v2\/posts\/846","targetHints":{"allow":["GET"]}}],"collection":[{"href":"https:\/\/topette.net\/index.php?rest_route=\/wp\/v2\/posts"}],"about":[{"href":"https:\/\/topette.net\/index.php?rest_route=\/wp\/v2\/types\/post"}],"author":[{"embeddable":true,"href":"https:\/\/topette.net\/index.php?rest_route=\/wp\/v2\/users\/2"}],"replies":[{"embeddable":true,"href":"https:\/\/topette.net\/index.php?rest_route=%2Fwp%2Fv2%2Fcomments&post=846"}],"version-history":[{"count":0,"href":"https:\/\/topette.net\/index.php?rest_route=\/wp\/v2\/posts\/846\/revisions"}],"wp:attachment":[{"href":"https:\/\/topette.net\/index.php?rest_route=%2Fwp%2Fv2%2Fmedia&parent=846"}],"wp:term":[{"taxonomy":"category","embeddable":true,"href":"https:\/\/topette.net\/index.php?rest_route=%2Fwp%2Fv2%2Fcategories&post=846"},{"taxonomy":"post_tag","embeddable":true,"href":"https:\/\/topette.net\/index.php?rest_route=%2Fwp%2Fv2%2Ftags&post=846"}],"curies":[{"name":"wp","href":"https:\/\/api.w.org\/{rel}","templated":true}]}}