{"id":899,"date":"2014-08-02T04:49:58","date_gmt":"2014-08-02T02:49:58","guid":{"rendered":"https:\/\/topette.net\/?p=899"},"modified":"2023-10-22T19:06:39","modified_gmt":"2023-10-22T17:06:39","slug":"adios-buenos-aires","status":"publish","type":"post","link":"https:\/\/topette.net\/?p=899","title":{"rendered":"Adios Buenos Aires"},"content":{"rendered":"\n<p>Notre pause \u00e0 Buenos Aires touche \u00e0 sa fin. Nous avons pass\u00e9 deux semaines tr\u00e8s agr\u00e9ables dans la capitale argentine, dans des appartements confortables, ce qui nous&nbsp;a chang\u00e9 des&nbsp;rotations d&#8217;h\u00f4tels tous les 2 ou 3 jours.<\/p>\n\n\n\n<p>Nous ne pouvions pas partir sans faire une derni\u00e8re balade dans quelques quartiers de cette ville que nous n&#8217;avions pas visit\u00e9s ou que nous voulions revoir.<\/p>\n\n\n\n<figure class=\"wp-block-image size-full\"><a href=\"https:\/\/topette.net\/wp-content\/uploads\/2014\/08\/Recolta3.jpg\"><img loading=\"lazy\" decoding=\"async\" width=\"700\" height=\"525\" src=\"https:\/\/topette.net\/wp-content\/uploads\/2014\/08\/Recolta3.jpg\" alt=\"\" class=\"wp-image-902\" srcset=\"https:\/\/topette.net\/wp-content\/uploads\/2014\/08\/Recolta3.jpg 700w, https:\/\/topette.net\/wp-content\/uploads\/2014\/08\/Recolta3-300x225.jpg 300w, https:\/\/topette.net\/wp-content\/uploads\/2014\/08\/Recolta3-624x468.jpg 624w\" sizes=\"auto, (max-width: 709px) 85vw, (max-width: 909px) 67vw, (max-width: 984px) 61vw, (max-width: 1362px) 45vw, 600px\" \/><\/a><\/figure>\n\n\n\n<p><\/p>\n\n\n\n<!--more-->\n\n\n\n<p>Le week-end est le moment de la f\u00e9ria du quartier Recoleta. Les portenos en profitent pour sortir et quand le ciel est cl\u00e9ment, ils pique-niquent sur les pelouses (hummm les bons choripans !).<\/p>\n\n\n\n<figure class=\"wp-block-image size-large\"><a href=\"https:\/\/topette.net\/wp-content\/uploads\/2014\/08\/Recoleta1.jpg\"><img loading=\"lazy\" decoding=\"async\" width=\"727\" height=\"1024\" src=\"https:\/\/topette.net\/wp-content\/uploads\/2014\/08\/Recoleta1-727x1024.jpg\" alt=\"\" class=\"wp-image-900\" srcset=\"https:\/\/topette.net\/wp-content\/uploads\/2014\/08\/Recoleta1-727x1024.jpg 727w, https:\/\/topette.net\/wp-content\/uploads\/2014\/08\/Recoleta1-213x300.jpg 213w, https:\/\/topette.net\/wp-content\/uploads\/2014\/08\/Recoleta1-624x878.jpg 624w, https:\/\/topette.net\/wp-content\/uploads\/2014\/08\/Recoleta1.jpg 852w\" sizes=\"auto, (max-width: 709px) 85vw, (max-width: 909px) 67vw, (max-width: 984px) 61vw, (max-width: 1362px) 45vw, 600px\" \/><\/a><\/figure>\n\n\n\n<p><\/p>\n\n\n\n<p>Le ciel \u00e9tait bleu et nous en avons profit\u00e9 pour lever le nez pour voir qu&#8217;aucune des pendules n&#8217;\u00e9tait \u00e0 l&#8217;heure (comme partout en Am\u00e9rique du Sud d&#8217;ailleurs y compris dans les gares).<\/p>\n\n\n\n<figure class=\"wp-block-image size-large\"><a href=\"https:\/\/topette.net\/wp-content\/uploads\/2014\/08\/Recoleta2.jpg\"><img loading=\"lazy\" decoding=\"async\" width=\"1024\" height=\"645\" src=\"https:\/\/topette.net\/wp-content\/uploads\/2014\/08\/Recoleta2-1024x645.jpg\" alt=\"\" class=\"wp-image-901\" srcset=\"https:\/\/topette.net\/wp-content\/uploads\/2014\/08\/Recoleta2-1024x645.jpg 1024w, https:\/\/topette.net\/wp-content\/uploads\/2014\/08\/Recoleta2-300x189.jpg 300w, https:\/\/topette.net\/wp-content\/uploads\/2014\/08\/Recoleta2-624x393.jpg 624w, https:\/\/topette.net\/wp-content\/uploads\/2014\/08\/Recoleta2.jpg 1200w\" sizes=\"auto, (max-width: 709px) 85vw, (max-width: 909px) 67vw, (max-width: 1362px) 62vw, 840px\" \/><\/a><\/figure>\n\n\n\n<p><\/p>\n\n\n\n<p>C&#8217;est dans ce quartier qu&#8217;on a pu admirer la Floralis Generica de l&#8217;architecte argentin Eduardo Catalano. Avec ses cinq p\u00e9tales m\u00e9talliques g\u00e9ants, c\u00b4est la premi\u00e8re sculpture en mouvement contr\u00f4l\u00e9e par un syst\u00e8me hydraulique et cellules photo\u00e9lectriques qui lui permet de s&#8217;ouvrir tous les matins \u00e0 8h00 et de se fermer \u00e0 la tomb\u00e9e du jour, \u00e0 un horaire qui change selon la saison gr\u00e2ce \u00e0 une horloge interne (le tout sous l&#8217;\u0153il attentif de l&#8217;oiseau masqu\u00e9 !).<\/p>\n\n\n\n<p>Pour les ferrailleurs int\u00e9ress\u00e9s : poids 18 tonnes, hauteur 20 m\u00e8tres.<\/p>\n\n\n\n<figure class=\"wp-block-image size-large\"><a href=\"https:\/\/topette.net\/wp-content\/uploads\/2014\/08\/Telmo2.jpg\"><img loading=\"lazy\" decoding=\"async\" width=\"870\" height=\"1024\" src=\"https:\/\/topette.net\/wp-content\/uploads\/2014\/08\/Telmo2-870x1024.jpg\" alt=\"\" class=\"wp-image-904\" srcset=\"https:\/\/topette.net\/wp-content\/uploads\/2014\/08\/Telmo2-870x1024.jpg 870w, https:\/\/topette.net\/wp-content\/uploads\/2014\/08\/Telmo2-255x300.jpg 255w, https:\/\/topette.net\/wp-content\/uploads\/2014\/08\/Telmo2-624x734.jpg 624w, https:\/\/topette.net\/wp-content\/uploads\/2014\/08\/Telmo2.jpg 1020w\" sizes=\"auto, (max-width: 709px) 85vw, (max-width: 909px) 67vw, (max-width: 1362px) 62vw, 840px\" \/><\/a><\/figure>\n\n\n\n<p><\/p>\n\n\n\n<p>Et puis comme on aime beaucoup le quartier, on est retourn\u00e9 \u00e0 San Telmo pour\u00a0v\u00e9rifier si on avait bien tout vu !<\/p>\n\n\n\n<figure class=\"wp-block-image size-large\"><a href=\"https:\/\/topette.net\/wp-content\/uploads\/2014\/08\/Telmo3.jpg\"><img loading=\"lazy\" decoding=\"async\" width=\"1024\" height=\"696\" src=\"https:\/\/topette.net\/wp-content\/uploads\/2014\/08\/Telmo3-1024x696.jpg\" alt=\"\" class=\"wp-image-905\" srcset=\"https:\/\/topette.net\/wp-content\/uploads\/2014\/08\/Telmo3-1024x696.jpg 1024w, https:\/\/topette.net\/wp-content\/uploads\/2014\/08\/Telmo3-300x204.jpg 300w, https:\/\/topette.net\/wp-content\/uploads\/2014\/08\/Telmo3-624x424.jpg 624w, https:\/\/topette.net\/wp-content\/uploads\/2014\/08\/Telmo3.jpg 1200w\" sizes=\"auto, (max-width: 709px) 85vw, (max-width: 909px) 67vw, (max-width: 1362px) 62vw, 840px\" \/><\/a><\/figure>\n\n\n\n<p><\/p>\n\n\n\n<p>On a bien fait ! Entre deux magasins d&#8217;antiquit\u00e9s, on avait rat\u00e9 la Casa Minima (\u00e0 droite), la maison la moins large de Buenos Aires (2,50 m\u00e8tres de fa\u00e7ade). Ca ne doit pas \u00eatre facile \u00e0 meubler un couloir pareil !<\/p>\n\n\n\n<figure class=\"wp-block-image size-large\"><a href=\"https:\/\/topette.net\/wp-content\/uploads\/2014\/08\/Telmo5.jpg\"><img loading=\"lazy\" decoding=\"async\" width=\"757\" height=\"1024\" src=\"https:\/\/topette.net\/wp-content\/uploads\/2014\/08\/Telmo5-757x1024.jpg\" alt=\"\" class=\"wp-image-907\" srcset=\"https:\/\/topette.net\/wp-content\/uploads\/2014\/08\/Telmo5-757x1024.jpg 757w, https:\/\/topette.net\/wp-content\/uploads\/2014\/08\/Telmo5-222x300.jpg 222w, https:\/\/topette.net\/wp-content\/uploads\/2014\/08\/Telmo5-624x843.jpg 624w, https:\/\/topette.net\/wp-content\/uploads\/2014\/08\/Telmo5.jpg 888w\" sizes=\"auto, (max-width: 709px) 85vw, (max-width: 909px) 67vw, (max-width: 984px) 61vw, (max-width: 1362px) 45vw, 600px\" \/><\/a><\/figure>\n\n\n\n<p><\/p>\n\n\n\n<p>Il y a aussi quelque patios de vieilles maisons coloniales reconverties en commerces qui nous avaient \u00e9chapp\u00e9s.<\/p>\n\n\n\n<figure class=\"wp-block-image size-large\"><a href=\"https:\/\/topette.net\/wp-content\/uploads\/2014\/08\/Telmo4.jpg\"><img loading=\"lazy\" decoding=\"async\" width=\"768\" height=\"1024\" src=\"https:\/\/topette.net\/wp-content\/uploads\/2014\/08\/Telmo4-768x1024.jpg\" alt=\"Telmo4\" class=\"wp-image-906\" srcset=\"https:\/\/topette.net\/wp-content\/uploads\/2014\/08\/Telmo4-768x1024.jpg 768w, https:\/\/topette.net\/wp-content\/uploads\/2014\/08\/Telmo4-225x300.jpg 225w, https:\/\/topette.net\/wp-content\/uploads\/2014\/08\/Telmo4-624x832.jpg 624w, https:\/\/topette.net\/wp-content\/uploads\/2014\/08\/Telmo4.jpg 1200w\" sizes=\"auto, (max-width: 709px) 85vw, (max-width: 909px) 67vw, (max-width: 984px) 61vw, (max-width: 1362px) 45vw, 600px\" \/><\/a><\/figure>\n\n\n\n<p><\/p>\n\n\n\n<p>Et quelques portes ouvertes pourraient donner des id\u00e9es de d\u00e9coration&#8230;.. si on \u00e9tait chez nous !<\/p>\n\n\n\n<figure class=\"wp-block-image size-large\"><a href=\"https:\/\/topette.net\/wp-content\/uploads\/2014\/08\/Telmo1.jpg\"><img loading=\"lazy\" decoding=\"async\" width=\"806\" height=\"1024\" src=\"https:\/\/topette.net\/wp-content\/uploads\/2014\/08\/Telmo1-806x1024.jpg\" alt=\"\" class=\"wp-image-903\" srcset=\"https:\/\/topette.net\/wp-content\/uploads\/2014\/08\/Telmo1-806x1024.jpg 806w, https:\/\/topette.net\/wp-content\/uploads\/2014\/08\/Telmo1-236x300.jpg 236w, https:\/\/topette.net\/wp-content\/uploads\/2014\/08\/Telmo1.jpg 1200w\" sizes=\"auto, (max-width: 709px) 85vw, (max-width: 909px) 67vw, (max-width: 984px) 61vw, (max-width: 1362px) 45vw, 600px\" \/><\/a><\/figure>\n\n\n\n<p><\/p>\n\n\n\n<p>Quand on parle d\u00e9coration, les murs se souviennent que l&#8217;ic\u00f4ne des rebelles du monde entier \u00e9tait un enfant du pays !<\/p>\n\n\n\n<figure class=\"wp-block-image size-full\"><a href=\"https:\/\/topette.net\/wp-content\/uploads\/2014\/08\/Telmo6.jpg\"><img loading=\"lazy\" decoding=\"async\" width=\"700\" height=\"457\" src=\"https:\/\/topette.net\/wp-content\/uploads\/2014\/08\/Telmo6.jpg\" alt=\"Telmo6\" class=\"wp-image-908\" srcset=\"https:\/\/topette.net\/wp-content\/uploads\/2014\/08\/Telmo6.jpg 700w, https:\/\/topette.net\/wp-content\/uploads\/2014\/08\/Telmo6-300x195.jpg 300w, https:\/\/topette.net\/wp-content\/uploads\/2014\/08\/Telmo6-624x407.jpg 624w\" sizes=\"auto, (max-width: 709px) 85vw, (max-width: 909px) 67vw, (max-width: 984px) 61vw, (max-width: 1362px) 45vw, 600px\" \/><\/a><\/figure>\n\n\n\n<p><\/p>\n\n\n\n<p>Il y a aussi des d\u00e9corations plus modernes (qui marchent fort d&#8217;ailleurs !) que nous ne pensons pas adopter pendant notre voyage &#8230;.. De toute fa\u00e7on les tatouages ne supportent pas bien le soleil qui est largement pr\u00e9vu dans la suite de notre p\u00e9riple !!!<\/p>\n\n\n\n<figure class=\"wp-block-image size-full\"><a href=\"https:\/\/topette.net\/wp-content\/uploads\/2014\/08\/Telmo7.jpg\"><img loading=\"lazy\" decoding=\"async\" width=\"700\" height=\"1797\" src=\"https:\/\/topette.net\/wp-content\/uploads\/2014\/08\/Telmo7.jpg\" alt=\"Telmo7\" class=\"wp-image-909\" srcset=\"https:\/\/topette.net\/wp-content\/uploads\/2014\/08\/Telmo7.jpg 700w, https:\/\/topette.net\/wp-content\/uploads\/2014\/08\/Telmo7-624x1601.jpg 624w\" sizes=\"auto, (max-width: 709px) 85vw, (max-width: 909px) 67vw, (max-width: 984px) 61vw, (max-width: 1362px) 45vw, 600px\" \/><\/a><\/figure>\n\n\n\n<p><\/p>\n\n\n\n<p>Quoique certains mod\u00e8les soient assez plaisants &#8230;<\/p>\n\n\n\n<p>Toutes ces balades assoiffant le promeneur, il \u00e9tait temps de trouver un lieu propice o\u00f9 se d\u00e9salt\u00e9rer.<\/p>\n\n\n\n<figure class=\"wp-block-image size-large\"><a href=\"https:\/\/topette.net\/wp-content\/uploads\/2014\/08\/Tortoni.jpg\"><img loading=\"lazy\" decoding=\"async\" width=\"911\" height=\"1024\" src=\"https:\/\/topette.net\/wp-content\/uploads\/2014\/08\/Tortoni-911x1024.jpg\" alt=\"\" class=\"wp-image-910\" srcset=\"https:\/\/topette.net\/wp-content\/uploads\/2014\/08\/Tortoni-911x1024.jpg 911w, https:\/\/topette.net\/wp-content\/uploads\/2014\/08\/Tortoni-267x300.jpg 267w, https:\/\/topette.net\/wp-content\/uploads\/2014\/08\/Tortoni-624x701.jpg 624w, https:\/\/topette.net\/wp-content\/uploads\/2014\/08\/Tortoni.jpg 1068w\" sizes=\"auto, (max-width: 709px) 85vw, (max-width: 909px) 67vw, (max-width: 1362px) 62vw, 840px\" \/><\/a><\/figure>\n\n\n\n<p><\/p>\n\n\n\n<p>Le plus vieux caf\u00e9 et le plus r\u00e9put\u00e9 (snob ?) de Buenos Aires, le caf\u00e9 Tortoni,\u00a0a fini par nous ouvrir ses portes apr\u00e8s une attente d&#8217;une demi-heure pour un caf\u00e9 r\u00e9parateur.<\/p>\n\n\n\n<p>Ce caf\u00e9 a \u00e9t\u00e9 fond\u00e9 en 1858 par un fran\u00e7ais et organise tous les soirs des spectacles (dont du tango, bien \u00e9videment !) dans une petite salle d\u00e9di\u00e9e.<\/p>\n\n\n\n<figure class=\"wp-block-image size-large\"><a href=\"https:\/\/topette.net\/wp-content\/uploads\/2014\/08\/Library.jpg\"><img loading=\"lazy\" decoding=\"async\" width=\"1024\" height=\"870\" src=\"https:\/\/topette.net\/wp-content\/uploads\/2014\/08\/Library-1024x870.jpg\" alt=\"\" class=\"wp-image-911\" srcset=\"https:\/\/topette.net\/wp-content\/uploads\/2014\/08\/Library-1024x870.jpg 1024w, https:\/\/topette.net\/wp-content\/uploads\/2014\/08\/Library-300x255.jpg 300w, https:\/\/topette.net\/wp-content\/uploads\/2014\/08\/Library-624x530.jpg 624w, https:\/\/topette.net\/wp-content\/uploads\/2014\/08\/Library.jpg 1200w\" sizes=\"auto, (max-width: 709px) 85vw, (max-width: 909px) 67vw, (max-width: 1362px) 62vw, 840px\" \/><\/a><\/figure>\n\n\n\n<p><\/p>\n\n\n\n<p>Et puis il fallait bien aussi que la Martinette repasse par une librairie pour se replonger dans des odeurs famili\u00e8res, et des bruits feutr\u00e9s&#8230;.. Celle-ci est tr\u00e8s belle et bien achaland\u00e9e contrairement \u00e0 certaine librairie Angevine ! En plus, on peut boire un coup et manger un morceau, on se nourrit l&#8217;esprit et le corps (il y a m\u00eame du Jack Daniel&#8217;s sur la carte, c&#8217;est donc un lieu hautement recommandable &#8230;.).<\/p>\n\n\n\n<figure class=\"wp-block-image size-large\"><a href=\"https:\/\/topette.net\/wp-content\/uploads\/2014\/08\/Mayo.jpg\"><img loading=\"lazy\" decoding=\"async\" width=\"1024\" height=\"727\" src=\"https:\/\/topette.net\/wp-content\/uploads\/2014\/08\/Mayo-1024x727.jpg\" alt=\"\" class=\"wp-image-912\" srcset=\"https:\/\/topette.net\/wp-content\/uploads\/2014\/08\/Mayo-1024x727.jpg 1024w, https:\/\/topette.net\/wp-content\/uploads\/2014\/08\/Mayo-300x213.jpg 300w, https:\/\/topette.net\/wp-content\/uploads\/2014\/08\/Mayo-624x443.jpg 624w, https:\/\/topette.net\/wp-content\/uploads\/2014\/08\/Mayo.jpg 1200w\" sizes=\"auto, (max-width: 709px) 85vw, (max-width: 909px) 67vw, (max-width: 1362px) 62vw, 840px\" \/><\/a><\/figure>\n\n\n\n<p><\/p>\n\n\n\n<p>Avant de partir, un dernier coup d&#8217;\u0153il \u00e0 la plaza de Mayo, haut lieu des luttes sociales et de manifestations argentines, notamment des &#8220;M\u00e8res de la place de Mai&#8221; dont les enfants ont disparus, assassin\u00e9s pendant la dictature militaire entre 1976 et 1983 et qui y effectuent des rondes hebdomadaires depuis 1977.<\/p>\n\n\n\n<p>Voil\u00e0 la parenth\u00e8se Buenos Aires se referme et demain nous reprenons nos bonnes habitudes de voyageurs au long court : 20 heures de bus et on sera arriv\u00e9s \u00e0 Puerto Madryn (les&nbsp;curieux de g\u00e9ographie argentine&nbsp;peuvent chercher sur la carte, c&#8217;est l&#8217;entr\u00e9e de la p\u00e9ninsule Vald\u00e8s) o\u00f9 nous esp\u00e9rons voir des baleines. Et oui, il faut le savoir, c&#8217;est la saison des baleines en Patagonie !<\/p>\n\n\n\n<p>Allez, Topette !<\/p>\n","protected":false},"excerpt":{"rendered":"<p>Notre pause \u00e0 Buenos Aires touche \u00e0 sa fin. Nous avons pass\u00e9 deux semaines tr\u00e8s agr\u00e9ables dans la capitale argentine, dans des appartements confortables, ce qui nous&nbsp;a chang\u00e9 des&nbsp;rotations d&#8217;h\u00f4tels tous les 2 ou 3 jours. Nous ne pouvions pas partir sans faire une derni\u00e8re balade dans quelques quartiers de cette ville que nous n&#8217;avions &hellip; <a href=\"https:\/\/topette.net\/?p=899\" class=\"more-link\">Continuer la lecture<span class=\"screen-reader-text\"> de &laquo;&nbsp;Adios Buenos Aires&nbsp;&raquo;<\/span><\/a><\/p>\n","protected":false},"author":2,"featured_media":0,"comment_status":"open","ping_status":"closed","sticky":false,"template":"","format":"standard","meta":{"_s2mail":"yes","footnotes":""},"categories":[41,82],"tags":[],"class_list":["post-899","post","type-post","status-publish","format-standard","hentry","category-carnet_de_route_argentine","category-tour-du-monde"],"_links":{"self":[{"href":"https:\/\/topette.net\/index.php?rest_route=\/wp\/v2\/posts\/899","targetHints":{"allow":["GET"]}}],"collection":[{"href":"https:\/\/topette.net\/index.php?rest_route=\/wp\/v2\/posts"}],"about":[{"href":"https:\/\/topette.net\/index.php?rest_route=\/wp\/v2\/types\/post"}],"author":[{"embeddable":true,"href":"https:\/\/topette.net\/index.php?rest_route=\/wp\/v2\/users\/2"}],"replies":[{"embeddable":true,"href":"https:\/\/topette.net\/index.php?rest_route=%2Fwp%2Fv2%2Fcomments&post=899"}],"version-history":[{"count":0,"href":"https:\/\/topette.net\/index.php?rest_route=\/wp\/v2\/posts\/899\/revisions"}],"wp:attachment":[{"href":"https:\/\/topette.net\/index.php?rest_route=%2Fwp%2Fv2%2Fmedia&parent=899"}],"wp:term":[{"taxonomy":"category","embeddable":true,"href":"https:\/\/topette.net\/index.php?rest_route=%2Fwp%2Fv2%2Fcategories&post=899"},{"taxonomy":"post_tag","embeddable":true,"href":"https:\/\/topette.net\/index.php?rest_route=%2Fwp%2Fv2%2Ftags&post=899"}],"curies":[{"name":"wp","href":"https:\/\/api.w.org\/{rel}","templated":true}]}}