{"id":974,"date":"2014-08-16T02:10:30","date_gmt":"2014-08-16T00:10:30","guid":{"rendered":"https:\/\/topette.net\/?p=974"},"modified":"2023-10-22T18:20:48","modified_gmt":"2023-10-22T16:20:48","slug":"adios-america-del-sur","status":"publish","type":"post","link":"https:\/\/topette.net\/?p=974","title":{"rendered":"Adios America del sur&#8230;"},"content":{"rendered":"\n<p>Eh oui on va quitter d\u00e8s demain matin l&#8217;Am\u00e9rique du Sud pour partir sur l&#8217;\u00eele la plus \u00e9loign\u00e9e de toutes les terres : L&#8217;\u00eele de P\u00e2ques. Celle-ci est sous gouvernance du Chili, avec la m\u00eame langue et la m\u00eame monnaie mais elle est quand m\u00eame historiquement tr\u00e8s li\u00e9e aux \u00eeles de l&#8217;Oc\u00e9anie. Bon on vous racontera tout \u00e7a quand nous y serons mais, pas d&#8217;inqui\u00e9tude, on sera un peu coup\u00e9s du monde jusqu&#8217;au 26 ao\u00fbt car \u00eele isol\u00e9e = internet tr\u00e8s mod\u00e9r\u00e9 ! On n&#8217;aura peut-\u00eatre pas la possibilit\u00e9 de vous donner des nouvelles de l\u00e0-bas mais \u00e7a va vous faire des vacances&#8230; et on vous retrouvera en direct de Tahiti (oui l\u00e0 \u00e7a fait mal&#8230;).<\/p>\n\n\n\n<p>En attendant de monter dans l&#8217;avion, nous&nbsp;voici donc pour 2 jours \u00e0 Santiago, la capitale du Chili, pas au bord de l&#8217;oc\u00e9an comme Valparaiso mais plut\u00f4t au milieu des montagnes enneig\u00e9es.<\/p>\n\n\n\n<figure class=\"wp-block-image size-full\"><a href=\"https:\/\/topette.net\/wp-content\/uploads\/2014\/08\/S1.jpg\"><img loading=\"lazy\" decoding=\"async\" width=\"700\" height=\"525\" src=\"https:\/\/topette.net\/wp-content\/uploads\/2014\/08\/S1.jpg\" alt=\"S1\" class=\"wp-image-978\" srcset=\"https:\/\/topette.net\/wp-content\/uploads\/2014\/08\/S1.jpg 700w, https:\/\/topette.net\/wp-content\/uploads\/2014\/08\/S1-300x225.jpg 300w, https:\/\/topette.net\/wp-content\/uploads\/2014\/08\/S1-624x468.jpg 624w\" sizes=\"auto, (max-width: 709px) 85vw, (max-width: 909px) 67vw, (max-width: 984px) 61vw, (max-width: 1362px) 45vw, 600px\" \/><\/a><\/figure>\n\n\n\n<!--more-->\n\n\n\n<p>On vous emm\u00e8ne faire un petit tour dans la ville et on commence par la visite d&#8217;une seconde maison de Pablo Neruda : La Chascona. Il avait beaucoup d&#8217;activit\u00e9s cet homme l\u00e0 : po\u00e8te, \u00e9crivain,\u00a0diplomate (il a m\u00eame \u00e9t\u00e9 ambassadeur du Chili en France) et il aimait bien se construire de belles maisons assez originales et tr\u00e8s sympas \u00e0 visiter. Malheureusement on n&#8217;a pas le droit de photographier l&#8217;int\u00e9rieur donc on ne vous montre qu&#8217;un aper\u00e7u &#8230;<\/p>\n\n\n\n<figure class=\"wp-block-image size-large\"><a href=\"https:\/\/topette.net\/wp-content\/uploads\/2014\/08\/S2.jpg\"><img loading=\"lazy\" decoding=\"async\" width=\"1024\" height=\"962\" src=\"https:\/\/topette.net\/wp-content\/uploads\/2014\/08\/S2-1024x962.jpg\" alt=\"\" class=\"wp-image-979\" srcset=\"https:\/\/topette.net\/wp-content\/uploads\/2014\/08\/S2-1024x962.jpg 1024w, https:\/\/topette.net\/wp-content\/uploads\/2014\/08\/S2-300x282.jpg 300w, https:\/\/topette.net\/wp-content\/uploads\/2014\/08\/S2-624x586.jpg 624w, https:\/\/topette.net\/wp-content\/uploads\/2014\/08\/S2.jpg 1200w\" sizes=\"auto, (max-width: 709px) 85vw, (max-width: 909px) 67vw, (max-width: 1362px) 62vw, 840px\" \/><\/a><\/figure>\n\n\n\n<p><\/p>\n\n\n\n<p>On continue notre chemin par un parc bien ensoleill\u00e9 en ce 15 ao\u00fbt&#8230;<\/p>\n\n\n\n<figure class=\"wp-block-image size-large\"><a href=\"https:\/\/topette.net\/wp-content\/uploads\/2014\/08\/parc.jpg\"><img loading=\"lazy\" decoding=\"async\" width=\"1024\" height=\"389\" src=\"https:\/\/topette.net\/wp-content\/uploads\/2014\/08\/parc-1024x389.jpg\" alt=\"\" class=\"wp-image-976\" srcset=\"https:\/\/topette.net\/wp-content\/uploads\/2014\/08\/parc-1024x389.jpg 1024w, https:\/\/topette.net\/wp-content\/uploads\/2014\/08\/parc-300x114.jpg 300w, https:\/\/topette.net\/wp-content\/uploads\/2014\/08\/parc-624x237.jpg 624w, https:\/\/topette.net\/wp-content\/uploads\/2014\/08\/parc.jpg 1200w\" sizes=\"auto, (max-width: 709px) 85vw, (max-width: 909px) 67vw, (max-width: 1362px) 62vw, 840px\" \/><\/a><\/figure>\n\n\n\n<p><\/p>\n\n\n\n<p>La ville de Santiago n&#8217;est pas color\u00e9e comme Valparaiso et les immenses immeubles remplacent les maisonnettes de la ville du bord de mer. On est tomb\u00e9 sur ce grand mur au dessin tr\u00e8s appliqu\u00e9&#8230; peut-\u00eatre que Bastien pourra nous en dire plus sur l&#8217;auteur et la signification de l&#8217;\u0153uvre ?<\/p>\n\n\n\n<figure class=\"wp-block-image size-large\"><a href=\"https:\/\/topette.net\/wp-content\/uploads\/2014\/08\/S3.jpg\"><img loading=\"lazy\" decoding=\"async\" width=\"1024\" height=\"657\" src=\"https:\/\/topette.net\/wp-content\/uploads\/2014\/08\/S3-1024x657.jpg\" alt=\"S3\" class=\"wp-image-980\" srcset=\"https:\/\/topette.net\/wp-content\/uploads\/2014\/08\/S3-1024x657.jpg 1024w, https:\/\/topette.net\/wp-content\/uploads\/2014\/08\/S3-300x192.jpg 300w, https:\/\/topette.net\/wp-content\/uploads\/2014\/08\/S3-624x400.jpg 624w, https:\/\/topette.net\/wp-content\/uploads\/2014\/08\/S3.jpg 1200w\" sizes=\"auto, (max-width: 709px) 85vw, (max-width: 909px) 67vw, (max-width: 1362px) 62vw, 840px\" \/><\/a><\/figure>\n\n\n\n<p><\/p>\n\n\n\n<p>Les b\u00e2timents officiels comme le Palais de la Moneda (en haut \u00e0 gauche sur la photo), palais pr\u00e9sidentiel, ont \u00e9t\u00e9 restaur\u00e9s au fil des ans car ils avaient soufferts pendant la p\u00e9riode sombre du coup d&#8217;\u00e9tat de Pinochet et durant les ann\u00e9es de dictature\u00a0qui suivirent.<\/p>\n\n\n\n<figure class=\"wp-block-image size-large\"><a href=\"https:\/\/topette.net\/wp-content\/uploads\/2014\/08\/centre.jpg\"><img loading=\"lazy\" decoding=\"async\" width=\"1024\" height=\"829\" src=\"https:\/\/topette.net\/wp-content\/uploads\/2014\/08\/centre-1024x829.jpg\" alt=\"\" class=\"wp-image-977\" srcset=\"https:\/\/topette.net\/wp-content\/uploads\/2014\/08\/centre-1024x829.jpg 1024w, https:\/\/topette.net\/wp-content\/uploads\/2014\/08\/centre-300x243.jpg 300w, https:\/\/topette.net\/wp-content\/uploads\/2014\/08\/centre-624x505.jpg 624w, https:\/\/topette.net\/wp-content\/uploads\/2014\/08\/centre.jpg 1200w\" sizes=\"auto, (max-width: 709px) 85vw, (max-width: 909px) 67vw, (max-width: 1362px) 62vw, 840px\" \/><\/a><\/figure>\n\n\n\n<p><\/p>\n\n\n\n<p>Et si la neige est encore pr\u00e9sente sur les sommets, on sent que le printemps arrive ici (24\u00b0 cet apr\u00e8s-midi !) et la preuve en images&#8230;<\/p>\n\n\n\n<figure class=\"wp-block-image size-large\"><a href=\"https:\/\/topette.net\/wp-content\/uploads\/2014\/08\/printemps.jpg\"><img loading=\"lazy\" decoding=\"async\" width=\"1024\" height=\"860\" src=\"https:\/\/topette.net\/wp-content\/uploads\/2014\/08\/printemps-1024x860.jpg\" alt=\"\" class=\"wp-image-975\" srcset=\"https:\/\/topette.net\/wp-content\/uploads\/2014\/08\/printemps-1024x860.jpg 1024w, https:\/\/topette.net\/wp-content\/uploads\/2014\/08\/printemps-300x252.jpg 300w, https:\/\/topette.net\/wp-content\/uploads\/2014\/08\/printemps-624x524.jpg 624w, https:\/\/topette.net\/wp-content\/uploads\/2014\/08\/printemps.jpg 1200w\" sizes=\"auto, (max-width: 709px) 85vw, (max-width: 909px) 67vw, (max-width: 1362px) 62vw, 840px\" \/><\/a><\/figure>\n\n\n\n<p><\/p>\n\n\n\n<p>Comme pour tout bon promeneur aimant se restaurer\u00a0apr\u00e8s une longue ballade, on a repris le m\u00e9tro jusqu&#8217;\u00e0 notre\u00a0chambrette pour\u00a0boire un th\u00e9 et d\u00e9guster un&#8230; queque !<\/p>\n\n\n\n<p>(Attention ! Photos trop magnifiques de la collection des photos idiotes de Georges !!!)<\/p>\n\n\n\n<figure class=\"wp-block-image size-large\"><a href=\"https:\/\/topette.net\/wp-content\/uploads\/2014\/08\/S4.jpg\"><img loading=\"lazy\" decoding=\"async\" width=\"1024\" height=\"348\" src=\"https:\/\/topette.net\/wp-content\/uploads\/2014\/08\/S4-1024x348.jpg\" alt=\"\" class=\"wp-image-981\" srcset=\"https:\/\/topette.net\/wp-content\/uploads\/2014\/08\/S4-1024x348.jpg 1024w, https:\/\/topette.net\/wp-content\/uploads\/2014\/08\/S4-300x102.jpg 300w, https:\/\/topette.net\/wp-content\/uploads\/2014\/08\/S4-624x212.jpg 624w, https:\/\/topette.net\/wp-content\/uploads\/2014\/08\/S4.jpg 1200w\" sizes=\"auto, (max-width: 709px) 85vw, (max-width: 909px) 67vw, (max-width: 1362px) 62vw, 840px\" \/><\/a><\/figure>\n\n\n\n<p><\/p>\n\n\n\n<p>Voil\u00e0 donc notre p\u00e9riple de 3 mois (Eh oui, d\u00e9j\u00e0 !) en Am\u00e9rique du Sud se termine ici, on a \u00e9t\u00e9 tr\u00e8s contents de d\u00e9couvrir tous ces pays magnifiques et on vous fera un petit bilan dans quelque temps (en direct des plages polyn\u00e9siennes&#8230;). On esp\u00e8re que vous\u00a0ne vous\u00a0ennuyez pas en nous lisant, que vous aimez les photos prises par Georges, que vous allez devenir tr\u00e8s forts en g\u00e9ographie et que vous avez encore envie de nous suivre en Oc\u00e9anie\u00a0!<\/p>\n\n\n\n<p>Pour arroser \u00e7a, le propri\u00e9taire de notre guest house vient de nous offrir un verre de vin chilien et une bi\u00e8re d&#8217;origine inconnue, nos premiers verres d&#8217;ap\u00e9ritif depuis notre d\u00e9part !<\/p>\n\n\n\n<p>Tchin !<\/p>\n\n\n\n<p>Allez, Topette !<\/p>\n","protected":false},"excerpt":{"rendered":"<p>Eh oui on va quitter d\u00e8s demain matin l&#8217;Am\u00e9rique du Sud pour partir sur l&#8217;\u00eele la plus \u00e9loign\u00e9e de toutes les terres : L&#8217;\u00eele de P\u00e2ques. Celle-ci est sous gouvernance du Chili, avec la m\u00eame langue et la m\u00eame monnaie mais elle est quand m\u00eame historiquement tr\u00e8s li\u00e9e aux \u00eeles de l&#8217;Oc\u00e9anie. Bon on vous &hellip; <a href=\"https:\/\/topette.net\/?p=974\" class=\"more-link\">Continuer la lecture<span class=\"screen-reader-text\"> de &laquo;&nbsp;Adios America del sur&#8230;&nbsp;&raquo;<\/span><\/a><\/p>\n","protected":false},"author":2,"featured_media":0,"comment_status":"open","ping_status":"closed","sticky":false,"template":"","format":"standard","meta":{"_s2mail":"yes","footnotes":""},"categories":[45,82],"tags":[],"class_list":["post-974","post","type-post","status-publish","format-standard","hentry","category-carnet_de_route_chili","category-tour-du-monde"],"_links":{"self":[{"href":"https:\/\/topette.net\/index.php?rest_route=\/wp\/v2\/posts\/974","targetHints":{"allow":["GET"]}}],"collection":[{"href":"https:\/\/topette.net\/index.php?rest_route=\/wp\/v2\/posts"}],"about":[{"href":"https:\/\/topette.net\/index.php?rest_route=\/wp\/v2\/types\/post"}],"author":[{"embeddable":true,"href":"https:\/\/topette.net\/index.php?rest_route=\/wp\/v2\/users\/2"}],"replies":[{"embeddable":true,"href":"https:\/\/topette.net\/index.php?rest_route=%2Fwp%2Fv2%2Fcomments&post=974"}],"version-history":[{"count":0,"href":"https:\/\/topette.net\/index.php?rest_route=\/wp\/v2\/posts\/974\/revisions"}],"wp:attachment":[{"href":"https:\/\/topette.net\/index.php?rest_route=%2Fwp%2Fv2%2Fmedia&parent=974"}],"wp:term":[{"taxonomy":"category","embeddable":true,"href":"https:\/\/topette.net\/index.php?rest_route=%2Fwp%2Fv2%2Fcategories&post=974"},{"taxonomy":"post_tag","embeddable":true,"href":"https:\/\/topette.net\/index.php?rest_route=%2Fwp%2Fv2%2Ftags&post=974"}],"curies":[{"name":"wp","href":"https:\/\/api.w.org\/{rel}","templated":true}]}}