{"id":997,"date":"2014-08-30T00:10:13","date_gmt":"2014-08-29T22:10:13","guid":{"rendered":"https:\/\/topette.net\/?p=997"},"modified":"2023-10-22T18:07:11","modified_gmt":"2023-10-22T16:07:11","slug":"rapa-nui-lile-mysterieuse","status":"publish","type":"post","link":"https:\/\/topette.net\/?p=997","title":{"rendered":"Rapa Nui, l&#8217;\u00eele myst\u00e9rieuse"},"content":{"rendered":"\n<p>C&#8217;est l&#8217;\u00eele la plus isol\u00e9e du monde, perdue au milieu du Pacifique sud, 3700 km du Chili, 4000 km de Tahiti, une surface de <span style=\"font-family: Arial; font-size: small;\">16628 hectares<\/span>, 5800 habitants et pourtant tout le monde la conna\u00eet sous le nom issu du jour de sa d\u00e9couverte, Rapa Nui c&#8217;est en fait l&#8217;\u00eele de P\u00e2ques.<\/p>\n\n\n\n<p>Politiquement l&#8217;\u00eele de P\u00e2ques fait partie du Chili mais g\u00e9ographiquement elle est situ\u00e9e en Oc\u00e9anie dont elle est une des trois portes d&#8217;entr\u00e9e avec Hawa\u00ef au nord et la Nouvelle Z\u00e9lande au sud.<\/p>\n\n\n\n<figure class=\"wp-block-image size-full\"><a href=\"https:\/\/topette.net\/wp-content\/uploads\/2014\/08\/P1030113.jpg\"><img loading=\"lazy\" decoding=\"async\" width=\"700\" height=\"525\" src=\"https:\/\/topette.net\/wp-content\/uploads\/2014\/08\/P1030113.jpg\" alt=\"\" class=\"wp-image-1008\" srcset=\"https:\/\/topette.net\/wp-content\/uploads\/2014\/08\/P1030113.jpg 700w, https:\/\/topette.net\/wp-content\/uploads\/2014\/08\/P1030113-300x225.jpg 300w, https:\/\/topette.net\/wp-content\/uploads\/2014\/08\/P1030113-624x468.jpg 624w\" sizes=\"auto, (max-width: 709px) 85vw, (max-width: 909px) 67vw, (max-width: 984px) 61vw, (max-width: 1362px) 45vw, 600px\" \/><\/a><\/figure>\n\n\n\n<p><\/p>\n\n\n\n<!--more-->\n\n\n\n<p>A notre descente d&#8217;avion dans un petit a\u00e9roport champ\u00eatre nous avons d\u00e9couvert une \u00eele battue par un vent souvent violent et rendue verdoyante par des pluies fr\u00e9quentes.<\/p>\n\n\n\n<figure class=\"wp-block-image size-large\"><a href=\"https:\/\/topette.net\/wp-content\/uploads\/2014\/08\/ensemble.jpg\"><img loading=\"lazy\" decoding=\"async\" width=\"1024\" height=\"1024\" src=\"https:\/\/topette.net\/wp-content\/uploads\/2014\/08\/ensemble-1024x1024.jpg\" alt=\"ensemble\" class=\"wp-image-1005\" srcset=\"https:\/\/topette.net\/wp-content\/uploads\/2014\/08\/ensemble-1024x1024.jpg 1024w, https:\/\/topette.net\/wp-content\/uploads\/2014\/08\/ensemble-150x150.jpg 150w, https:\/\/topette.net\/wp-content\/uploads\/2014\/08\/ensemble-300x300.jpg 300w, https:\/\/topette.net\/wp-content\/uploads\/2014\/08\/ensemble-624x624.jpg 624w, https:\/\/topette.net\/wp-content\/uploads\/2014\/08\/ensemble.jpg 1200w\" sizes=\"auto, (max-width: 709px) 85vw, (max-width: 909px) 67vw, (max-width: 1362px) 62vw, 840px\" \/><\/a><\/figure>\n\n\n\n<p><\/p>\n\n\n\n<p>L&#8217;origine volcanique de l&#8217;\u00eele se traduit par un vallonnement qui n&#8217;est pas sans rappeler le massif central, alors que les c\u00f4tes\u00a0font penser \u00e0\u00a0la bretagne.\u00a0Partout des chevaux sont en libert\u00e9 et la place ne leur manque pas car tous les habitants habitent le village de Hanga Roa. C&#8217;est aussi un spot propice au surf que les pascuans pratiquent assidument.<\/p>\n\n\n\n<figure class=\"wp-block-image size-large\"><a href=\"https:\/\/topette.net\/wp-content\/uploads\/2014\/08\/vague.jpg\"><img loading=\"lazy\" decoding=\"async\" width=\"1024\" height=\"768\" src=\"https:\/\/topette.net\/wp-content\/uploads\/2014\/08\/vague-1024x768.jpg\" alt=\"\" class=\"wp-image-1015\" srcset=\"https:\/\/topette.net\/wp-content\/uploads\/2014\/08\/vague-1024x768.jpg 1024w, https:\/\/topette.net\/wp-content\/uploads\/2014\/08\/vague-300x225.jpg 300w, https:\/\/topette.net\/wp-content\/uploads\/2014\/08\/vague-624x468.jpg 624w, https:\/\/topette.net\/wp-content\/uploads\/2014\/08\/vague.jpg 1200w\" sizes=\"auto, (max-width: 709px) 85vw, (max-width: 909px) 67vw, (max-width: 1362px) 62vw, 840px\" \/><\/a><\/figure>\n\n\n\n<p><\/p>\n\n\n\n<p>Mais Rapa Nui c&#8217;est surtout, sur toute sa surface, un vaste site arch\u00e9ologique avec partout les vestiges des fameux Moa\u00ef. Il y en a plus de 900 diss\u00e9min\u00e9s sur l&#8217;\u00eele et\u00a0tous ont \u00e9t\u00e9 renvers\u00e9s mais quelques uns ont \u00e9t\u00e9 redress\u00e9s ces derni\u00e8res ann\u00e9es.<\/p>\n\n\n\n<figure class=\"wp-block-image size-large\"><a href=\"https:\/\/topette.net\/wp-content\/uploads\/2014\/08\/Tehaie.jpg\"><img loading=\"lazy\" decoding=\"async\" width=\"880\" height=\"1024\" src=\"https:\/\/topette.net\/wp-content\/uploads\/2014\/08\/Tehaie-880x1024.jpg\" alt=\"Tehaie\" class=\"wp-image-1014\" srcset=\"https:\/\/topette.net\/wp-content\/uploads\/2014\/08\/Tehaie-880x1024.jpg 880w, https:\/\/topette.net\/wp-content\/uploads\/2014\/08\/Tehaie-258x300.jpg 258w, https:\/\/topette.net\/wp-content\/uploads\/2014\/08\/Tehaie-624x725.jpg 624w, https:\/\/topette.net\/wp-content\/uploads\/2014\/08\/Tehaie.jpg 1032w\" sizes=\"auto, (max-width: 709px) 85vw, (max-width: 909px) 67vw, (max-width: 1362px) 62vw, 840px\" \/><\/a><\/figure>\n\n\n\n<p><\/p>\n\n\n\n<p>Ces Moa\u00ef \u00e9taient \u00e9rig\u00e9s sur le rivage pour prot\u00e9ger le village vers lequel\u00a0leurs regards \u00e9taient tourn\u00e9s, ce qui fait qu&#8217;il tournaient le dos \u00e0 l&#8217;oc\u00e9an. On sait tr\u00e8s peu de choses sur l&#8217;histoire de l&#8217;\u00eele, la tradition orale s&#8217;\u00e9tant perdue. Toutes les connaissances\u00a0 \u00e0 son sujet ne sont souvent que des suppositions de scientifiques pas toujours d&#8217;accord entre eux.<\/p>\n\n\n\n<figure class=\"wp-block-image size-large\"><a href=\"https:\/\/topette.net\/wp-content\/uploads\/2014\/08\/plage.jpg\"><img loading=\"lazy\" decoding=\"async\" width=\"1024\" height=\"829\" src=\"https:\/\/topette.net\/wp-content\/uploads\/2014\/08\/plage-1024x829.jpg\" alt=\"plage\" class=\"wp-image-1012\" srcset=\"https:\/\/topette.net\/wp-content\/uploads\/2014\/08\/plage-1024x829.jpg 1024w, https:\/\/topette.net\/wp-content\/uploads\/2014\/08\/plage-300x243.jpg 300w, https:\/\/topette.net\/wp-content\/uploads\/2014\/08\/plage-624x505.jpg 624w, https:\/\/topette.net\/wp-content\/uploads\/2014\/08\/plage.jpg 1200w\" sizes=\"auto, (max-width: 709px) 85vw, (max-width: 909px) 67vw, (max-width: 1362px) 62vw, 840px\" \/><\/a><\/figure>\n\n\n\n<p><\/p>\n\n\n\n<p>L&#8217;origine m\u00eame des premiers arrivants a longtemps pr\u00eat\u00e9 \u00e0 discussion. Certains, comme Thor Heyerdahl, affirmaient qu&#8217;ils venaient d&#8217;Am\u00e9rique du sud et c&#8217;est pour tenter de le d\u00e9montrer qu&#8217;il monta l&#8217;exp\u00e9dition du Kon Tiki au d\u00e9part du P\u00e9rou qui arriva dans l&#8217;archipel des Tuamotu.<\/p>\n\n\n\n<p>Maintenant il semble acquis que les premiers habitants de l&#8217;\u00eele soient venus de Polyn\u00e9sie. Ils se mirent \u00e0 \u00e9riger les Moa\u00ef dont on suppose qu&#8217;ils repr\u00e9sentaient des dignitaires morts ou vivants dont le &#8220;mana&#8221; (pouvoir de l&#8217;esprit) \u00e9tait capable de les prot\u00e9ger gr\u00e2ce au regard des statues.&nbsp;<\/p>\n\n\n\n<figure class=\"wp-block-image size-large\"><a href=\"https:\/\/topette.net\/wp-content\/uploads\/2014\/08\/15-moa\u00cf.jpg\"><img loading=\"lazy\" decoding=\"async\" width=\"1024\" height=\"353\" src=\"https:\/\/topette.net\/wp-content\/uploads\/2014\/08\/15-moa\u00cf-1024x353.jpg\" alt=\"15 moa\u00cf\" class=\"wp-image-1002\" srcset=\"https:\/\/topette.net\/wp-content\/uploads\/2014\/08\/15-moa\u00cf-1024x353.jpg 1024w, https:\/\/topette.net\/wp-content\/uploads\/2014\/08\/15-moa\u00cf-300x103.jpg 300w, https:\/\/topette.net\/wp-content\/uploads\/2014\/08\/15-moa\u00cf-624x215.jpg 624w, https:\/\/topette.net\/wp-content\/uploads\/2014\/08\/15-moa\u00cf.jpg 1200w\" sizes=\"auto, (max-width: 709px) 85vw, (max-width: 909px) 67vw, (max-width: 1362px) 62vw, 840px\" \/><\/a><\/figure>\n\n\n\n<p><\/p>\n\n\n\n<p>Les Moa\u00ef \u00e9taient seuls ou plusieurs et \u00e9rig\u00e9s sur des plateformes\u00a0de pierres (ahu) dont certaines pouvaient faire une hauteur de 3 m\u00e8tres. Ils \u00e9taient souvent coiff\u00e9s d&#8217;une esp\u00e8ce de chapeau (ou peut-\u00eatre d&#8217;une sorte de chignon) appel\u00e9 Pukao et r\u00e9alis\u00e9 dans une roche plus rouge que le corps de la statue.<\/p>\n\n\n\n<figure class=\"wp-block-image size-large\"><a href=\"https:\/\/topette.net\/wp-content\/uploads\/2014\/08\/15.jpg\"><img loading=\"lazy\" decoding=\"async\" width=\"1024\" height=\"870\" src=\"https:\/\/topette.net\/wp-content\/uploads\/2014\/08\/15-1024x870.jpg\" alt=\"15\" class=\"wp-image-1003\" srcset=\"https:\/\/topette.net\/wp-content\/uploads\/2014\/08\/15-1024x870.jpg 1024w, https:\/\/topette.net\/wp-content\/uploads\/2014\/08\/15-300x255.jpg 300w, https:\/\/topette.net\/wp-content\/uploads\/2014\/08\/15-624x530.jpg 624w, https:\/\/topette.net\/wp-content\/uploads\/2014\/08\/15.jpg 1200w\" sizes=\"auto, (max-width: 709px) 85vw, (max-width: 909px) 67vw, (max-width: 1362px) 62vw, 840px\" \/><\/a><\/figure>\n\n\n\n<p><\/p>\n\n\n\n<p>Ces Moa\u00cf sont devenus de plus en plus grands au fil du temps. Le plus grand qui fut \u00e9rig\u00e9 mesurait 12 m\u00e8tres pukao compris, pour un poids d&#8217;environ 80 tonnes. Il en a \u00e9t\u00e9 trouv\u00e9 un en cours de fabrication qui aurait mesur\u00e9 21,50 m\u00e8tre une fois fini pour un poids estim\u00e9 d&#8217;environ 200 tonnes.\u00a0<\/p>\n\n\n\n<figure class=\"wp-block-image size-large\"><a href=\"https:\/\/topette.net\/wp-content\/uploads\/2014\/08\/pukao.jpg\"><img loading=\"lazy\" decoding=\"async\" width=\"1024\" height=\"870\" src=\"https:\/\/topette.net\/wp-content\/uploads\/2014\/08\/pukao-1024x870.jpg\" alt=\"pukao\" class=\"wp-image-1013\" srcset=\"https:\/\/topette.net\/wp-content\/uploads\/2014\/08\/pukao-1024x870.jpg 1024w, https:\/\/topette.net\/wp-content\/uploads\/2014\/08\/pukao-300x255.jpg 300w, https:\/\/topette.net\/wp-content\/uploads\/2014\/08\/pukao-624x530.jpg 624w, https:\/\/topette.net\/wp-content\/uploads\/2014\/08\/pukao.jpg 1200w\" sizes=\"auto, (max-width: 709px) 85vw, (max-width: 909px) 67vw, (max-width: 1362px) 62vw, 840px\" \/><\/a><\/figure>\n\n\n\n<p><\/p>\n\n\n\n<p>C&#8217;est l\u00e0 que les choses se compliquent car les Moa\u00ef \u00e9taient tous taill\u00e9s dans une carri\u00e8re, les pukao dans une autre (pour avoir une couleur de pierre diff\u00e9rente) puis \u00e9taient transport\u00e9s sur leur plateforme. La tradition dit que le chef du village avait un &#8220;mana&#8221; suffisant pour faire marcher les Moa\u00ef, mais les scientifiques penchent plut\u00f4t pour un travail collectif avec des cordes qui permettait de faire avancer le Moa\u00ef par \u00e0-coup (comme on bouge un frigidaire en gros &#8230;).\u00a0<\/p>\n\n\n\n<figure class=\"wp-block-image size-large\"><a href=\"https:\/\/topette.net\/wp-content\/uploads\/2014\/08\/carri\u00e8re.jpg\"><img loading=\"lazy\" decoding=\"async\" width=\"1024\" height=\"778\" src=\"https:\/\/topette.net\/wp-content\/uploads\/2014\/08\/carri\u00e8re-1024x778.jpg\" alt=\"carri\u00e8re\" class=\"wp-image-1004\" srcset=\"https:\/\/topette.net\/wp-content\/uploads\/2014\/08\/carri\u00e8re-1024x778.jpg 1024w, https:\/\/topette.net\/wp-content\/uploads\/2014\/08\/carri\u00e8re-300x228.jpg 300w, https:\/\/topette.net\/wp-content\/uploads\/2014\/08\/carri\u00e8re-624x474.jpg 624w, https:\/\/topette.net\/wp-content\/uploads\/2014\/08\/carri\u00e8re.jpg 1200w\" sizes=\"auto, (max-width: 709px) 85vw, (max-width: 909px) 67vw, (max-width: 1362px) 62vw, 840px\" \/><\/a><\/figure>\n\n\n\n<p><\/p>\n\n\n\n<p>On ne sait pas non plus pourquoi on arr\u00eata la fabrication des Moa\u00ef, plusieurs th\u00e9ories \u00e9tant \u00e9voqu\u00e9es (guerre, \u00e9v\u00e8nement climatique, \u00e9pid\u00e9mie,\u00a0d\u00e9forestation massive&#8230;), ce qui aurait g\u00e9n\u00e9r\u00e9 une perte de croyance dans le pouvoir des statues.\u00a0<\/p>\n\n\n\n<figure class=\"wp-block-image size-large\"><a href=\"https:\/\/topette.net\/wp-content\/uploads\/2014\/08\/moa\u00ef-carri\u00e8re.jpg\"><img loading=\"lazy\" decoding=\"async\" width=\"768\" height=\"1024\" src=\"https:\/\/topette.net\/wp-content\/uploads\/2014\/08\/moa\u00ef-carri\u00e8re-768x1024.jpg\" alt=\"moa\u00ef carri\u00e8re\" class=\"wp-image-1006\" srcset=\"https:\/\/topette.net\/wp-content\/uploads\/2014\/08\/moa\u00ef-carri\u00e8re-768x1024.jpg 768w, https:\/\/topette.net\/wp-content\/uploads\/2014\/08\/moa\u00ef-carri\u00e8re-225x300.jpg 225w, https:\/\/topette.net\/wp-content\/uploads\/2014\/08\/moa\u00ef-carri\u00e8re-624x832.jpg 624w, https:\/\/topette.net\/wp-content\/uploads\/2014\/08\/moa\u00ef-carri\u00e8re.jpg 1200w\" sizes=\"auto, (max-width: 709px) 85vw, (max-width: 909px) 67vw, (max-width: 984px) 61vw, (max-width: 1362px) 45vw, 600px\" \/><\/a><\/figure>\n\n\n\n<p><\/p>\n\n\n\n<p>Ce culte des Moai fut alors remplac\u00e9 par celui de l&#8217;homme oiseau. Une fois par an quelques jeunes descendaient une falaise au village c\u00e9r\u00e9moniel d&#8217;Orongo et allaient \u00e0 la nage sur le motu nui (\u00e0 2 km du rivage) dans un oc\u00e9an infest\u00e9 de requins. Une fois l\u00e0, ils attendaient des jours et parfois des semaines en s&#8217;abritant dans des grottes que les hirondelles de mer viennent pondre comme tous les ans au printemps.<\/p>\n\n\n\n<figure class=\"wp-block-image size-large\"><a href=\"https:\/\/topette.net\/wp-content\/uploads\/2014\/08\/Orongo.jpg\"><img loading=\"lazy\" decoding=\"async\" width=\"1024\" height=\"399\" src=\"https:\/\/topette.net\/wp-content\/uploads\/2014\/08\/Orongo-1024x399.jpg\" alt=\"Orongo\" class=\"wp-image-1007\" srcset=\"https:\/\/topette.net\/wp-content\/uploads\/2014\/08\/Orongo-1024x399.jpg 1024w, https:\/\/topette.net\/wp-content\/uploads\/2014\/08\/Orongo-300x117.jpg 300w, https:\/\/topette.net\/wp-content\/uploads\/2014\/08\/Orongo-624x243.jpg 624w, https:\/\/topette.net\/wp-content\/uploads\/2014\/08\/Orongo.jpg 1200w\" sizes=\"auto, (max-width: 709px) 85vw, (max-width: 909px) 67vw, (max-width: 1362px) 62vw, 840px\" \/><\/a><\/figure>\n\n\n\n<p><\/p>\n\n\n\n<p>Le premier d&#8217;entre eux qui ramenait un oeuf intact en haut de la falaise (300 m de haut quand m\u00eame !),\u00a0ou le chef qu&#8217;il repr\u00e9sentait, \u00e9tait d\u00e9clar\u00e9 &#8220;homme-oiseau&#8221; pour une dur\u00e9e d&#8217;un an et \u00e9tait l&#8217;interlocuteur entre les dieux et les hommes.<\/p>\n\n\n\n<p>Plein de l\u00e9gendes et de myst\u00e8res qui rendent Rapa Nui envoutante et qui en feront un point fort de notre voyage.<\/p>\n\n\n\n<p>En attendant l&#8217;avion qui&nbsp;l&#8217;emm\u00e8ne vers Tahiti, la team \u00e0 pris un peu de repos &#8230;&#8230;&#8230;<\/p>\n\n\n\n<figure class=\"wp-block-image size-full\"><a href=\"https:\/\/topette.net\/wp-content\/uploads\/2014\/08\/P1030611.jpg\"><img loading=\"lazy\" decoding=\"async\" width=\"700\" height=\"525\" src=\"https:\/\/topette.net\/wp-content\/uploads\/2014\/08\/P1030611.jpg\" alt=\"\" class=\"wp-image-1011\" srcset=\"https:\/\/topette.net\/wp-content\/uploads\/2014\/08\/P1030611.jpg 700w, https:\/\/topette.net\/wp-content\/uploads\/2014\/08\/P1030611-300x225.jpg 300w, https:\/\/topette.net\/wp-content\/uploads\/2014\/08\/P1030611-624x468.jpg 624w\" sizes=\"auto, (max-width: 709px) 85vw, (max-width: 909px) 67vw, (max-width: 984px) 61vw, (max-width: 1362px) 45vw, 600px\" \/><\/a><\/figure>\n\n\n\n<p><\/p>\n\n\n\n<p>Est all\u00e9e admirer le coucher de soleil sur les Moa\u00ef &#8230;&#8230;&#8230;<\/p>\n\n\n\n<figure class=\"wp-block-image size-full\"><a href=\"https:\/\/topette.net\/wp-content\/uploads\/2014\/08\/P1030497.jpg\"><img loading=\"lazy\" decoding=\"async\" width=\"700\" height=\"525\" src=\"https:\/\/topette.net\/wp-content\/uploads\/2014\/08\/P1030497.jpg\" alt=\"\" class=\"wp-image-1010\" srcset=\"https:\/\/topette.net\/wp-content\/uploads\/2014\/08\/P1030497.jpg 700w, https:\/\/topette.net\/wp-content\/uploads\/2014\/08\/P1030497-300x225.jpg 300w, https:\/\/topette.net\/wp-content\/uploads\/2014\/08\/P1030497-624x468.jpg 624w\" sizes=\"auto, (max-width: 709px) 85vw, (max-width: 909px) 67vw, (max-width: 984px) 61vw, (max-width: 1362px) 45vw, 600px\" \/><\/a><\/figure>\n\n\n\n<p><\/p>\n\n\n\n<p>Ca la changeait de celui qu&#8217;elle pouvait admirer de son lit (qu&#8217;on vous met quand m\u00eame, juste pour le plaisir &#8230;..)<\/p>\n\n\n\n<figure class=\"wp-block-image size-large\"><a href=\"https:\/\/topette.net\/wp-content\/uploads\/2014\/08\/P1030135.jpg\"><img loading=\"lazy\" decoding=\"async\" width=\"1024\" height=\"768\" src=\"https:\/\/topette.net\/wp-content\/uploads\/2014\/08\/P1030135-1024x768.jpg\" alt=\"\" class=\"wp-image-1009\" srcset=\"https:\/\/topette.net\/wp-content\/uploads\/2014\/08\/P1030135-1024x768.jpg 1024w, https:\/\/topette.net\/wp-content\/uploads\/2014\/08\/P1030135-300x225.jpg 300w, https:\/\/topette.net\/wp-content\/uploads\/2014\/08\/P1030135-624x468.jpg 624w, https:\/\/topette.net\/wp-content\/uploads\/2014\/08\/P1030135.jpg 1200w\" sizes=\"auto, (max-width: 709px) 85vw, (max-width: 909px) 67vw, (max-width: 1362px) 62vw, 840px\" \/><\/a><\/figure>\n\n\n\n<p><\/p>\n\n\n\n<p>L&#8217;\u00eele de P\u00e2ques est maintenant derri\u00e8re nous car nous sommes arriv\u00e9s depuis 4 jours \u00e0 Tahiti. Nous n&#8217;avons pas pour autant retrouv\u00e9 une connexion internet digne de ce nom (la preuve nous \u00e9crivons cet article sur le terrasse du Mc Donald&#8217;s de Papeete&#8230;.) par contre la temp\u00e9rature \u00e9tant beaucoup plus cl\u00e9mente, re-bonjour les tongs et le bermuda !<\/p>\n\n\n\n<p>Allez, Topette !<\/p>\n","protected":false},"excerpt":{"rendered":"<p>C&#8217;est l&#8217;\u00eele la plus isol\u00e9e du monde, perdue au milieu du Pacifique sud, 3700 km du Chili, 4000 km de Tahiti, une surface de 16628 hectares, 5800 habitants et pourtant tout le monde la conna\u00eet sous le nom issu du jour de sa d\u00e9couverte, Rapa Nui c&#8217;est en fait l&#8217;\u00eele de P\u00e2ques. Politiquement l&#8217;\u00eele de &hellip; <a href=\"https:\/\/topette.net\/?p=997\" class=\"more-link\">Continuer la lecture<span class=\"screen-reader-text\"> de &laquo;&nbsp;Rapa Nui, l&#8217;\u00eele myst\u00e9rieuse&nbsp;&raquo;<\/span><\/a><\/p>\n","protected":false},"author":2,"featured_media":0,"comment_status":"open","ping_status":"closed","sticky":false,"template":"","format":"standard","meta":{"_s2mail":"yes","footnotes":""},"categories":[24,82],"tags":[],"class_list":["post-997","post","type-post","status-publish","format-standard","hentry","category-carnet_de_route_ile_de_paques","category-tour-du-monde"],"_links":{"self":[{"href":"https:\/\/topette.net\/index.php?rest_route=\/wp\/v2\/posts\/997","targetHints":{"allow":["GET"]}}],"collection":[{"href":"https:\/\/topette.net\/index.php?rest_route=\/wp\/v2\/posts"}],"about":[{"href":"https:\/\/topette.net\/index.php?rest_route=\/wp\/v2\/types\/post"}],"author":[{"embeddable":true,"href":"https:\/\/topette.net\/index.php?rest_route=\/wp\/v2\/users\/2"}],"replies":[{"embeddable":true,"href":"https:\/\/topette.net\/index.php?rest_route=%2Fwp%2Fv2%2Fcomments&post=997"}],"version-history":[{"count":0,"href":"https:\/\/topette.net\/index.php?rest_route=\/wp\/v2\/posts\/997\/revisions"}],"wp:attachment":[{"href":"https:\/\/topette.net\/index.php?rest_route=%2Fwp%2Fv2%2Fmedia&parent=997"}],"wp:term":[{"taxonomy":"category","embeddable":true,"href":"https:\/\/topette.net\/index.php?rest_route=%2Fwp%2Fv2%2Fcategories&post=997"},{"taxonomy":"post_tag","embeddable":true,"href":"https:\/\/topette.net\/index.php?rest_route=%2Fwp%2Fv2%2Ftags&post=997"}],"curies":[{"name":"wp","href":"https:\/\/api.w.org\/{rel}","templated":true}]}}